{"id":5535,"date":"2026-09-03T08:44:51","date_gmt":"2026-09-03T08:44:51","guid":{"rendered":"https:\/\/buergerbus-steinfurt.de\/?p=5535"},"modified":"2026-09-03T21:12:36","modified_gmt":"2026-09-03T21:12:36","slug":"haus-der-geschichte-in-bonn-besucht","status":"publish","type":"post","link":"https:\/\/buergerbus-steinfurt.de\/?p=5535","title":{"rendered":"Haus der Geschichte in Bonn besucht"},"content":{"rendered":"<p><a href=\"https:\/\/buergerbus-steinfurt.de\/wp-content\/uploads\/2026\/09\/IMG_7585-scaled.jpeg\"><img loading=\"lazy\" decoding=\"async\" src=\"https:\/\/buergerbus-steinfurt.de\/wp-content\/uploads\/2026\/09\/IMG_7585-150x150.jpeg\" alt=\"\" width=\"150\" height=\"150\" class=\"alignnone size-thumbnail wp-image-5542\" \/><\/a><\/p>\n<blockquote><p><a href=\"https:\/\/buergerbus-steinfurt.de\/?attachment_id=5537\" rel=\"attachment wp-att-5537\"><br \/>\n<img loading=\"lazy\" decoding=\"async\" class=\"wp-image-5537 size-full alignright\" src=\"https:\/\/buergerbus-steinfurt.de\/wp-content\/uploads\/2026\/09\/IMG_7562-scaled.jpeg\" alt=\"\" width=\"2560\" height=\"1920\" srcset=\"https:\/\/buergerbus-steinfurt.de\/wp-content\/uploads\/2026\/09\/IMG_7562-scaled.jpeg 2560w, https:\/\/buergerbus-steinfurt.de\/wp-content\/uploads\/2026\/09\/IMG_7562-300x225.jpeg 300w, https:\/\/buergerbus-steinfurt.de\/wp-content\/uploads\/2026\/09\/IMG_7562-1024x768.jpeg 1024w, https:\/\/buergerbus-steinfurt.de\/wp-content\/uploads\/2026\/09\/IMG_7562-768x576.jpeg 768w, https:\/\/buergerbus-steinfurt.de\/wp-content\/uploads\/2026\/09\/IMG_7562-1536x1152.jpeg 1536w, https:\/\/buergerbus-steinfurt.de\/wp-content\/uploads\/2026\/09\/IMG_7562-2048x1536.jpeg 2048w\" sizes=\"auto, (max-width: 2560px) 100vw, 2560px\" \/><\/a><\/p><\/blockquote>\n<p><!--more--><\/p>\n<p class=\"s3\"><span class=\"s5\"><span class=\"bumpedFont15\">Steinfurt. <\/span><\/span><span class=\"s4\"><span class=\"bumpedFont15\">Jedes Jahr im September h\u00e4lt der Vorstand des B\u00fcrgerbusvereins f\u00fcr seine Fahrerinnen und Fahrer eine \u00dcberraschung bereit: \u201eDie Fahrt ins Blaue\u201c. Erst beim Start erfahren die Teilnehmer, wohin die Fahrt geht. Diesmal hatte der langj\u00e4hrige Fahrdienstleiter Wilhelm Klaassen das Bundeshaus der Geschichte in Bonn ausgesucht, das er zusammen mit Vorsitzendem Werner Sundermann bei Antritt der Fahrt<\/span><\/span><span class=\"s4\"><span class=\"bumpedFont15\"> als Ziel<\/span><\/span><span class=\"s4\"><span class=\"bumpedFont15\">bekannt gab.<\/span><\/span><\/p>\n<p class=\"s3\"><span class=\"s4\"><span class=\"bumpedFont15\">Nach Ankunft in Bonn wurden zwei Gruppen gebildet, die im Wechsel zum einen die Ausstellung \u201eUnser Grungesetz\u201c im Bundesrat als<\/span><\/span><span class=\"s4\"><span class=\"bumpedFont15\"> Thema<\/span><\/span><span class=\"s4\"><span class=\"bumpedFont15\"> hatte, zum anderen die Dauerausstellung<\/span><\/span><span class=\"s4\"><span class=\"bumpedFont15\"> im Haupthaus<\/span><\/span><span class=\"s4\"><span class=\"bumpedFont15\"> mit dem Titel \u201eDu bist Teil der Geschichte\u201c umfasste.<\/span><\/span><\/p>\n<p class=\"s3\"><span class=\"s4\"><span class=\"bumpedFont15\">Viele Geschichten enth\u00e4lt die Grungesetz-Entstehung, die in Text und Bild <\/span><\/span><span class=\"s4\"><span class=\"bumpedFont15\">pr\u00e4sentiert<\/span><\/span><span class=\"s4\"><span class=\"bumpedFont15\">wurde<\/span><\/span><span class=\"s4\"><span class=\"bumpedFont15\">n<\/span><\/span><span class=\"s4\"><span class=\"bumpedFont15\">,<\/span><\/span> <span class=\"s4\"><span class=\"bumpedFont15\">bevor<\/span><\/span><span class=\"s4\"><span class=\"bumpedFont15\"> es in<\/span><\/span><span class=\"s4\"><span class=\"bumpedFont15\"> den Saal ging, in dem von 1949 bis 2000 der Bundesrat getagt hatte<\/span><\/span><\/p>\n<p class=\"s3\"><span class=\"s4\"><span class=\"bumpedFont15\">Nach einem st\u00e4rkenden Mittagsessen fand der Gruppenwechsel statt. Auf drei Etagen ist die Dauerausstellung unter dem Titel \u201eDu bist Teil der Geschichte\u201c zuhause, <\/span><\/span><span class=\"s4\"><span class=\"bumpedFont15\">der der j\u00fcngeren Zeitgeschichte seit den 1990er-Jahren deutlich mehr Raum, einr\u00e4umt. Neue <\/span><\/span><span class=\"s4\"><span class=\"bumpedFont15\">Schwerpunkte<\/span><\/span><span class=\"s4\"><span class=\"bumpedFont15\"> sind unter anderem Migration, Digitalisierung, Klimawandel und die Corona-Pandemie. Inzwischen geh\u00f6rt aus der russische Angriffskrieg gegen die Ukraine und dessen Auswirkungen auf Deutschland dazu. <\/span><\/span><\/p>\n<p class=\"s3\"><span class=\"s4\"><span class=\"bumpedFont15\">Zum Abschluss des<\/span><\/span><span class=\"s4\"><span class=\"bumpedFont15\"> gelungenen Besuchs<\/span><\/span><span class=\"s4\"><span class=\"bumpedFont15\"> wurde noch das obligatorische Gruppenbild gemacht.<\/span><\/span><\/p>\n<p class=\"s3\"><span class=\"s4\"><span class=\"bumpedFont15\">Abschluss der \u201eFahrt ins Blaue\u201c war das Gruppenbild des B\u00fcrgerbusvereins Steinfurt im \u201eHaus der Geschichte\u201c in Bonn<\/span><\/span><\/p>\n","protected":false},"excerpt":{"rendered":"","protected":false},"author":3,"featured_media":5547,"comment_status":"closed","ping_status":"closed","sticky":false,"template":"","format":"standard","meta":{"footnotes":""},"categories":[1],"tags":[],"class_list":["post-5535","post","type-post","status-publish","format-standard","has-post-thumbnail","hentry","category-uncategorized"],"yoast_head":"<!-- This site is optimized with the Yoast SEO plugin v28.4 - https:\/\/yoast.com\/product\/yoast-seo-wordpress\/ -->\n<title>Haus der Geschichte in Bonn besucht - B\u00fcrgerbus Steinfurt %<\/title>\n<meta name=\"robots\" content=\"index, follow, max-snippet:-1, max-image-preview:large, max-video-preview:-1\" \/>\n<link rel=\"canonical\" href=\"https:\/\/buergerbus-steinfurt.de\/?p=5535\" \/>\n<meta property=\"og:locale\" content=\"de_DE\" \/>\n<meta property=\"og:type\" content=\"article\" \/>\n<meta property=\"og:title\" content=\"Haus der Geschichte in Bonn besucht - B\u00fcrgerbus Steinfurt %\" \/>\n<meta property=\"og:url\" content=\"https:\/\/buergerbus-steinfurt.de\/?p=5535\" \/>\n<meta property=\"og:site_name\" content=\"B\u00fcrgerbus Steinfurt\" \/>\n<meta property=\"article:published_time\" content=\"2026-09-03T08:44:51+00:00\" \/>\n<meta property=\"article:modified_time\" content=\"2026-09-03T21:12:36+00:00\" \/>\n<meta property=\"og:image\" content=\"https:\/\/buergerbus-steinfurt.de\/wp-content\/uploads\/2026\/09\/IMG_7585-2-scaled.jpeg\" \/>\n\t<meta property=\"og:image:width\" content=\"2560\" \/>\n\t<meta property=\"og:image:height\" content=\"1920\" \/>\n\t<meta property=\"og:image:type\" content=\"image\/jpeg\" \/>\n<meta name=\"author\" content=\"Reimar Bage\" \/>\n<meta name=\"twitter:card\" content=\"summary_large_image\" \/>\n<meta name=\"twitter:label1\" content=\"Verfasst von\" \/>\n\t<meta name=\"twitter:data1\" content=\"Reimar Bage\" \/>\n\t<meta name=\"twitter:label2\" content=\"Gesch\u00e4tzte Lesezeit\" \/>\n\t<meta name=\"twitter:data2\" content=\"1\u00a0Minute\" \/>\n<script type=\"application\/ld+json\" class=\"yoast-schema-graph\">{\"@context\":\"https:\\\/\\\/schema.org\",\"@graph\":[{\"@type\":\"Article\",\"@id\":\"https:\\\/\\\/buergerbus-steinfurt.de\\\/?p=5535#article\",\"isPartOf\":{\"@id\":\"https:\\\/\\\/buergerbus-steinfurt.de\\\/?p=5535\"},\"author\":{\"name\":\"Reimar Bage\",\"@id\":\"https:\\\/\\\/buergerbus-steinfurt.de\\\/#\\\/schema\\\/person\\\/d0df83117f05647dd427e2cec47c2195\"},\"headline\":\"Haus der Geschichte in Bonn besucht\",\"datePublished\":\"2026-09-03T08:44:51+00:00\",\"dateModified\":\"2026-09-03T21:12:36+00:00\",\"mainEntityOfPage\":{\"@id\":\"https:\\\/\\\/buergerbus-steinfurt.de\\\/?p=5535\"},\"wordCount\":230,\"publisher\":{\"@id\":\"https:\\\/\\\/buergerbus-steinfurt.de\\\/#organization\"},\"image\":{\"@id\":\"https:\\\/\\\/buergerbus-steinfurt.de\\\/?p=5535#primaryimage\"},\"thumbnailUrl\":\"https:\\\/\\\/buergerbus-steinfurt.de\\\/wp-content\\\/uploads\\\/2026\\\/09\\\/IMG_7585-2-scaled.jpeg\",\"articleSection\":[\"Uncategorized\"],\"inLanguage\":\"de\"},{\"@type\":\"WebPage\",\"@id\":\"https:\\\/\\\/buergerbus-steinfurt.de\\\/?p=5535\",\"url\":\"https:\\\/\\\/buergerbus-steinfurt.de\\\/?p=5535\",\"name\":\"Haus der Geschichte in Bonn besucht - B\u00fcrgerbus Steinfurt %\",\"isPartOf\":{\"@id\":\"https:\\\/\\\/buergerbus-steinfurt.de\\\/#website\"},\"primaryImageOfPage\":{\"@id\":\"https:\\\/\\\/buergerbus-steinfurt.de\\\/?p=5535#primaryimage\"},\"image\":{\"@id\":\"https:\\\/\\\/buergerbus-steinfurt.de\\\/?p=5535#primaryimage\"},\"thumbnailUrl\":\"https:\\\/\\\/buergerbus-steinfurt.de\\\/wp-content\\\/uploads\\\/2026\\\/09\\\/IMG_7585-2-scaled.jpeg\",\"datePublished\":\"2026-09-03T08:44:51+00:00\",\"dateModified\":\"2026-09-03T21:12:36+00:00\",\"breadcrumb\":{\"@id\":\"https:\\\/\\\/buergerbus-steinfurt.de\\\/?p=5535#breadcrumb\"},\"inLanguage\":\"de\",\"potentialAction\":[{\"@type\":\"ReadAction\",\"target\":[\"https:\\\/\\\/buergerbus-steinfurt.de\\\/?p=5535\"]}]},{\"@type\":\"ImageObject\",\"inLanguage\":\"de\",\"@id\":\"https:\\\/\\\/buergerbus-steinfurt.de\\\/?p=5535#primaryimage\",\"url\":\"https:\\\/\\\/buergerbus-steinfurt.de\\\/wp-content\\\/uploads\\\/2026\\\/09\\\/IMG_7585-2-scaled.jpeg\",\"contentUrl\":\"https:\\\/\\\/buergerbus-steinfurt.de\\\/wp-content\\\/uploads\\\/2026\\\/09\\\/IMG_7585-2-scaled.jpeg\",\"width\":2560,\"height\":1920},{\"@type\":\"BreadcrumbList\",\"@id\":\"https:\\\/\\\/buergerbus-steinfurt.de\\\/?p=5535#breadcrumb\",\"itemListElement\":[{\"@type\":\"ListItem\",\"position\":1,\"name\":\"Startseite\",\"item\":\"https:\\\/\\\/buergerbus-steinfurt.de\\\/\"},{\"@type\":\"ListItem\",\"position\":2,\"name\":\"Haus der Geschichte in Bonn besucht\"}]},{\"@type\":\"WebSite\",\"@id\":\"https:\\\/\\\/buergerbus-steinfurt.de\\\/#website\",\"url\":\"https:\\\/\\\/buergerbus-steinfurt.de\\\/\",\"name\":\"B\u00dcRGERBUS STEINFURT\",\"description\":\"\",\"publisher\":{\"@id\":\"https:\\\/\\\/buergerbus-steinfurt.de\\\/#organization\"},\"potentialAction\":[{\"@type\":\"SearchAction\",\"target\":{\"@type\":\"EntryPoint\",\"urlTemplate\":\"https:\\\/\\\/buergerbus-steinfurt.de\\\/?s={search_term_string}\"},\"query-input\":{\"@type\":\"PropertyValueSpecification\",\"valueRequired\":true,\"valueName\":\"search_term_string\"}}],\"inLanguage\":\"de\"},{\"@type\":\"Organization\",\"@id\":\"https:\\\/\\\/buergerbus-steinfurt.de\\\/#organization\",\"name\":\"B\u00fcrgerbus Steinfurt e.V.\",\"url\":\"https:\\\/\\\/buergerbus-steinfurt.de\\\/\",\"logo\":{\"@type\":\"ImageObject\",\"inLanguage\":\"de\",\"@id\":\"https:\\\/\\\/buergerbus-steinfurt.de\\\/#\\\/schema\\\/logo\\\/image\\\/\",\"url\":\"https:\\\/\\\/buergerbus-steinfurt.de\\\/wp-content\\\/uploads\\\/2022\\\/08\\\/2bb-steinfurt-logo-neu.png\",\"contentUrl\":\"https:\\\/\\\/buergerbus-steinfurt.de\\\/wp-content\\\/uploads\\\/2022\\\/08\\\/2bb-steinfurt-logo-neu.png\",\"width\":293,\"height\":75,\"caption\":\"B\u00fcrgerbus Steinfurt e.V.\"},\"image\":{\"@id\":\"https:\\\/\\\/buergerbus-steinfurt.de\\\/#\\\/schema\\\/logo\\\/image\\\/\"}},{\"@type\":\"Person\",\"@id\":\"https:\\\/\\\/buergerbus-steinfurt.de\\\/#\\\/schema\\\/person\\\/d0df83117f05647dd427e2cec47c2195\",\"name\":\"Reimar Bage\",\"image\":{\"@type\":\"ImageObject\",\"inLanguage\":\"de\",\"@id\":\"https:\\\/\\\/secure.gravatar.com\\\/avatar\\\/39763b5f1cf57f5fba11a8cef91d12bcd5b654814054b4c246daa1f3737f8a35?s=96&d=mm&r=g\",\"url\":\"https:\\\/\\\/secure.gravatar.com\\\/avatar\\\/39763b5f1cf57f5fba11a8cef91d12bcd5b654814054b4c246daa1f3737f8a35?s=96&d=mm&r=g\",\"contentUrl\":\"https:\\\/\\\/secure.gravatar.com\\\/avatar\\\/39763b5f1cf57f5fba11a8cef91d12bcd5b654814054b4c246daa1f3737f8a35?s=96&d=mm&r=g\",\"caption\":\"Reimar Bage\"},\"url\":\"https:\\\/\\\/buergerbus-steinfurt.de\\\/?author=3\"}]}<\/script>\n<!-- \/ Yoast SEO plugin. -->","yoast_head_json":{"title":"Haus der Geschichte in Bonn besucht - B\u00fcrgerbus Steinfurt %","robots":{"index":"index","follow":"follow","max-snippet":"max-snippet:-1","max-image-preview":"max-image-preview:large","max-video-preview":"max-video-preview:-1"},"canonical":"https:\/\/buergerbus-steinfurt.de\/?p=5535","og_locale":"de_DE","og_type":"article","og_title":"Haus der Geschichte in Bonn besucht - B\u00fcrgerbus Steinfurt %","og_url":"https:\/\/buergerbus-steinfurt.de\/?p=5535","og_site_name":"B\u00fcrgerbus Steinfurt","article_published_time":"2026-09-03T08:44:51+00:00","article_modified_time":"2026-09-03T21:12:36+00:00","og_image":[{"width":2560,"height":1920,"url":"https:\/\/buergerbus-steinfurt.de\/wp-content\/uploads\/2026\/09\/IMG_7585-2-scaled.jpeg","type":"image\/jpeg"}],"author":"Reimar Bage","twitter_card":"summary_large_image","twitter_misc":{"Verfasst von":"Reimar Bage","Gesch\u00e4tzte Lesezeit":"1\u00a0Minute"},"schema":{"@context":"https:\/\/schema.org","@graph":[{"@type":"Article","@id":"https:\/\/buergerbus-steinfurt.de\/?p=5535#article","isPartOf":{"@id":"https:\/\/buergerbus-steinfurt.de\/?p=5535"},"author":{"name":"Reimar Bage","@id":"https:\/\/buergerbus-steinfurt.de\/#\/schema\/person\/d0df83117f05647dd427e2cec47c2195"},"headline":"Haus der Geschichte in Bonn besucht","datePublished":"2026-09-03T08:44:51+00:00","dateModified":"2026-09-03T21:12:36+00:00","mainEntityOfPage":{"@id":"https:\/\/buergerbus-steinfurt.de\/?p=5535"},"wordCount":230,"publisher":{"@id":"https:\/\/buergerbus-steinfurt.de\/#organization"},"image":{"@id":"https:\/\/buergerbus-steinfurt.de\/?p=5535#primaryimage"},"thumbnailUrl":"https:\/\/buergerbus-steinfurt.de\/wp-content\/uploads\/2026\/09\/IMG_7585-2-scaled.jpeg","articleSection":["Uncategorized"],"inLanguage":"de"},{"@type":"WebPage","@id":"https:\/\/buergerbus-steinfurt.de\/?p=5535","url":"https:\/\/buergerbus-steinfurt.de\/?p=5535","name":"Haus der Geschichte in Bonn besucht - B\u00fcrgerbus Steinfurt %","isPartOf":{"@id":"https:\/\/buergerbus-steinfurt.de\/#website"},"primaryImageOfPage":{"@id":"https:\/\/buergerbus-steinfurt.de\/?p=5535#primaryimage"},"image":{"@id":"https:\/\/buergerbus-steinfurt.de\/?p=5535#primaryimage"},"thumbnailUrl":"https:\/\/buergerbus-steinfurt.de\/wp-content\/uploads\/2026\/09\/IMG_7585-2-scaled.jpeg","datePublished":"2026-09-03T08:44:51+00:00","dateModified":"2026-09-03T21:12:36+00:00","breadcrumb":{"@id":"https:\/\/buergerbus-steinfurt.de\/?p=5535#breadcrumb"},"inLanguage":"de","potentialAction":[{"@type":"ReadAction","target":["https:\/\/buergerbus-steinfurt.de\/?p=5535"]}]},{"@type":"ImageObject","inLanguage":"de","@id":"https:\/\/buergerbus-steinfurt.de\/?p=5535#primaryimage","url":"https:\/\/buergerbus-steinfurt.de\/wp-content\/uploads\/2026\/09\/IMG_7585-2-scaled.jpeg","contentUrl":"https:\/\/buergerbus-steinfurt.de\/wp-content\/uploads\/2026\/09\/IMG_7585-2-scaled.jpeg","width":2560,"height":1920},{"@type":"BreadcrumbList","@id":"https:\/\/buergerbus-steinfurt.de\/?p=5535#breadcrumb","itemListElement":[{"@type":"ListItem","position":1,"name":"Startseite","item":"https:\/\/buergerbus-steinfurt.de\/"},{"@type":"ListItem","position":2,"name":"Haus der Geschichte in Bonn besucht"}]},{"@type":"WebSite","@id":"https:\/\/buergerbus-steinfurt.de\/#website","url":"https:\/\/buergerbus-steinfurt.de\/","name":"B\u00dcRGERBUS STEINFURT","description":"","publisher":{"@id":"https:\/\/buergerbus-steinfurt.de\/#organization"},"potentialAction":[{"@type":"SearchAction","target":{"@type":"EntryPoint","urlTemplate":"https:\/\/buergerbus-steinfurt.de\/?s={search_term_string}"},"query-input":{"@type":"PropertyValueSpecification","valueRequired":true,"valueName":"search_term_string"}}],"inLanguage":"de"},{"@type":"Organization","@id":"https:\/\/buergerbus-steinfurt.de\/#organization","name":"B\u00fcrgerbus Steinfurt e.V.","url":"https:\/\/buergerbus-steinfurt.de\/","logo":{"@type":"ImageObject","inLanguage":"de","@id":"https:\/\/buergerbus-steinfurt.de\/#\/schema\/logo\/image\/","url":"https:\/\/buergerbus-steinfurt.de\/wp-content\/uploads\/2022\/08\/2bb-steinfurt-logo-neu.png","contentUrl":"https:\/\/buergerbus-steinfurt.de\/wp-content\/uploads\/2022\/08\/2bb-steinfurt-logo-neu.png","width":293,"height":75,"caption":"B\u00fcrgerbus Steinfurt e.V."},"image":{"@id":"https:\/\/buergerbus-steinfurt.de\/#\/schema\/logo\/image\/"}},{"@type":"Person","@id":"https:\/\/buergerbus-steinfurt.de\/#\/schema\/person\/d0df83117f05647dd427e2cec47c2195","name":"Reimar Bage","image":{"@type":"ImageObject","inLanguage":"de","@id":"https:\/\/secure.gravatar.com\/avatar\/39763b5f1cf57f5fba11a8cef91d12bcd5b654814054b4c246daa1f3737f8a35?s=96&d=mm&r=g","url":"https:\/\/secure.gravatar.com\/avatar\/39763b5f1cf57f5fba11a8cef91d12bcd5b654814054b4c246daa1f3737f8a35?s=96&d=mm&r=g","contentUrl":"https:\/\/secure.gravatar.com\/avatar\/39763b5f1cf57f5fba11a8cef91d12bcd5b654814054b4c246daa1f3737f8a35?s=96&d=mm&r=g","caption":"Reimar Bage"},"url":"https:\/\/buergerbus-steinfurt.de\/?author=3"}]}},"_links":{"self":[{"href":"https:\/\/buergerbus-steinfurt.de\/index.php?rest_route=\/wp\/v2\/posts\/5535","targetHints":{"allow":["GET"]}}],"collection":[{"href":"https:\/\/buergerbus-steinfurt.de\/index.php?rest_route=\/wp\/v2\/posts"}],"about":[{"href":"https:\/\/buergerbus-steinfurt.de\/index.php?rest_route=\/wp\/v2\/types\/post"}],"author":[{"embeddable":true,"href":"https:\/\/buergerbus-steinfurt.de\/index.php?rest_route=\/wp\/v2\/users\/3"}],"replies":[{"embeddable":true,"href":"https:\/\/buergerbus-steinfurt.de\/index.php?rest_route=%2Fwp%2Fv2%2Fcomments&post=5535"}],"version-history":[{"count":7,"href":"https:\/\/buergerbus-steinfurt.de\/index.php?rest_route=\/wp\/v2\/posts\/5535\/revisions"}],"predecessor-version":[{"id":5555,"href":"https:\/\/buergerbus-steinfurt.de\/index.php?rest_route=\/wp\/v2\/posts\/5535\/revisions\/5555"}],"wp:featuredmedia":[{"embeddable":true,"href":"https:\/\/buergerbus-steinfurt.de\/index.php?rest_route=\/wp\/v2\/media\/5547"}],"wp:attachment":[{"href":"https:\/\/buergerbus-steinfurt.de\/index.php?rest_route=%2Fwp%2Fv2%2Fmedia&parent=5535"}],"wp:term":[{"taxonomy":"category","embeddable":true,"href":"https:\/\/buergerbus-steinfurt.de\/index.php?rest_route=%2Fwp%2Fv2%2Fcategories&post=5535"},{"taxonomy":"post_tag","embeddable":true,"href":"https:\/\/buergerbus-steinfurt.de\/index.php?rest_route=%2Fwp%2Fv2%2Ftags&post=5535"}],"curies":[{"name":"wp","href":"https:\/\/api.w.org\/{rel}","templated":true}]}}