{"id":5230,"date":"2025-12-05T18:15:19","date_gmt":"2025-12-05T18:15:19","guid":{"rendered":"https:\/\/buergerbus-steinfurt.de\/?p=5230"},"modified":"2025-12-05T18:31:09","modified_gmt":"2025-12-05T18:31:09","slug":"fahrplan-2026-an-buergermeister-franke-ueberreicht","status":"publish","type":"post","link":"https:\/\/buergerbus-steinfurt.de\/?p=5230","title":{"rendered":"Fahrplan 2026 an B\u00fcrgermeister Franke \u00fcberreicht"},"content":{"rendered":"<p><a href=\"https:\/\/buergerbus-steinfurt.de\/?attachment_id=5241\" rel=\"attachment wp-att-5241\"><img loading=\"lazy\" decoding=\"async\" class=\"aligncenter wp-image-5241 size-full\" src=\"https:\/\/buergerbus-steinfurt.de\/wp-content\/uploads\/2025\/12\/WhatsApp-Bild-2025-12-05-um-18.49.11_2c31ed51.jpg\" alt=\"\" width=\"1580\" height=\"1600\" srcset=\"https:\/\/buergerbus-steinfurt.de\/wp-content\/uploads\/2025\/12\/WhatsApp-Bild-2025-12-05-um-18.49.11_2c31ed51.jpg 1580w, https:\/\/buergerbus-steinfurt.de\/wp-content\/uploads\/2025\/12\/WhatsApp-Bild-2025-12-05-um-18.49.11_2c31ed51-296x300.jpg 296w, https:\/\/buergerbus-steinfurt.de\/wp-content\/uploads\/2025\/12\/WhatsApp-Bild-2025-12-05-um-18.49.11_2c31ed51-1011x1024.jpg 1011w, https:\/\/buergerbus-steinfurt.de\/wp-content\/uploads\/2025\/12\/WhatsApp-Bild-2025-12-05-um-18.49.11_2c31ed51-768x778.jpg 768w, https:\/\/buergerbus-steinfurt.de\/wp-content\/uploads\/2025\/12\/WhatsApp-Bild-2025-12-05-um-18.49.11_2c31ed51-1517x1536.jpg 1517w\" sizes=\"auto, (max-width: 1580px) 100vw, 1580px\" \/><\/a><\/p>\n<p><em><strong>Der Vorsitzende Josef Greive (2.v.r) und Fahrdienstleiter Friedhelm Breul (links) haben die ersten Exemplare des frisch gedruckten neuen Fahrplanes 2026 des B\u00fcrgerbus an B\u00fcrgermeister Christian Franke \u00fcbergeben. Rechts im Bild Presseprecher Reimar Bage .<\/strong><\/em><\/p>\n<p>Der neue Fahrplan hat nur wenige \u00c4nderungen im Vergleich zum jetzt noch g\u00fcltigen Fahrplan.2025. Der Grund: Das letzte Jahr 2025 war f\u00fcr den B\u00fcrgerbus \u0160teinfurt das `bisher erfolgreichste. Der seit Juni 2024 eingesetzte Niederflurbus mit breiter Doppelt\u00fcr f\u00fcr\u00a0 einfaches und\u00a0 Aussteigen\u00a0 st\u00f6\u00dft\u00a0 auf\u00a0 gro\u00dfe Zustimmung bei den ahrg\u00e4sten. \u00dcber 16.000 Fahrg\u00e4ste werden bis zum Jahresende 2025 mit dem B\u00fcrgerbus gefahren sein,2.000 mehr als im bisherigen Rekord-Vorjahr 2024.<\/p>\n<p>Ab Januar 2026 gibt es drei kleine \u00c4nderungen:<\/p>\n<p>1.\u00a0 Das Hallenbad in Borghorst wird f\u00fcr eine verbesserte und Abfahrt jetzt bei jeder Tour<br \/>\nzweimal\u00a0 angefahren also 10 mal am Tag, samstags 5mal.<\/p>\n<p>2. Nach der Fahrt durch Burgsteinfurt fahren wir den Bahnhof nur noch einmal statt\u00a0\u00a0 wie bisher zun\u00e4chst einmal an, wie bisher zum EKZ Baumgarten , dann \u00a0aber \u00fcber die neue Haltestelle \u201eAm Ludwigshaus&#8220; direkt zur M\u00fchlenstra\u00dfe und dann nach Borghorst. Die Haltestelle vom Bahnhof kommend \u201eBahnhofstra\u00dfe\/Sparkasse\u201c entf\u00e4llt.<\/p>\n<p>3. Die Haltestelle \u201eGymnasium\/Haselstiege\u201c\u00a0\u00a0 Borghorst fahren wir nicht mehr an. Der Friedhof ist aber \u00fcber die Haltestelle \u201eNordwalder Stra\u00dfe\/Am Haselbusch&#8220; gut zu erreichen. Die beiden letzten \u00c4nderungen verk\u00fcrzen die Fahrstrecke. So soll bei den hohen Fahrgastzahlen die P\u00fcnktlichkeit erhalten bleiben. Die neuen Fahrpl\u00e4ne liegen ab Mitte Dezember in den bekannten Ausgabestellen aus. Nat\u00fcrlich ist der Fahrplan 2026 dann auch im B\u00fcrgerbus erh\u00e4ltlich.<\/p>\n<p>Auf Einladung des Vorsitzenden hat der neue B\u00fcrgermeister schon vor seiner Amtseinf\u00fchrung eine vollst\u00e4ndige zweist\u00fcndige Tour mit dem B\u00fcrgerbus durch Borghorst und Burgsteinfurt unternommen. Er zeigte sich begeistert und postete in seinen sozialen Medien: \u201eGeht es hier um einen Bus? Nein es geht um viel mehr\u201c. Eine weitere positive Nachricht f\u00fcr unsere Fahrg\u00e4ste: 8 neue Fahrer haben sich f\u00fcr diese ehrenamtliche T\u00e4tigkeit gemeldet. Der Fahrdienstleiter Friedhelm Breul ist dabei, sie alle gr\u00fcndlich einzuweisen, damit weiterhin alle Fahrg\u00e4ste sicher ihr Ziel erreichen. Der B\u00fcrgerbus wird also weiterhin durch unsere Stadt rollen&#8230;<\/p>\n","protected":false},"excerpt":{"rendered":"<p>Der Vorsitzende Josef Greive (2.v.r) und Fahrdienstleiter Friedhelm Breul (links) haben die ersten Exemplare des frisch gedruckten neuen Fahrplanes 2026 des B\u00fcrgerbus an B\u00fcrgermeister Christian Franke \u00fcbergeben. Rechts im Bild &#8230;<\/p>\n","protected":false},"author":3,"featured_media":5241,"comment_status":"closed","ping_status":"closed","sticky":false,"template":"","format":"standard","meta":{"footnotes":""},"categories":[1],"tags":[],"class_list":["post-5230","post","type-post","status-publish","format-standard","has-post-thumbnail","hentry","category-uncategorized"],"yoast_head":"<!-- This site is optimized with the Yoast SEO plugin v27.4 - https:\/\/yoast.com\/product\/yoast-seo-wordpress\/ -->\n<title>Fahrplan 2026 an B\u00fcrgermeister Franke \u00fcberreicht - B\u00fcrgerbus Steinfurt %<\/title>\n<meta name=\"robots\" content=\"index, follow, max-snippet:-1, max-image-preview:large, max-video-preview:-1\" \/>\n<link rel=\"canonical\" href=\"https:\/\/buergerbus-steinfurt.de\/?p=5230\" \/>\n<meta property=\"og:locale\" content=\"de_DE\" \/>\n<meta property=\"og:type\" content=\"article\" \/>\n<meta property=\"og:title\" content=\"Fahrplan 2026 an B\u00fcrgermeister Franke \u00fcberreicht - B\u00fcrgerbus Steinfurt %\" \/>\n<meta property=\"og:description\" content=\"Der Vorsitzende Josef Greive (2.v.r) und Fahrdienstleiter Friedhelm Breul (links) haben die ersten Exemplare des frisch gedruckten neuen Fahrplanes 2026 des B\u00fcrgerbus an B\u00fcrgermeister Christian Franke \u00fcbergeben. Rechts im Bild ...\" \/>\n<meta property=\"og:url\" content=\"https:\/\/buergerbus-steinfurt.de\/?p=5230\" \/>\n<meta property=\"og:site_name\" content=\"B\u00fcrgerbus Steinfurt\" \/>\n<meta property=\"article:published_time\" content=\"2025-12-05T18:15:19+00:00\" \/>\n<meta property=\"article:modified_time\" content=\"2025-12-05T18:31:09+00:00\" \/>\n<meta property=\"og:image\" content=\"https:\/\/buergerbus-steinfurt.de\/wp-content\/uploads\/2025\/12\/WhatsApp-Bild-2025-12-05-um-18.49.11_2c31ed51.jpg\" \/>\n\t<meta property=\"og:image:width\" content=\"1580\" \/>\n\t<meta property=\"og:image:height\" content=\"1600\" \/>\n\t<meta property=\"og:image:type\" content=\"image\/jpeg\" \/>\n<meta name=\"author\" content=\"Reimar Bage\" \/>\n<meta name=\"twitter:card\" content=\"summary_large_image\" \/>\n<meta name=\"twitter:label1\" content=\"Verfasst von\" \/>\n\t<meta name=\"twitter:data1\" content=\"Reimar Bage\" \/>\n\t<meta name=\"twitter:label2\" content=\"Gesch\u00e4tzte Lesezeit\" \/>\n\t<meta name=\"twitter:data2\" content=\"2\u00a0Minuten\" \/>\n<script type=\"application\/ld+json\" class=\"yoast-schema-graph\">{\"@context\":\"https:\\\/\\\/schema.org\",\"@graph\":[{\"@type\":\"Article\",\"@id\":\"https:\\\/\\\/buergerbus-steinfurt.de\\\/?p=5230#article\",\"isPartOf\":{\"@id\":\"https:\\\/\\\/buergerbus-steinfurt.de\\\/?p=5230\"},\"author\":{\"name\":\"Reimar Bage\",\"@id\":\"https:\\\/\\\/buergerbus-steinfurt.de\\\/#\\\/schema\\\/person\\\/d0df83117f05647dd427e2cec47c2195\"},\"headline\":\"Fahrplan 2026 an B\u00fcrgermeister Franke \u00fcberreicht\",\"datePublished\":\"2025-12-05T18:15:19+00:00\",\"dateModified\":\"2025-12-05T18:31:09+00:00\",\"mainEntityOfPage\":{\"@id\":\"https:\\\/\\\/buergerbus-steinfurt.de\\\/?p=5230\"},\"wordCount\":364,\"publisher\":{\"@id\":\"https:\\\/\\\/buergerbus-steinfurt.de\\\/#organization\"},\"image\":{\"@id\":\"https:\\\/\\\/buergerbus-steinfurt.de\\\/?p=5230#primaryimage\"},\"thumbnailUrl\":\"https:\\\/\\\/buergerbus-steinfurt.de\\\/wp-content\\\/uploads\\\/2025\\\/12\\\/WhatsApp-Bild-2025-12-05-um-18.49.11_2c31ed51.jpg\",\"articleSection\":[\"Uncategorized\"],\"inLanguage\":\"de\"},{\"@type\":\"WebPage\",\"@id\":\"https:\\\/\\\/buergerbus-steinfurt.de\\\/?p=5230\",\"url\":\"https:\\\/\\\/buergerbus-steinfurt.de\\\/?p=5230\",\"name\":\"Fahrplan 2026 an B\u00fcrgermeister Franke \u00fcberreicht - B\u00fcrgerbus Steinfurt %\",\"isPartOf\":{\"@id\":\"https:\\\/\\\/buergerbus-steinfurt.de\\\/#website\"},\"primaryImageOfPage\":{\"@id\":\"https:\\\/\\\/buergerbus-steinfurt.de\\\/?p=5230#primaryimage\"},\"image\":{\"@id\":\"https:\\\/\\\/buergerbus-steinfurt.de\\\/?p=5230#primaryimage\"},\"thumbnailUrl\":\"https:\\\/\\\/buergerbus-steinfurt.de\\\/wp-content\\\/uploads\\\/2025\\\/12\\\/WhatsApp-Bild-2025-12-05-um-18.49.11_2c31ed51.jpg\",\"datePublished\":\"2025-12-05T18:15:19+00:00\",\"dateModified\":\"2025-12-05T18:31:09+00:00\",\"breadcrumb\":{\"@id\":\"https:\\\/\\\/buergerbus-steinfurt.de\\\/?p=5230#breadcrumb\"},\"inLanguage\":\"de\",\"potentialAction\":[{\"@type\":\"ReadAction\",\"target\":[\"https:\\\/\\\/buergerbus-steinfurt.de\\\/?p=5230\"]}]},{\"@type\":\"ImageObject\",\"inLanguage\":\"de\",\"@id\":\"https:\\\/\\\/buergerbus-steinfurt.de\\\/?p=5230#primaryimage\",\"url\":\"https:\\\/\\\/buergerbus-steinfurt.de\\\/wp-content\\\/uploads\\\/2025\\\/12\\\/WhatsApp-Bild-2025-12-05-um-18.49.11_2c31ed51.jpg\",\"contentUrl\":\"https:\\\/\\\/buergerbus-steinfurt.de\\\/wp-content\\\/uploads\\\/2025\\\/12\\\/WhatsApp-Bild-2025-12-05-um-18.49.11_2c31ed51.jpg\",\"width\":1580,\"height\":1600},{\"@type\":\"BreadcrumbList\",\"@id\":\"https:\\\/\\\/buergerbus-steinfurt.de\\\/?p=5230#breadcrumb\",\"itemListElement\":[{\"@type\":\"ListItem\",\"position\":1,\"name\":\"Startseite\",\"item\":\"https:\\\/\\\/buergerbus-steinfurt.de\\\/\"},{\"@type\":\"ListItem\",\"position\":2,\"name\":\"Fahrplan 2026 an B\u00fcrgermeister Franke \u00fcberreicht\"}]},{\"@type\":\"WebSite\",\"@id\":\"https:\\\/\\\/buergerbus-steinfurt.de\\\/#website\",\"url\":\"https:\\\/\\\/buergerbus-steinfurt.de\\\/\",\"name\":\"B\u00dcRGERBUS STEINFURT\",\"description\":\"\",\"publisher\":{\"@id\":\"https:\\\/\\\/buergerbus-steinfurt.de\\\/#organization\"},\"potentialAction\":[{\"@type\":\"SearchAction\",\"target\":{\"@type\":\"EntryPoint\",\"urlTemplate\":\"https:\\\/\\\/buergerbus-steinfurt.de\\\/?s={search_term_string}\"},\"query-input\":{\"@type\":\"PropertyValueSpecification\",\"valueRequired\":true,\"valueName\":\"search_term_string\"}}],\"inLanguage\":\"de\"},{\"@type\":\"Organization\",\"@id\":\"https:\\\/\\\/buergerbus-steinfurt.de\\\/#organization\",\"name\":\"B\u00fcrgerbus Steinfurt e.V.\",\"url\":\"https:\\\/\\\/buergerbus-steinfurt.de\\\/\",\"logo\":{\"@type\":\"ImageObject\",\"inLanguage\":\"de\",\"@id\":\"https:\\\/\\\/buergerbus-steinfurt.de\\\/#\\\/schema\\\/logo\\\/image\\\/\",\"url\":\"https:\\\/\\\/buergerbus-steinfurt.de\\\/wp-content\\\/uploads\\\/2022\\\/08\\\/2bb-steinfurt-logo-neu.png\",\"contentUrl\":\"https:\\\/\\\/buergerbus-steinfurt.de\\\/wp-content\\\/uploads\\\/2022\\\/08\\\/2bb-steinfurt-logo-neu.png\",\"width\":293,\"height\":75,\"caption\":\"B\u00fcrgerbus Steinfurt e.V.\"},\"image\":{\"@id\":\"https:\\\/\\\/buergerbus-steinfurt.de\\\/#\\\/schema\\\/logo\\\/image\\\/\"}},{\"@type\":\"Person\",\"@id\":\"https:\\\/\\\/buergerbus-steinfurt.de\\\/#\\\/schema\\\/person\\\/d0df83117f05647dd427e2cec47c2195\",\"name\":\"Reimar Bage\",\"image\":{\"@type\":\"ImageObject\",\"inLanguage\":\"de\",\"@id\":\"https:\\\/\\\/secure.gravatar.com\\\/avatar\\\/39763b5f1cf57f5fba11a8cef91d12bcd5b654814054b4c246daa1f3737f8a35?s=96&d=mm&r=g\",\"url\":\"https:\\\/\\\/secure.gravatar.com\\\/avatar\\\/39763b5f1cf57f5fba11a8cef91d12bcd5b654814054b4c246daa1f3737f8a35?s=96&d=mm&r=g\",\"contentUrl\":\"https:\\\/\\\/secure.gravatar.com\\\/avatar\\\/39763b5f1cf57f5fba11a8cef91d12bcd5b654814054b4c246daa1f3737f8a35?s=96&d=mm&r=g\",\"caption\":\"Reimar Bage\"},\"url\":\"https:\\\/\\\/buergerbus-steinfurt.de\\\/?author=3\"}]}<\/script>\n<!-- \/ Yoast SEO plugin. -->","yoast_head_json":{"title":"Fahrplan 2026 an B\u00fcrgermeister Franke \u00fcberreicht - B\u00fcrgerbus Steinfurt %","robots":{"index":"index","follow":"follow","max-snippet":"max-snippet:-1","max-image-preview":"max-image-preview:large","max-video-preview":"max-video-preview:-1"},"canonical":"https:\/\/buergerbus-steinfurt.de\/?p=5230","og_locale":"de_DE","og_type":"article","og_title":"Fahrplan 2026 an B\u00fcrgermeister Franke \u00fcberreicht - B\u00fcrgerbus Steinfurt %","og_description":"Der Vorsitzende Josef Greive (2.v.r) und Fahrdienstleiter Friedhelm Breul (links) haben die ersten Exemplare des frisch gedruckten neuen Fahrplanes 2026 des B\u00fcrgerbus an B\u00fcrgermeister Christian Franke \u00fcbergeben. Rechts im Bild ...","og_url":"https:\/\/buergerbus-steinfurt.de\/?p=5230","og_site_name":"B\u00fcrgerbus Steinfurt","article_published_time":"2025-12-05T18:15:19+00:00","article_modified_time":"2025-12-05T18:31:09+00:00","og_image":[{"width":1580,"height":1600,"url":"https:\/\/buergerbus-steinfurt.de\/wp-content\/uploads\/2025\/12\/WhatsApp-Bild-2025-12-05-um-18.49.11_2c31ed51.jpg","type":"image\/jpeg"}],"author":"Reimar Bage","twitter_card":"summary_large_image","twitter_misc":{"Verfasst von":"Reimar Bage","Gesch\u00e4tzte Lesezeit":"2\u00a0Minuten"},"schema":{"@context":"https:\/\/schema.org","@graph":[{"@type":"Article","@id":"https:\/\/buergerbus-steinfurt.de\/?p=5230#article","isPartOf":{"@id":"https:\/\/buergerbus-steinfurt.de\/?p=5230"},"author":{"name":"Reimar Bage","@id":"https:\/\/buergerbus-steinfurt.de\/#\/schema\/person\/d0df83117f05647dd427e2cec47c2195"},"headline":"Fahrplan 2026 an B\u00fcrgermeister Franke \u00fcberreicht","datePublished":"2025-12-05T18:15:19+00:00","dateModified":"2025-12-05T18:31:09+00:00","mainEntityOfPage":{"@id":"https:\/\/buergerbus-steinfurt.de\/?p=5230"},"wordCount":364,"publisher":{"@id":"https:\/\/buergerbus-steinfurt.de\/#organization"},"image":{"@id":"https:\/\/buergerbus-steinfurt.de\/?p=5230#primaryimage"},"thumbnailUrl":"https:\/\/buergerbus-steinfurt.de\/wp-content\/uploads\/2025\/12\/WhatsApp-Bild-2025-12-05-um-18.49.11_2c31ed51.jpg","articleSection":["Uncategorized"],"inLanguage":"de"},{"@type":"WebPage","@id":"https:\/\/buergerbus-steinfurt.de\/?p=5230","url":"https:\/\/buergerbus-steinfurt.de\/?p=5230","name":"Fahrplan 2026 an B\u00fcrgermeister Franke \u00fcberreicht - B\u00fcrgerbus Steinfurt %","isPartOf":{"@id":"https:\/\/buergerbus-steinfurt.de\/#website"},"primaryImageOfPage":{"@id":"https:\/\/buergerbus-steinfurt.de\/?p=5230#primaryimage"},"image":{"@id":"https:\/\/buergerbus-steinfurt.de\/?p=5230#primaryimage"},"thumbnailUrl":"https:\/\/buergerbus-steinfurt.de\/wp-content\/uploads\/2025\/12\/WhatsApp-Bild-2025-12-05-um-18.49.11_2c31ed51.jpg","datePublished":"2025-12-05T18:15:19+00:00","dateModified":"2025-12-05T18:31:09+00:00","breadcrumb":{"@id":"https:\/\/buergerbus-steinfurt.de\/?p=5230#breadcrumb"},"inLanguage":"de","potentialAction":[{"@type":"ReadAction","target":["https:\/\/buergerbus-steinfurt.de\/?p=5230"]}]},{"@type":"ImageObject","inLanguage":"de","@id":"https:\/\/buergerbus-steinfurt.de\/?p=5230#primaryimage","url":"https:\/\/buergerbus-steinfurt.de\/wp-content\/uploads\/2025\/12\/WhatsApp-Bild-2025-12-05-um-18.49.11_2c31ed51.jpg","contentUrl":"https:\/\/buergerbus-steinfurt.de\/wp-content\/uploads\/2025\/12\/WhatsApp-Bild-2025-12-05-um-18.49.11_2c31ed51.jpg","width":1580,"height":1600},{"@type":"BreadcrumbList","@id":"https:\/\/buergerbus-steinfurt.de\/?p=5230#breadcrumb","itemListElement":[{"@type":"ListItem","position":1,"name":"Startseite","item":"https:\/\/buergerbus-steinfurt.de\/"},{"@type":"ListItem","position":2,"name":"Fahrplan 2026 an B\u00fcrgermeister Franke \u00fcberreicht"}]},{"@type":"WebSite","@id":"https:\/\/buergerbus-steinfurt.de\/#website","url":"https:\/\/buergerbus-steinfurt.de\/","name":"B\u00dcRGERBUS STEINFURT","description":"","publisher":{"@id":"https:\/\/buergerbus-steinfurt.de\/#organization"},"potentialAction":[{"@type":"SearchAction","target":{"@type":"EntryPoint","urlTemplate":"https:\/\/buergerbus-steinfurt.de\/?s={search_term_string}"},"query-input":{"@type":"PropertyValueSpecification","valueRequired":true,"valueName":"search_term_string"}}],"inLanguage":"de"},{"@type":"Organization","@id":"https:\/\/buergerbus-steinfurt.de\/#organization","name":"B\u00fcrgerbus Steinfurt e.V.","url":"https:\/\/buergerbus-steinfurt.de\/","logo":{"@type":"ImageObject","inLanguage":"de","@id":"https:\/\/buergerbus-steinfurt.de\/#\/schema\/logo\/image\/","url":"https:\/\/buergerbus-steinfurt.de\/wp-content\/uploads\/2022\/08\/2bb-steinfurt-logo-neu.png","contentUrl":"https:\/\/buergerbus-steinfurt.de\/wp-content\/uploads\/2022\/08\/2bb-steinfurt-logo-neu.png","width":293,"height":75,"caption":"B\u00fcrgerbus Steinfurt e.V."},"image":{"@id":"https:\/\/buergerbus-steinfurt.de\/#\/schema\/logo\/image\/"}},{"@type":"Person","@id":"https:\/\/buergerbus-steinfurt.de\/#\/schema\/person\/d0df83117f05647dd427e2cec47c2195","name":"Reimar Bage","image":{"@type":"ImageObject","inLanguage":"de","@id":"https:\/\/secure.gravatar.com\/avatar\/39763b5f1cf57f5fba11a8cef91d12bcd5b654814054b4c246daa1f3737f8a35?s=96&d=mm&r=g","url":"https:\/\/secure.gravatar.com\/avatar\/39763b5f1cf57f5fba11a8cef91d12bcd5b654814054b4c246daa1f3737f8a35?s=96&d=mm&r=g","contentUrl":"https:\/\/secure.gravatar.com\/avatar\/39763b5f1cf57f5fba11a8cef91d12bcd5b654814054b4c246daa1f3737f8a35?s=96&d=mm&r=g","caption":"Reimar Bage"},"url":"https:\/\/buergerbus-steinfurt.de\/?author=3"}]}},"_links":{"self":[{"href":"https:\/\/buergerbus-steinfurt.de\/index.php?rest_route=\/wp\/v2\/posts\/5230","targetHints":{"allow":["GET"]}}],"collection":[{"href":"https:\/\/buergerbus-steinfurt.de\/index.php?rest_route=\/wp\/v2\/posts"}],"about":[{"href":"https:\/\/buergerbus-steinfurt.de\/index.php?rest_route=\/wp\/v2\/types\/post"}],"author":[{"embeddable":true,"href":"https:\/\/buergerbus-steinfurt.de\/index.php?rest_route=\/wp\/v2\/users\/3"}],"replies":[{"embeddable":true,"href":"https:\/\/buergerbus-steinfurt.de\/index.php?rest_route=%2Fwp%2Fv2%2Fcomments&post=5230"}],"version-history":[{"count":4,"href":"https:\/\/buergerbus-steinfurt.de\/index.php?rest_route=\/wp\/v2\/posts\/5230\/revisions"}],"predecessor-version":[{"id":5246,"href":"https:\/\/buergerbus-steinfurt.de\/index.php?rest_route=\/wp\/v2\/posts\/5230\/revisions\/5246"}],"wp:featuredmedia":[{"embeddable":true,"href":"https:\/\/buergerbus-steinfurt.de\/index.php?rest_route=\/wp\/v2\/media\/5241"}],"wp:attachment":[{"href":"https:\/\/buergerbus-steinfurt.de\/index.php?rest_route=%2Fwp%2Fv2%2Fmedia&parent=5230"}],"wp:term":[{"taxonomy":"category","embeddable":true,"href":"https:\/\/buergerbus-steinfurt.de\/index.php?rest_route=%2Fwp%2Fv2%2Fcategories&post=5230"},{"taxonomy":"post_tag","embeddable":true,"href":"https:\/\/buergerbus-steinfurt.de\/index.php?rest_route=%2Fwp%2Fv2%2Ftags&post=5230"}],"curies":[{"name":"wp","href":"https:\/\/api.w.org\/{rel}","templated":true}]}}