{"id":5209,"date":"2025-10-09T16:36:21","date_gmt":"2025-10-09T16:36:21","guid":{"rendered":"https:\/\/buergerbus-steinfurt.de\/?p=5209"},"modified":"2025-10-09T17:20:04","modified_gmt":"2025-10-09T17:20:04","slug":"barbara-tenhaef-125-000-fahrgast-des-buergerbusses-steinfurt-steinfurt","status":"publish","type":"post","link":"https:\/\/buergerbus-steinfurt.de\/?p=5209","title":{"rendered":"Barbara Tenhaef 125 000. Fahrgast des B\u00fcrgerbusses Steinfurt Steinfurt."},"content":{"rendered":"<p><img loading=\"lazy\" decoding=\"async\" class=\"alignleft wp-image-5211 size-full\" src=\"https:\/\/buergerbus-steinfurt.de\/wp-content\/uploads\/2025\/10\/Fahrgast-2-scaled.jpeg\" alt=\"\" width=\"1920\" height=\"2560\" srcset=\"https:\/\/buergerbus-steinfurt.de\/wp-content\/uploads\/2025\/10\/Fahrgast-2-scaled.jpeg 1920w, https:\/\/buergerbus-steinfurt.de\/wp-content\/uploads\/2025\/10\/Fahrgast-2-225x300.jpeg 225w, https:\/\/buergerbus-steinfurt.de\/wp-content\/uploads\/2025\/10\/Fahrgast-2-768x1024.jpeg 768w, https:\/\/buergerbus-steinfurt.de\/wp-content\/uploads\/2025\/10\/Fahrgast-2-1152x1536.jpeg 1152w, https:\/\/buergerbus-steinfurt.de\/wp-content\/uploads\/2025\/10\/Fahrgast-2-1536x2048.jpeg 1536w\" sizes=\"auto, (max-width: 1920px) 100vw, 1920px\" \/><\/p>\n<p>Steinfurt. Aus erfreulichem Anlass traf sich jetzt eine Abordnung des B\u00fcrgerbusvereins Steinfurt an der Haltestelle K\u00f6nigsallee im Ortsteil Borghorst: Dort wurde Barbara Tenhaef als 125.00. Fahrgast geehrt. VorsitzendSteinfurt. Aus erfreulichem Anlass traf sich jetzt eine Abordnung des B\u00fcrgerbusvereins Steinfurt an der Haltestelle K\u00f6nigsallee im Ortsteil Borghorst: Dort wurde Barbara Tenhaef als 125.00. Fahrgast geehrt. Vorsitzender Josef Greive (rechts) \u00fcberreichte einen Blumenstrau\u00df im Beisein von Renate Albers, die seinerzeit den Bus fuhr, als Frau Tenhaef einstieg. Sie ist seit Beginn des B\u00fcrgerbusses st\u00e4ndiger Fahrgast und nutzt ihn inzwischen auch, wie etliche andere Fahrg\u00e4ste, mit dem Deutschland-Ticket. Zu den Gratulanten z\u00e4hlten ferner (v.l.) stv. Vorsitzender Herbert Zellerhoff, Fahrdienstleiter Friedhelm Breul und Fahrer Thomas K\u00f6tter. Vorsitzender Greive ist optimistisch, dass der Bus auch in diesem Jahr einen neuen Fahrgastrekord aufstellen wird.er Josef Greive (rechts) \u00fcberreichte einen Blumenstrau\u00df im Beisein von Renate Albers, die seinerzeit den Bus fuhr, als Frau Tenhaef einstieg. Sie ist seit Beginn des B\u00fcrgerbusses st\u00e4ndiger Fahrgast und nutzt ihn inzwischen auch, wie etliche andere Fahrg\u00e4ste, mit dem Deutschland-Ticket. Zu den Gratulanten z\u00e4hlten ferner (v.l.) stv. Vorsitzender Herbert Zellerhoff, Fahrdienstleiter Friedhelm Breul und Fahrer Thomas K\u00f6tter. Vorsitzender Greive ist optimistisch, dass der Bus auch in diesem Jahr einen neuen Fahrgastrekord aufstellen wird.<\/p>\n","protected":false},"excerpt":{"rendered":"<p>Steinfurt. Aus erfreulichem Anlass traf sich jetzt eine Abordnung des B\u00fcrgerbusvereins Steinfurt an der Haltestelle K\u00f6nigsallee im Ortsteil Borghorst: Dort wurde Barbara Tenhaef als 125.00. Fahrgast geehrt. VorsitzendSteinfurt. Aus erfreulichem &#8230;<\/p>\n","protected":false},"author":3,"featured_media":5210,"comment_status":"closed","ping_status":"closed","sticky":false,"template":"","format":"standard","meta":{"footnotes":""},"categories":[1],"tags":[],"class_list":["post-5209","post","type-post","status-publish","format-standard","has-post-thumbnail","hentry","category-uncategorized"],"yoast_head":"<!-- This site is optimized with the Yoast SEO plugin v27.4 - https:\/\/yoast.com\/product\/yoast-seo-wordpress\/ -->\n<title>Barbara Tenhaef 125 000. Fahrgast des B\u00fcrgerbusses Steinfurt Steinfurt. % - B\u00fcrgerbus Steinfurt %<\/title>\n<meta name=\"robots\" content=\"index, follow, max-snippet:-1, max-image-preview:large, max-video-preview:-1\" \/>\n<link rel=\"canonical\" href=\"https:\/\/buergerbus-steinfurt.de\/?p=5209\" \/>\n<meta property=\"og:locale\" content=\"de_DE\" \/>\n<meta property=\"og:type\" content=\"article\" \/>\n<meta property=\"og:title\" content=\"Barbara Tenhaef 125 000. Fahrgast des B\u00fcrgerbusses Steinfurt Steinfurt. % - B\u00fcrgerbus Steinfurt %\" \/>\n<meta property=\"og:description\" content=\"Steinfurt. Aus erfreulichem Anlass traf sich jetzt eine Abordnung des B\u00fcrgerbusvereins Steinfurt an der Haltestelle K\u00f6nigsallee im Ortsteil Borghorst: Dort wurde Barbara Tenhaef als 125.00. Fahrgast geehrt. VorsitzendSteinfurt. Aus erfreulichem ...\" \/>\n<meta property=\"og:url\" content=\"https:\/\/buergerbus-steinfurt.de\/?p=5209\" \/>\n<meta property=\"og:site_name\" content=\"B\u00fcrgerbus Steinfurt\" \/>\n<meta property=\"article:published_time\" content=\"2025-10-09T16:36:21+00:00\" \/>\n<meta property=\"article:modified_time\" content=\"2025-10-09T17:20:04+00:00\" \/>\n<meta property=\"og:image\" content=\"https:\/\/buergerbus-steinfurt.de\/wp-content\/uploads\/2025\/10\/Fahgast-1-scaled.jpg\" \/>\n\t<meta property=\"og:image:width\" content=\"2560\" \/>\n\t<meta property=\"og:image:height\" content=\"1920\" \/>\n\t<meta property=\"og:image:type\" content=\"image\/jpeg\" \/>\n<meta name=\"author\" content=\"Reimar Bage\" \/>\n<meta name=\"twitter:card\" content=\"summary_large_image\" \/>\n<meta name=\"twitter:label1\" content=\"Verfasst von\" \/>\n\t<meta name=\"twitter:data1\" content=\"Reimar Bage\" \/>\n\t<meta name=\"twitter:label2\" content=\"Gesch\u00e4tzte Lesezeit\" \/>\n\t<meta name=\"twitter:data2\" content=\"1\u00a0Minute\" \/>\n<script type=\"application\/ld+json\" class=\"yoast-schema-graph\">{\"@context\":\"https:\\\/\\\/schema.org\",\"@graph\":[{\"@type\":\"Article\",\"@id\":\"https:\\\/\\\/buergerbus-steinfurt.de\\\/?p=5209#article\",\"isPartOf\":{\"@id\":\"https:\\\/\\\/buergerbus-steinfurt.de\\\/?p=5209\"},\"author\":{\"name\":\"Reimar Bage\",\"@id\":\"https:\\\/\\\/buergerbus-steinfurt.de\\\/#\\\/schema\\\/person\\\/d0df83117f05647dd427e2cec47c2195\"},\"headline\":\"Barbara Tenhaef 125 000. Fahrgast des B\u00fcrgerbusses Steinfurt Steinfurt.\",\"datePublished\":\"2025-10-09T16:36:21+00:00\",\"dateModified\":\"2025-10-09T17:20:04+00:00\",\"mainEntityOfPage\":{\"@id\":\"https:\\\/\\\/buergerbus-steinfurt.de\\\/?p=5209\"},\"wordCount\":224,\"publisher\":{\"@id\":\"https:\\\/\\\/buergerbus-steinfurt.de\\\/#organization\"},\"image\":{\"@id\":\"https:\\\/\\\/buergerbus-steinfurt.de\\\/?p=5209#primaryimage\"},\"thumbnailUrl\":\"https:\\\/\\\/buergerbus-steinfurt.de\\\/wp-content\\\/uploads\\\/2025\\\/10\\\/Fahgast-1-scaled.jpg\",\"articleSection\":[\"Uncategorized\"],\"inLanguage\":\"de\"},{\"@type\":\"WebPage\",\"@id\":\"https:\\\/\\\/buergerbus-steinfurt.de\\\/?p=5209\",\"url\":\"https:\\\/\\\/buergerbus-steinfurt.de\\\/?p=5209\",\"name\":\"Barbara Tenhaef 125 000. Fahrgast des B\u00fcrgerbusses Steinfurt Steinfurt. % - B\u00fcrgerbus Steinfurt %\",\"isPartOf\":{\"@id\":\"https:\\\/\\\/buergerbus-steinfurt.de\\\/#website\"},\"primaryImageOfPage\":{\"@id\":\"https:\\\/\\\/buergerbus-steinfurt.de\\\/?p=5209#primaryimage\"},\"image\":{\"@id\":\"https:\\\/\\\/buergerbus-steinfurt.de\\\/?p=5209#primaryimage\"},\"thumbnailUrl\":\"https:\\\/\\\/buergerbus-steinfurt.de\\\/wp-content\\\/uploads\\\/2025\\\/10\\\/Fahgast-1-scaled.jpg\",\"datePublished\":\"2025-10-09T16:36:21+00:00\",\"dateModified\":\"2025-10-09T17:20:04+00:00\",\"breadcrumb\":{\"@id\":\"https:\\\/\\\/buergerbus-steinfurt.de\\\/?p=5209#breadcrumb\"},\"inLanguage\":\"de\",\"potentialAction\":[{\"@type\":\"ReadAction\",\"target\":[\"https:\\\/\\\/buergerbus-steinfurt.de\\\/?p=5209\"]}]},{\"@type\":\"ImageObject\",\"inLanguage\":\"de\",\"@id\":\"https:\\\/\\\/buergerbus-steinfurt.de\\\/?p=5209#primaryimage\",\"url\":\"https:\\\/\\\/buergerbus-steinfurt.de\\\/wp-content\\\/uploads\\\/2025\\\/10\\\/Fahgast-1-scaled.jpg\",\"contentUrl\":\"https:\\\/\\\/buergerbus-steinfurt.de\\\/wp-content\\\/uploads\\\/2025\\\/10\\\/Fahgast-1-scaled.jpg\",\"width\":2560,\"height\":1920},{\"@type\":\"BreadcrumbList\",\"@id\":\"https:\\\/\\\/buergerbus-steinfurt.de\\\/?p=5209#breadcrumb\",\"itemListElement\":[{\"@type\":\"ListItem\",\"position\":1,\"name\":\"Startseite\",\"item\":\"https:\\\/\\\/buergerbus-steinfurt.de\\\/\"},{\"@type\":\"ListItem\",\"position\":2,\"name\":\"Barbara Tenhaef 125 000. Fahrgast des B\u00fcrgerbusses Steinfurt Steinfurt.\"}]},{\"@type\":\"WebSite\",\"@id\":\"https:\\\/\\\/buergerbus-steinfurt.de\\\/#website\",\"url\":\"https:\\\/\\\/buergerbus-steinfurt.de\\\/\",\"name\":\"B\u00dcRGERBUS STEINFURT\",\"description\":\"\",\"publisher\":{\"@id\":\"https:\\\/\\\/buergerbus-steinfurt.de\\\/#organization\"},\"potentialAction\":[{\"@type\":\"SearchAction\",\"target\":{\"@type\":\"EntryPoint\",\"urlTemplate\":\"https:\\\/\\\/buergerbus-steinfurt.de\\\/?s={search_term_string}\"},\"query-input\":{\"@type\":\"PropertyValueSpecification\",\"valueRequired\":true,\"valueName\":\"search_term_string\"}}],\"inLanguage\":\"de\"},{\"@type\":\"Organization\",\"@id\":\"https:\\\/\\\/buergerbus-steinfurt.de\\\/#organization\",\"name\":\"B\u00fcrgerbus Steinfurt e.V.\",\"url\":\"https:\\\/\\\/buergerbus-steinfurt.de\\\/\",\"logo\":{\"@type\":\"ImageObject\",\"inLanguage\":\"de\",\"@id\":\"https:\\\/\\\/buergerbus-steinfurt.de\\\/#\\\/schema\\\/logo\\\/image\\\/\",\"url\":\"https:\\\/\\\/buergerbus-steinfurt.de\\\/wp-content\\\/uploads\\\/2022\\\/08\\\/2bb-steinfurt-logo-neu.png\",\"contentUrl\":\"https:\\\/\\\/buergerbus-steinfurt.de\\\/wp-content\\\/uploads\\\/2022\\\/08\\\/2bb-steinfurt-logo-neu.png\",\"width\":293,\"height\":75,\"caption\":\"B\u00fcrgerbus Steinfurt e.V.\"},\"image\":{\"@id\":\"https:\\\/\\\/buergerbus-steinfurt.de\\\/#\\\/schema\\\/logo\\\/image\\\/\"}},{\"@type\":\"Person\",\"@id\":\"https:\\\/\\\/buergerbus-steinfurt.de\\\/#\\\/schema\\\/person\\\/d0df83117f05647dd427e2cec47c2195\",\"name\":\"Reimar Bage\",\"image\":{\"@type\":\"ImageObject\",\"inLanguage\":\"de\",\"@id\":\"https:\\\/\\\/secure.gravatar.com\\\/avatar\\\/39763b5f1cf57f5fba11a8cef91d12bcd5b654814054b4c246daa1f3737f8a35?s=96&d=mm&r=g\",\"url\":\"https:\\\/\\\/secure.gravatar.com\\\/avatar\\\/39763b5f1cf57f5fba11a8cef91d12bcd5b654814054b4c246daa1f3737f8a35?s=96&d=mm&r=g\",\"contentUrl\":\"https:\\\/\\\/secure.gravatar.com\\\/avatar\\\/39763b5f1cf57f5fba11a8cef91d12bcd5b654814054b4c246daa1f3737f8a35?s=96&d=mm&r=g\",\"caption\":\"Reimar Bage\"},\"url\":\"https:\\\/\\\/buergerbus-steinfurt.de\\\/?author=3\"}]}<\/script>\n<!-- \/ Yoast SEO plugin. -->","yoast_head_json":{"title":"Barbara Tenhaef 125 000. Fahrgast des B\u00fcrgerbusses Steinfurt Steinfurt. % - B\u00fcrgerbus Steinfurt %","robots":{"index":"index","follow":"follow","max-snippet":"max-snippet:-1","max-image-preview":"max-image-preview:large","max-video-preview":"max-video-preview:-1"},"canonical":"https:\/\/buergerbus-steinfurt.de\/?p=5209","og_locale":"de_DE","og_type":"article","og_title":"Barbara Tenhaef 125 000. Fahrgast des B\u00fcrgerbusses Steinfurt Steinfurt. % - B\u00fcrgerbus Steinfurt %","og_description":"Steinfurt. Aus erfreulichem Anlass traf sich jetzt eine Abordnung des B\u00fcrgerbusvereins Steinfurt an der Haltestelle K\u00f6nigsallee im Ortsteil Borghorst: Dort wurde Barbara Tenhaef als 125.00. Fahrgast geehrt. VorsitzendSteinfurt. Aus erfreulichem ...","og_url":"https:\/\/buergerbus-steinfurt.de\/?p=5209","og_site_name":"B\u00fcrgerbus Steinfurt","article_published_time":"2025-10-09T16:36:21+00:00","article_modified_time":"2025-10-09T17:20:04+00:00","og_image":[{"width":2560,"height":1920,"url":"https:\/\/buergerbus-steinfurt.de\/wp-content\/uploads\/2025\/10\/Fahgast-1-scaled.jpg","type":"image\/jpeg"}],"author":"Reimar Bage","twitter_card":"summary_large_image","twitter_misc":{"Verfasst von":"Reimar Bage","Gesch\u00e4tzte Lesezeit":"1\u00a0Minute"},"schema":{"@context":"https:\/\/schema.org","@graph":[{"@type":"Article","@id":"https:\/\/buergerbus-steinfurt.de\/?p=5209#article","isPartOf":{"@id":"https:\/\/buergerbus-steinfurt.de\/?p=5209"},"author":{"name":"Reimar Bage","@id":"https:\/\/buergerbus-steinfurt.de\/#\/schema\/person\/d0df83117f05647dd427e2cec47c2195"},"headline":"Barbara Tenhaef 125 000. Fahrgast des B\u00fcrgerbusses Steinfurt Steinfurt.","datePublished":"2025-10-09T16:36:21+00:00","dateModified":"2025-10-09T17:20:04+00:00","mainEntityOfPage":{"@id":"https:\/\/buergerbus-steinfurt.de\/?p=5209"},"wordCount":224,"publisher":{"@id":"https:\/\/buergerbus-steinfurt.de\/#organization"},"image":{"@id":"https:\/\/buergerbus-steinfurt.de\/?p=5209#primaryimage"},"thumbnailUrl":"https:\/\/buergerbus-steinfurt.de\/wp-content\/uploads\/2025\/10\/Fahgast-1-scaled.jpg","articleSection":["Uncategorized"],"inLanguage":"de"},{"@type":"WebPage","@id":"https:\/\/buergerbus-steinfurt.de\/?p=5209","url":"https:\/\/buergerbus-steinfurt.de\/?p=5209","name":"Barbara Tenhaef 125 000. Fahrgast des B\u00fcrgerbusses Steinfurt Steinfurt. % - B\u00fcrgerbus Steinfurt %","isPartOf":{"@id":"https:\/\/buergerbus-steinfurt.de\/#website"},"primaryImageOfPage":{"@id":"https:\/\/buergerbus-steinfurt.de\/?p=5209#primaryimage"},"image":{"@id":"https:\/\/buergerbus-steinfurt.de\/?p=5209#primaryimage"},"thumbnailUrl":"https:\/\/buergerbus-steinfurt.de\/wp-content\/uploads\/2025\/10\/Fahgast-1-scaled.jpg","datePublished":"2025-10-09T16:36:21+00:00","dateModified":"2025-10-09T17:20:04+00:00","breadcrumb":{"@id":"https:\/\/buergerbus-steinfurt.de\/?p=5209#breadcrumb"},"inLanguage":"de","potentialAction":[{"@type":"ReadAction","target":["https:\/\/buergerbus-steinfurt.de\/?p=5209"]}]},{"@type":"ImageObject","inLanguage":"de","@id":"https:\/\/buergerbus-steinfurt.de\/?p=5209#primaryimage","url":"https:\/\/buergerbus-steinfurt.de\/wp-content\/uploads\/2025\/10\/Fahgast-1-scaled.jpg","contentUrl":"https:\/\/buergerbus-steinfurt.de\/wp-content\/uploads\/2025\/10\/Fahgast-1-scaled.jpg","width":2560,"height":1920},{"@type":"BreadcrumbList","@id":"https:\/\/buergerbus-steinfurt.de\/?p=5209#breadcrumb","itemListElement":[{"@type":"ListItem","position":1,"name":"Startseite","item":"https:\/\/buergerbus-steinfurt.de\/"},{"@type":"ListItem","position":2,"name":"Barbara Tenhaef 125 000. Fahrgast des B\u00fcrgerbusses Steinfurt Steinfurt."}]},{"@type":"WebSite","@id":"https:\/\/buergerbus-steinfurt.de\/#website","url":"https:\/\/buergerbus-steinfurt.de\/","name":"B\u00dcRGERBUS STEINFURT","description":"","publisher":{"@id":"https:\/\/buergerbus-steinfurt.de\/#organization"},"potentialAction":[{"@type":"SearchAction","target":{"@type":"EntryPoint","urlTemplate":"https:\/\/buergerbus-steinfurt.de\/?s={search_term_string}"},"query-input":{"@type":"PropertyValueSpecification","valueRequired":true,"valueName":"search_term_string"}}],"inLanguage":"de"},{"@type":"Organization","@id":"https:\/\/buergerbus-steinfurt.de\/#organization","name":"B\u00fcrgerbus Steinfurt e.V.","url":"https:\/\/buergerbus-steinfurt.de\/","logo":{"@type":"ImageObject","inLanguage":"de","@id":"https:\/\/buergerbus-steinfurt.de\/#\/schema\/logo\/image\/","url":"https:\/\/buergerbus-steinfurt.de\/wp-content\/uploads\/2022\/08\/2bb-steinfurt-logo-neu.png","contentUrl":"https:\/\/buergerbus-steinfurt.de\/wp-content\/uploads\/2022\/08\/2bb-steinfurt-logo-neu.png","width":293,"height":75,"caption":"B\u00fcrgerbus Steinfurt e.V."},"image":{"@id":"https:\/\/buergerbus-steinfurt.de\/#\/schema\/logo\/image\/"}},{"@type":"Person","@id":"https:\/\/buergerbus-steinfurt.de\/#\/schema\/person\/d0df83117f05647dd427e2cec47c2195","name":"Reimar Bage","image":{"@type":"ImageObject","inLanguage":"de","@id":"https:\/\/secure.gravatar.com\/avatar\/39763b5f1cf57f5fba11a8cef91d12bcd5b654814054b4c246daa1f3737f8a35?s=96&d=mm&r=g","url":"https:\/\/secure.gravatar.com\/avatar\/39763b5f1cf57f5fba11a8cef91d12bcd5b654814054b4c246daa1f3737f8a35?s=96&d=mm&r=g","contentUrl":"https:\/\/secure.gravatar.com\/avatar\/39763b5f1cf57f5fba11a8cef91d12bcd5b654814054b4c246daa1f3737f8a35?s=96&d=mm&r=g","caption":"Reimar Bage"},"url":"https:\/\/buergerbus-steinfurt.de\/?author=3"}]}},"_links":{"self":[{"href":"https:\/\/buergerbus-steinfurt.de\/index.php?rest_route=\/wp\/v2\/posts\/5209","targetHints":{"allow":["GET"]}}],"collection":[{"href":"https:\/\/buergerbus-steinfurt.de\/index.php?rest_route=\/wp\/v2\/posts"}],"about":[{"href":"https:\/\/buergerbus-steinfurt.de\/index.php?rest_route=\/wp\/v2\/types\/post"}],"author":[{"embeddable":true,"href":"https:\/\/buergerbus-steinfurt.de\/index.php?rest_route=\/wp\/v2\/users\/3"}],"replies":[{"embeddable":true,"href":"https:\/\/buergerbus-steinfurt.de\/index.php?rest_route=%2Fwp%2Fv2%2Fcomments&post=5209"}],"version-history":[{"count":4,"href":"https:\/\/buergerbus-steinfurt.de\/index.php?rest_route=\/wp\/v2\/posts\/5209\/revisions"}],"predecessor-version":[{"id":5217,"href":"https:\/\/buergerbus-steinfurt.de\/index.php?rest_route=\/wp\/v2\/posts\/5209\/revisions\/5217"}],"wp:featuredmedia":[{"embeddable":true,"href":"https:\/\/buergerbus-steinfurt.de\/index.php?rest_route=\/wp\/v2\/media\/5210"}],"wp:attachment":[{"href":"https:\/\/buergerbus-steinfurt.de\/index.php?rest_route=%2Fwp%2Fv2%2Fmedia&parent=5209"}],"wp:term":[{"taxonomy":"category","embeddable":true,"href":"https:\/\/buergerbus-steinfurt.de\/index.php?rest_route=%2Fwp%2Fv2%2Fcategories&post=5209"},{"taxonomy":"post_tag","embeddable":true,"href":"https:\/\/buergerbus-steinfurt.de\/index.php?rest_route=%2Fwp%2Fv2%2Ftags&post=5209"}],"curies":[{"name":"wp","href":"https:\/\/api.w.org\/{rel}","templated":true}]}}