{"id":5171,"date":"2025-08-25T13:28:35","date_gmt":"2025-08-25T13:28:35","guid":{"rendered":"https:\/\/buergerbus-steinfurt.de\/?p=5171"},"modified":"2025-08-25T15:10:14","modified_gmt":"2025-08-25T15:10:14","slug":"buergerbus-feiert-beim-kreisstadtgeburtstag-mit","status":"publish","type":"post","link":"https:\/\/buergerbus-steinfurt.de\/?p=5171","title":{"rendered":"B\u00fcrgerbus feiert beim Stadtgeburtstag mit"},"content":{"rendered":"<p><a href=\"https:\/\/buergerbus-steinfurt.de\/?attachment_id=5172\" rel=\"attachment wp-att-5172\"><img loading=\"lazy\" decoding=\"async\" class=\"alignnone wp-image-5172 size-full\" src=\"https:\/\/buergerbus-steinfurt.de\/wp-content\/uploads\/2025\/08\/Preisverleihung-scaled-e1756127959240.jpg\" alt=\"\" width=\"1920\" height=\"1762\" srcset=\"https:\/\/buergerbus-steinfurt.de\/wp-content\/uploads\/2025\/08\/Preisverleihung-scaled-e1756127959240.jpg 1920w, https:\/\/buergerbus-steinfurt.de\/wp-content\/uploads\/2025\/08\/Preisverleihung-scaled-e1756127959240-300x275.jpg 300w, https:\/\/buergerbus-steinfurt.de\/wp-content\/uploads\/2025\/08\/Preisverleihung-scaled-e1756127959240-1024x940.jpg 1024w, https:\/\/buergerbus-steinfurt.de\/wp-content\/uploads\/2025\/08\/Preisverleihung-scaled-e1756127959240-768x705.jpg 768w, https:\/\/buergerbus-steinfurt.de\/wp-content\/uploads\/2025\/08\/Preisverleihung-scaled-e1756127959240-1536x1410.jpg 1536w\" sizes=\"auto, (max-width: 1920px) 100vw, 1920px\" \/><\/a><br \/>\n<em><strong>B\u00fcrgerbusvereinsvorsitzender Josef Greiwe (links) gratuliert Lisa Gartlage zum Gewinn des Hauptpreises, ein Rundflug \u00fcber Steinfurt, rechts Stellvertretender Vorsitzender Herbert Zellerhoff<\/strong><\/em><\/p>\n<p>Steinfurt. Sehr erfolgreich war der B\u00fcrgerbusverein Steinfurt beim Stadtgeburtstag auf dem Bagno-Gel\u00e4nde: Am Ende der Veranstaltung hatte er vier neue Fahrer f\u00fcr den ehrenamtlichen Dienst hinzu gewonnen. Und unter den vielen Besuchern des B\u00fcrgerbus-Stands gab es beim Gewinnspiel drei Teilnehmer, die am Ende zu den Siegern z\u00e4hlten: Lisa Gartlage gewann den Hauptpreis, einen Rundflug mit dem Motorsegler \u00fcber Steinfurt, Nicole Wrengler erhielt als 2. Preis eine Hei\u00dfluft-Fritteuse und der 3.Preis, ein Notfallradio, ging J\u00fcrgen Risau. Den ganzen Tag \u00fcber standen Fahrerinnen und Fahrer den Besuchern Rede und Antwort, au\u00dferdem gab es reichlich Informationen in Text und Bildern \u00fcber den Bus.<\/p>\n<p><a href=\"https:\/\/buergerbus-steinfurt.de\/?attachment_id=5173\" rel=\"attachment wp-att-5173\"><img loading=\"lazy\" decoding=\"async\" class=\"aligncenter wp-image-5173 size-full\" src=\"https:\/\/buergerbus-steinfurt.de\/wp-content\/uploads\/2025\/08\/BueBus-beim-Kreisfest-scaled.jpg\" alt=\"\" width=\"2560\" height=\"1920\" srcset=\"https:\/\/buergerbus-steinfurt.de\/wp-content\/uploads\/2025\/08\/BueBus-beim-Kreisfest-scaled.jpg 2560w, https:\/\/buergerbus-steinfurt.de\/wp-content\/uploads\/2025\/08\/BueBus-beim-Kreisfest-300x225.jpg 300w, https:\/\/buergerbus-steinfurt.de\/wp-content\/uploads\/2025\/08\/BueBus-beim-Kreisfest-1024x768.jpg 1024w, https:\/\/buergerbus-steinfurt.de\/wp-content\/uploads\/2025\/08\/BueBus-beim-Kreisfest-768x576.jpg 768w, https:\/\/buergerbus-steinfurt.de\/wp-content\/uploads\/2025\/08\/BueBus-beim-Kreisfest-1536x1152.jpg 1536w, https:\/\/buergerbus-steinfurt.de\/wp-content\/uploads\/2025\/08\/BueBus-beim-Kreisfest-2048x1536.jpg 2048w\" sizes=\"auto, (max-width: 2560px) 100vw, 2560px\" \/><\/a><\/p>\n<p><em>Fahrerinnen und Fahrer informierten die interessierten Besucher auf dem Bagno-Quadrat<\/em><\/p>\n","protected":false},"excerpt":{"rendered":"<p>B\u00fcrgerbusvereinsvorsitzender Josef Greiwe (links) gratuliert Lisa Gartlage zum Gewinn des Hauptpreises, ein Rundflug \u00fcber Steinfurt, rechts Stellvertretender Vorsitzender Herbert Zellerhoff Steinfurt. Sehr erfolgreich war der B\u00fcrgerbusverein Steinfurt beim Stadtgeburtstag auf &#8230;<\/p>\n","protected":false},"author":3,"featured_media":5173,"comment_status":"closed","ping_status":"closed","sticky":false,"template":"","format":"standard","meta":{"footnotes":""},"categories":[1],"tags":[],"class_list":["post-5171","post","type-post","status-publish","format-standard","has-post-thumbnail","hentry","category-uncategorized"],"yoast_head":"<!-- This site is optimized with the Yoast SEO plugin v27.4 - https:\/\/yoast.com\/product\/yoast-seo-wordpress\/ -->\n<title>B\u00fcrgerbus feiert beim Stadtgeburtstag mit - B\u00fcrgerbus Steinfurt %<\/title>\n<meta name=\"robots\" content=\"index, follow, max-snippet:-1, max-image-preview:large, max-video-preview:-1\" \/>\n<link rel=\"canonical\" href=\"https:\/\/buergerbus-steinfurt.de\/?p=5171\" \/>\n<meta property=\"og:locale\" content=\"de_DE\" \/>\n<meta property=\"og:type\" content=\"article\" \/>\n<meta property=\"og:title\" content=\"B\u00fcrgerbus feiert beim Stadtgeburtstag mit - B\u00fcrgerbus Steinfurt %\" \/>\n<meta property=\"og:description\" content=\"B\u00fcrgerbusvereinsvorsitzender Josef Greiwe (links) gratuliert Lisa Gartlage zum Gewinn des Hauptpreises, ein Rundflug \u00fcber Steinfurt, rechts Stellvertretender Vorsitzender Herbert Zellerhoff Steinfurt. Sehr erfolgreich war der B\u00fcrgerbusverein Steinfurt beim Stadtgeburtstag auf ...\" \/>\n<meta property=\"og:url\" content=\"https:\/\/buergerbus-steinfurt.de\/?p=5171\" \/>\n<meta property=\"og:site_name\" content=\"B\u00fcrgerbus Steinfurt\" \/>\n<meta property=\"article:published_time\" content=\"2025-08-25T13:28:35+00:00\" \/>\n<meta property=\"article:modified_time\" content=\"2025-08-25T15:10:14+00:00\" \/>\n<meta property=\"og:image\" content=\"https:\/\/buergerbus-steinfurt.de\/wp-content\/uploads\/2025\/08\/BueBus-beim-Kreisfest-scaled.jpg\" \/>\n\t<meta property=\"og:image:width\" content=\"2560\" \/>\n\t<meta property=\"og:image:height\" content=\"1920\" \/>\n\t<meta property=\"og:image:type\" content=\"image\/jpeg\" \/>\n<meta name=\"author\" content=\"Reimar Bage\" \/>\n<meta name=\"twitter:card\" content=\"summary_large_image\" \/>\n<meta name=\"twitter:label1\" content=\"Verfasst von\" \/>\n\t<meta name=\"twitter:data1\" content=\"Reimar Bage\" \/>\n\t<meta name=\"twitter:label2\" content=\"Gesch\u00e4tzte Lesezeit\" \/>\n\t<meta name=\"twitter:data2\" content=\"1\u00a0Minute\" \/>\n<script type=\"application\/ld+json\" class=\"yoast-schema-graph\">{\"@context\":\"https:\\\/\\\/schema.org\",\"@graph\":[{\"@type\":\"Article\",\"@id\":\"https:\\\/\\\/buergerbus-steinfurt.de\\\/?p=5171#article\",\"isPartOf\":{\"@id\":\"https:\\\/\\\/buergerbus-steinfurt.de\\\/?p=5171\"},\"author\":{\"name\":\"Reimar Bage\",\"@id\":\"https:\\\/\\\/buergerbus-steinfurt.de\\\/#\\\/schema\\\/person\\\/d0df83117f05647dd427e2cec47c2195\"},\"headline\":\"B\u00fcrgerbus feiert beim Stadtgeburtstag mit\",\"datePublished\":\"2025-08-25T13:28:35+00:00\",\"dateModified\":\"2025-08-25T15:10:14+00:00\",\"mainEntityOfPage\":{\"@id\":\"https:\\\/\\\/buergerbus-steinfurt.de\\\/?p=5171\"},\"wordCount\":144,\"publisher\":{\"@id\":\"https:\\\/\\\/buergerbus-steinfurt.de\\\/#organization\"},\"image\":{\"@id\":\"https:\\\/\\\/buergerbus-steinfurt.de\\\/?p=5171#primaryimage\"},\"thumbnailUrl\":\"https:\\\/\\\/buergerbus-steinfurt.de\\\/wp-content\\\/uploads\\\/2025\\\/08\\\/BueBus-beim-Kreisfest-scaled.jpg\",\"articleSection\":[\"Uncategorized\"],\"inLanguage\":\"de\"},{\"@type\":\"WebPage\",\"@id\":\"https:\\\/\\\/buergerbus-steinfurt.de\\\/?p=5171\",\"url\":\"https:\\\/\\\/buergerbus-steinfurt.de\\\/?p=5171\",\"name\":\"B\u00fcrgerbus feiert beim Stadtgeburtstag mit - B\u00fcrgerbus Steinfurt %\",\"isPartOf\":{\"@id\":\"https:\\\/\\\/buergerbus-steinfurt.de\\\/#website\"},\"primaryImageOfPage\":{\"@id\":\"https:\\\/\\\/buergerbus-steinfurt.de\\\/?p=5171#primaryimage\"},\"image\":{\"@id\":\"https:\\\/\\\/buergerbus-steinfurt.de\\\/?p=5171#primaryimage\"},\"thumbnailUrl\":\"https:\\\/\\\/buergerbus-steinfurt.de\\\/wp-content\\\/uploads\\\/2025\\\/08\\\/BueBus-beim-Kreisfest-scaled.jpg\",\"datePublished\":\"2025-08-25T13:28:35+00:00\",\"dateModified\":\"2025-08-25T15:10:14+00:00\",\"breadcrumb\":{\"@id\":\"https:\\\/\\\/buergerbus-steinfurt.de\\\/?p=5171#breadcrumb\"},\"inLanguage\":\"de\",\"potentialAction\":[{\"@type\":\"ReadAction\",\"target\":[\"https:\\\/\\\/buergerbus-steinfurt.de\\\/?p=5171\"]}]},{\"@type\":\"ImageObject\",\"inLanguage\":\"de\",\"@id\":\"https:\\\/\\\/buergerbus-steinfurt.de\\\/?p=5171#primaryimage\",\"url\":\"https:\\\/\\\/buergerbus-steinfurt.de\\\/wp-content\\\/uploads\\\/2025\\\/08\\\/BueBus-beim-Kreisfest-scaled.jpg\",\"contentUrl\":\"https:\\\/\\\/buergerbus-steinfurt.de\\\/wp-content\\\/uploads\\\/2025\\\/08\\\/BueBus-beim-Kreisfest-scaled.jpg\",\"width\":2560,\"height\":1920},{\"@type\":\"BreadcrumbList\",\"@id\":\"https:\\\/\\\/buergerbus-steinfurt.de\\\/?p=5171#breadcrumb\",\"itemListElement\":[{\"@type\":\"ListItem\",\"position\":1,\"name\":\"Startseite\",\"item\":\"https:\\\/\\\/buergerbus-steinfurt.de\\\/\"},{\"@type\":\"ListItem\",\"position\":2,\"name\":\"B\u00fcrgerbus feiert beim Stadtgeburtstag mit\"}]},{\"@type\":\"WebSite\",\"@id\":\"https:\\\/\\\/buergerbus-steinfurt.de\\\/#website\",\"url\":\"https:\\\/\\\/buergerbus-steinfurt.de\\\/\",\"name\":\"B\u00dcRGERBUS STEINFURT\",\"description\":\"\",\"publisher\":{\"@id\":\"https:\\\/\\\/buergerbus-steinfurt.de\\\/#organization\"},\"potentialAction\":[{\"@type\":\"SearchAction\",\"target\":{\"@type\":\"EntryPoint\",\"urlTemplate\":\"https:\\\/\\\/buergerbus-steinfurt.de\\\/?s={search_term_string}\"},\"query-input\":{\"@type\":\"PropertyValueSpecification\",\"valueRequired\":true,\"valueName\":\"search_term_string\"}}],\"inLanguage\":\"de\"},{\"@type\":\"Organization\",\"@id\":\"https:\\\/\\\/buergerbus-steinfurt.de\\\/#organization\",\"name\":\"B\u00fcrgerbus Steinfurt e.V.\",\"url\":\"https:\\\/\\\/buergerbus-steinfurt.de\\\/\",\"logo\":{\"@type\":\"ImageObject\",\"inLanguage\":\"de\",\"@id\":\"https:\\\/\\\/buergerbus-steinfurt.de\\\/#\\\/schema\\\/logo\\\/image\\\/\",\"url\":\"https:\\\/\\\/buergerbus-steinfurt.de\\\/wp-content\\\/uploads\\\/2022\\\/08\\\/2bb-steinfurt-logo-neu.png\",\"contentUrl\":\"https:\\\/\\\/buergerbus-steinfurt.de\\\/wp-content\\\/uploads\\\/2022\\\/08\\\/2bb-steinfurt-logo-neu.png\",\"width\":293,\"height\":75,\"caption\":\"B\u00fcrgerbus Steinfurt e.V.\"},\"image\":{\"@id\":\"https:\\\/\\\/buergerbus-steinfurt.de\\\/#\\\/schema\\\/logo\\\/image\\\/\"}},{\"@type\":\"Person\",\"@id\":\"https:\\\/\\\/buergerbus-steinfurt.de\\\/#\\\/schema\\\/person\\\/d0df83117f05647dd427e2cec47c2195\",\"name\":\"Reimar Bage\",\"image\":{\"@type\":\"ImageObject\",\"inLanguage\":\"de\",\"@id\":\"https:\\\/\\\/secure.gravatar.com\\\/avatar\\\/39763b5f1cf57f5fba11a8cef91d12bcd5b654814054b4c246daa1f3737f8a35?s=96&d=mm&r=g\",\"url\":\"https:\\\/\\\/secure.gravatar.com\\\/avatar\\\/39763b5f1cf57f5fba11a8cef91d12bcd5b654814054b4c246daa1f3737f8a35?s=96&d=mm&r=g\",\"contentUrl\":\"https:\\\/\\\/secure.gravatar.com\\\/avatar\\\/39763b5f1cf57f5fba11a8cef91d12bcd5b654814054b4c246daa1f3737f8a35?s=96&d=mm&r=g\",\"caption\":\"Reimar Bage\"},\"url\":\"https:\\\/\\\/buergerbus-steinfurt.de\\\/?author=3\"}]}<\/script>\n<!-- \/ Yoast SEO plugin. -->","yoast_head_json":{"title":"B\u00fcrgerbus feiert beim Stadtgeburtstag mit - B\u00fcrgerbus Steinfurt %","robots":{"index":"index","follow":"follow","max-snippet":"max-snippet:-1","max-image-preview":"max-image-preview:large","max-video-preview":"max-video-preview:-1"},"canonical":"https:\/\/buergerbus-steinfurt.de\/?p=5171","og_locale":"de_DE","og_type":"article","og_title":"B\u00fcrgerbus feiert beim Stadtgeburtstag mit - B\u00fcrgerbus Steinfurt %","og_description":"B\u00fcrgerbusvereinsvorsitzender Josef Greiwe (links) gratuliert Lisa Gartlage zum Gewinn des Hauptpreises, ein Rundflug \u00fcber Steinfurt, rechts Stellvertretender Vorsitzender Herbert Zellerhoff Steinfurt. Sehr erfolgreich war der B\u00fcrgerbusverein Steinfurt beim Stadtgeburtstag auf ...","og_url":"https:\/\/buergerbus-steinfurt.de\/?p=5171","og_site_name":"B\u00fcrgerbus Steinfurt","article_published_time":"2025-08-25T13:28:35+00:00","article_modified_time":"2025-08-25T15:10:14+00:00","og_image":[{"width":2560,"height":1920,"url":"https:\/\/buergerbus-steinfurt.de\/wp-content\/uploads\/2025\/08\/BueBus-beim-Kreisfest-scaled.jpg","type":"image\/jpeg"}],"author":"Reimar Bage","twitter_card":"summary_large_image","twitter_misc":{"Verfasst von":"Reimar Bage","Gesch\u00e4tzte Lesezeit":"1\u00a0Minute"},"schema":{"@context":"https:\/\/schema.org","@graph":[{"@type":"Article","@id":"https:\/\/buergerbus-steinfurt.de\/?p=5171#article","isPartOf":{"@id":"https:\/\/buergerbus-steinfurt.de\/?p=5171"},"author":{"name":"Reimar Bage","@id":"https:\/\/buergerbus-steinfurt.de\/#\/schema\/person\/d0df83117f05647dd427e2cec47c2195"},"headline":"B\u00fcrgerbus feiert beim Stadtgeburtstag mit","datePublished":"2025-08-25T13:28:35+00:00","dateModified":"2025-08-25T15:10:14+00:00","mainEntityOfPage":{"@id":"https:\/\/buergerbus-steinfurt.de\/?p=5171"},"wordCount":144,"publisher":{"@id":"https:\/\/buergerbus-steinfurt.de\/#organization"},"image":{"@id":"https:\/\/buergerbus-steinfurt.de\/?p=5171#primaryimage"},"thumbnailUrl":"https:\/\/buergerbus-steinfurt.de\/wp-content\/uploads\/2025\/08\/BueBus-beim-Kreisfest-scaled.jpg","articleSection":["Uncategorized"],"inLanguage":"de"},{"@type":"WebPage","@id":"https:\/\/buergerbus-steinfurt.de\/?p=5171","url":"https:\/\/buergerbus-steinfurt.de\/?p=5171","name":"B\u00fcrgerbus feiert beim Stadtgeburtstag mit - B\u00fcrgerbus Steinfurt %","isPartOf":{"@id":"https:\/\/buergerbus-steinfurt.de\/#website"},"primaryImageOfPage":{"@id":"https:\/\/buergerbus-steinfurt.de\/?p=5171#primaryimage"},"image":{"@id":"https:\/\/buergerbus-steinfurt.de\/?p=5171#primaryimage"},"thumbnailUrl":"https:\/\/buergerbus-steinfurt.de\/wp-content\/uploads\/2025\/08\/BueBus-beim-Kreisfest-scaled.jpg","datePublished":"2025-08-25T13:28:35+00:00","dateModified":"2025-08-25T15:10:14+00:00","breadcrumb":{"@id":"https:\/\/buergerbus-steinfurt.de\/?p=5171#breadcrumb"},"inLanguage":"de","potentialAction":[{"@type":"ReadAction","target":["https:\/\/buergerbus-steinfurt.de\/?p=5171"]}]},{"@type":"ImageObject","inLanguage":"de","@id":"https:\/\/buergerbus-steinfurt.de\/?p=5171#primaryimage","url":"https:\/\/buergerbus-steinfurt.de\/wp-content\/uploads\/2025\/08\/BueBus-beim-Kreisfest-scaled.jpg","contentUrl":"https:\/\/buergerbus-steinfurt.de\/wp-content\/uploads\/2025\/08\/BueBus-beim-Kreisfest-scaled.jpg","width":2560,"height":1920},{"@type":"BreadcrumbList","@id":"https:\/\/buergerbus-steinfurt.de\/?p=5171#breadcrumb","itemListElement":[{"@type":"ListItem","position":1,"name":"Startseite","item":"https:\/\/buergerbus-steinfurt.de\/"},{"@type":"ListItem","position":2,"name":"B\u00fcrgerbus feiert beim Stadtgeburtstag mit"}]},{"@type":"WebSite","@id":"https:\/\/buergerbus-steinfurt.de\/#website","url":"https:\/\/buergerbus-steinfurt.de\/","name":"B\u00dcRGERBUS STEINFURT","description":"","publisher":{"@id":"https:\/\/buergerbus-steinfurt.de\/#organization"},"potentialAction":[{"@type":"SearchAction","target":{"@type":"EntryPoint","urlTemplate":"https:\/\/buergerbus-steinfurt.de\/?s={search_term_string}"},"query-input":{"@type":"PropertyValueSpecification","valueRequired":true,"valueName":"search_term_string"}}],"inLanguage":"de"},{"@type":"Organization","@id":"https:\/\/buergerbus-steinfurt.de\/#organization","name":"B\u00fcrgerbus Steinfurt e.V.","url":"https:\/\/buergerbus-steinfurt.de\/","logo":{"@type":"ImageObject","inLanguage":"de","@id":"https:\/\/buergerbus-steinfurt.de\/#\/schema\/logo\/image\/","url":"https:\/\/buergerbus-steinfurt.de\/wp-content\/uploads\/2022\/08\/2bb-steinfurt-logo-neu.png","contentUrl":"https:\/\/buergerbus-steinfurt.de\/wp-content\/uploads\/2022\/08\/2bb-steinfurt-logo-neu.png","width":293,"height":75,"caption":"B\u00fcrgerbus Steinfurt e.V."},"image":{"@id":"https:\/\/buergerbus-steinfurt.de\/#\/schema\/logo\/image\/"}},{"@type":"Person","@id":"https:\/\/buergerbus-steinfurt.de\/#\/schema\/person\/d0df83117f05647dd427e2cec47c2195","name":"Reimar Bage","image":{"@type":"ImageObject","inLanguage":"de","@id":"https:\/\/secure.gravatar.com\/avatar\/39763b5f1cf57f5fba11a8cef91d12bcd5b654814054b4c246daa1f3737f8a35?s=96&d=mm&r=g","url":"https:\/\/secure.gravatar.com\/avatar\/39763b5f1cf57f5fba11a8cef91d12bcd5b654814054b4c246daa1f3737f8a35?s=96&d=mm&r=g","contentUrl":"https:\/\/secure.gravatar.com\/avatar\/39763b5f1cf57f5fba11a8cef91d12bcd5b654814054b4c246daa1f3737f8a35?s=96&d=mm&r=g","caption":"Reimar Bage"},"url":"https:\/\/buergerbus-steinfurt.de\/?author=3"}]}},"_links":{"self":[{"href":"https:\/\/buergerbus-steinfurt.de\/index.php?rest_route=\/wp\/v2\/posts\/5171","targetHints":{"allow":["GET"]}}],"collection":[{"href":"https:\/\/buergerbus-steinfurt.de\/index.php?rest_route=\/wp\/v2\/posts"}],"about":[{"href":"https:\/\/buergerbus-steinfurt.de\/index.php?rest_route=\/wp\/v2\/types\/post"}],"author":[{"embeddable":true,"href":"https:\/\/buergerbus-steinfurt.de\/index.php?rest_route=\/wp\/v2\/users\/3"}],"replies":[{"embeddable":true,"href":"https:\/\/buergerbus-steinfurt.de\/index.php?rest_route=%2Fwp%2Fv2%2Fcomments&post=5171"}],"version-history":[{"count":4,"href":"https:\/\/buergerbus-steinfurt.de\/index.php?rest_route=\/wp\/v2\/posts\/5171\/revisions"}],"predecessor-version":[{"id":5178,"href":"https:\/\/buergerbus-steinfurt.de\/index.php?rest_route=\/wp\/v2\/posts\/5171\/revisions\/5178"}],"wp:featuredmedia":[{"embeddable":true,"href":"https:\/\/buergerbus-steinfurt.de\/index.php?rest_route=\/wp\/v2\/media\/5173"}],"wp:attachment":[{"href":"https:\/\/buergerbus-steinfurt.de\/index.php?rest_route=%2Fwp%2Fv2%2Fmedia&parent=5171"}],"wp:term":[{"taxonomy":"category","embeddable":true,"href":"https:\/\/buergerbus-steinfurt.de\/index.php?rest_route=%2Fwp%2Fv2%2Fcategories&post=5171"},{"taxonomy":"post_tag","embeddable":true,"href":"https:\/\/buergerbus-steinfurt.de\/index.php?rest_route=%2Fwp%2Fv2%2Ftags&post=5171"}],"curies":[{"name":"wp","href":"https:\/\/api.w.org\/{rel}","templated":true}]}}