{"id":5144,"date":"2025-07-12T18:54:28","date_gmt":"2025-07-12T18:54:28","guid":{"rendered":"https:\/\/buergerbus-steinfurt.de\/?p=5144"},"modified":"2025-07-12T18:58:18","modified_gmt":"2025-07-12T18:58:18","slug":"buergerbus-wieder-auf-neuer-rekordfahrt","status":"publish","type":"post","link":"https:\/\/buergerbus-steinfurt.de\/?p=5144","title":{"rendered":"B\u00fcrgerbus wieder auf neuer Rekordfahrt"},"content":{"rendered":"<p>&nbsp;<\/p>\n<p><a href=\"https:\/\/buergerbus-steinfurt.de\/?attachment_id=5145\" rel=\"attachment wp-att-5145\"><img loading=\"lazy\" decoding=\"async\" class=\"aligncenter wp-image-5145 size-full\" src=\"https:\/\/buergerbus-steinfurt.de\/wp-content\/uploads\/2025\/07\/Ausschnitt-scaled.jpg\" alt=\"\" width=\"2560\" height=\"1291\" srcset=\"https:\/\/buergerbus-steinfurt.de\/wp-content\/uploads\/2025\/07\/Ausschnitt-scaled.jpg 2560w, https:\/\/buergerbus-steinfurt.de\/wp-content\/uploads\/2025\/07\/Ausschnitt-300x150.jpg 300w, https:\/\/buergerbus-steinfurt.de\/wp-content\/uploads\/2025\/07\/Ausschnitt-1024x516.jpg 1024w, https:\/\/buergerbus-steinfurt.de\/wp-content\/uploads\/2025\/07\/Ausschnitt-768x387.jpg 768w, https:\/\/buergerbus-steinfurt.de\/wp-content\/uploads\/2025\/07\/Ausschnitt-1536x775.jpg 1536w, https:\/\/buergerbus-steinfurt.de\/wp-content\/uploads\/2025\/07\/Ausschnitt-2048x1033.jpg 2048w\" sizes=\"auto, (max-width: 2560px) 100vw, 2560px\" \/><\/a><\/p>\n<p><strong><em>Zu den G\u00e4sten geh\u00f6rte auch Claudia B\u00f6gel-Hoyer, zum letzten Mal in ihrer Funktion als B\u00fcrgermeisterin (links im Bild)<\/em><\/strong><\/p>\n<p>Das diesj\u00e4hrige Sommerfest des B\u00fcrgerbusvereins Steinfurt fand unter g\u00fcnstigen Bedingungen statt: Nicht zu hei\u00dfes Wetter, gute Beteiligung und eine Vielzahl positiver Nachrichten. Die beste, die Vorsitzender Josef Greive in seiner Begr\u00fc\u00dfung parat hatte: Der \u201eB\u00fcrgerbus hat im ersten Halbjahr 2025 schon 8000 Fahrg\u00e4ste bef\u00f6rdert und hofft auf einen neuen Jahresrekord von 16.000 Passagieren nach 14.000 im letzten Jahr.<br \/>\nAls neue Fahrer sind Ralf Bocker, G\u00fcnter Krebs und Werner Sundermann ins Team eingetreten. Weitere gute Nachricht von Greive: \u201eF\u00fcr unseren B\u00fcrgerbus haben wir einen weiteren Werbetr\u00e4ger gefunden. Es ist unser Krankenhaus, das UKM-Marienhospital. Ich meine: B\u00fcrgerbus Steinfurt und unser Krankenhaus vor Ort, das passt zusammen. Die Verantwortlichen der RVM haben f\u00fcr uns sogar eine Ausnahme gemacht: Wir durften die Glast\u00fcren des B\u00fcrgerbusses f\u00fcr die Werbung nutzen\u201c<br \/>\nAu\u00dferdem teilte der RVM mit, dass der B\u00fcrgerbus im vergangenen Jahr ein Plus von fast 2000 \u20ac gemacht, so dass die Stadt Steinfurt keinen Zuschuss zahlen muss. Das freute auch Claudia B\u00f6gel-Hoyer, die zum letzten Mal als B\u00fcrgermeisterin zu Gast war und unter dem Beifall der Anwesenden versprach, weiterhin Mitglied zu bleiben. Greive dankte B\u00f6gel-Hoyer f\u00fcr ihre Unterst\u00fctzung, die mit zum Erfolg des B\u00fcrgerbusses beigetragen habe.<br \/>\nSchlie\u00dflich galt Dank auch Christa H\u00f6tker, die jahrelang den Bus geputzt hatte, jetzt aber aus gesundheitlichen Gr\u00fcnden nicht mehr zur Verf\u00fcgung steht. Ihre Nachfolge tritt Margarete Zellerhoff an. Schlie\u00dflich freut sich der Verein auch, dass der Streckenplan und die Haltstellen ab sofort einen festen Platz in der Brosch\u00fcre \u201eSteinfurt aktuell\u201c haben.<br \/>\nDanach informierte stellvertretender Vorsitzender Herbert Zellerhoff, der die Veranstaltung wie immer souver\u00e4n vorbereitet hatte, \u00fcber den weiteren Ablauf. Dazu geh\u00f6rten das Abendessen mit Bratwurst vom Grill und verschiedene Salate sowie eine reichhaltige Auswahl an kalten Getr\u00e4nken. Nach dem Essen war Gelegenheit zum Gedankenaustausch in gem\u00fctlicher Runde.<\/p>\n<p><a href=\"https:\/\/buergerbus-steinfurt.de\/?attachment_id=5149\" rel=\"attachment wp-att-5149\"><img loading=\"lazy\" decoding=\"async\" class=\"aligncenter wp-image-5149 size-full\" src=\"https:\/\/buergerbus-steinfurt.de\/wp-content\/uploads\/2025\/07\/IMG_4780-scaled.jpg\" alt=\"\" width=\"2560\" height=\"1707\" srcset=\"https:\/\/buergerbus-steinfurt.de\/wp-content\/uploads\/2025\/07\/IMG_4780-scaled.jpg 2560w, https:\/\/buergerbus-steinfurt.de\/wp-content\/uploads\/2025\/07\/IMG_4780-300x200.jpg 300w, https:\/\/buergerbus-steinfurt.de\/wp-content\/uploads\/2025\/07\/IMG_4780-1024x683.jpg 1024w, https:\/\/buergerbus-steinfurt.de\/wp-content\/uploads\/2025\/07\/IMG_4780-768x512.jpg 768w, https:\/\/buergerbus-steinfurt.de\/wp-content\/uploads\/2025\/07\/IMG_4780-1536x1024.jpg 1536w, https:\/\/buergerbus-steinfurt.de\/wp-content\/uploads\/2025\/07\/IMG_4780-2048x1365.jpg 2048w\" sizes=\"auto, (max-width: 2560px) 100vw, 2560px\" \/><\/a><\/p>\n<p><strong><em>Gut besucht war das Sommerfest auf den Anlagen von Beckers&#8217;s Jan<a href=\"https:\/\/buergerbus-steinfurt.de\/?attachment_id=5152\" rel=\"attachment wp-att-5152\"><img loading=\"lazy\" decoding=\"async\" class=\"aligncenter wp-image-5152 size-full\" src=\"https:\/\/buergerbus-steinfurt.de\/wp-content\/uploads\/2025\/07\/IMG_4774-scaled.jpg\" alt=\"\" width=\"2560\" height=\"1707\" srcset=\"https:\/\/buergerbus-steinfurt.de\/wp-content\/uploads\/2025\/07\/IMG_4774-scaled.jpg 2560w, https:\/\/buergerbus-steinfurt.de\/wp-content\/uploads\/2025\/07\/IMG_4774-300x200.jpg 300w, https:\/\/buergerbus-steinfurt.de\/wp-content\/uploads\/2025\/07\/IMG_4774-1024x683.jpg 1024w, https:\/\/buergerbus-steinfurt.de\/wp-content\/uploads\/2025\/07\/IMG_4774-768x512.jpg 768w, https:\/\/buergerbus-steinfurt.de\/wp-content\/uploads\/2025\/07\/IMG_4774-1536x1024.jpg 1536w, https:\/\/buergerbus-steinfurt.de\/wp-content\/uploads\/2025\/07\/IMG_4774-2048x1365.jpg 2048w\" sizes=\"auto, (max-width: 2560px) 100vw, 2560px\" \/><\/a><\/em><\/strong><\/p>\n<p>&nbsp;<\/p>\n","protected":false},"excerpt":{"rendered":"<p>&nbsp; Zu den G\u00e4sten geh\u00f6rte auch Claudia B\u00f6gel-Hoyer, zum letzten Mal in ihrer Funktion als B\u00fcrgermeisterin (links im Bild) Das diesj\u00e4hrige Sommerfest des B\u00fcrgerbusvereins Steinfurt fand unter g\u00fcnstigen Bedingungen statt: &#8230;<\/p>\n","protected":false},"author":3,"featured_media":5145,"comment_status":"closed","ping_status":"closed","sticky":false,"template":"","format":"standard","meta":{"footnotes":""},"categories":[1],"tags":[],"class_list":["post-5144","post","type-post","status-publish","format-standard","has-post-thumbnail","hentry","category-uncategorized"],"yoast_head":"<!-- This site is optimized with the Yoast SEO plugin v27.4 - https:\/\/yoast.com\/product\/yoast-seo-wordpress\/ -->\n<title>B\u00fcrgerbus wieder auf neuer Rekordfahrt - B\u00fcrgerbus Steinfurt %<\/title>\n<meta name=\"robots\" content=\"index, follow, max-snippet:-1, max-image-preview:large, max-video-preview:-1\" \/>\n<link rel=\"canonical\" href=\"https:\/\/buergerbus-steinfurt.de\/?p=5144\" \/>\n<meta property=\"og:locale\" content=\"de_DE\" \/>\n<meta property=\"og:type\" content=\"article\" \/>\n<meta property=\"og:title\" content=\"B\u00fcrgerbus wieder auf neuer Rekordfahrt - B\u00fcrgerbus Steinfurt %\" \/>\n<meta property=\"og:description\" content=\"&nbsp; Zu den G\u00e4sten geh\u00f6rte auch Claudia B\u00f6gel-Hoyer, zum letzten Mal in ihrer Funktion als B\u00fcrgermeisterin (links im Bild) Das diesj\u00e4hrige Sommerfest des B\u00fcrgerbusvereins Steinfurt fand unter g\u00fcnstigen Bedingungen statt: ...\" \/>\n<meta property=\"og:url\" content=\"https:\/\/buergerbus-steinfurt.de\/?p=5144\" \/>\n<meta property=\"og:site_name\" content=\"B\u00fcrgerbus Steinfurt\" \/>\n<meta property=\"article:published_time\" content=\"2025-07-12T18:54:28+00:00\" \/>\n<meta property=\"article:modified_time\" content=\"2025-07-12T18:58:18+00:00\" \/>\n<meta property=\"og:image\" content=\"https:\/\/buergerbus-steinfurt.de\/wp-content\/uploads\/2025\/07\/Ausschnitt-scaled.jpg\" \/>\n\t<meta property=\"og:image:width\" content=\"2560\" \/>\n\t<meta property=\"og:image:height\" content=\"1291\" \/>\n\t<meta property=\"og:image:type\" content=\"image\/jpeg\" \/>\n<meta name=\"author\" content=\"Reimar Bage\" \/>\n<meta name=\"twitter:card\" content=\"summary_large_image\" \/>\n<meta name=\"twitter:label1\" content=\"Verfasst von\" \/>\n\t<meta name=\"twitter:data1\" content=\"Reimar Bage\" \/>\n\t<meta name=\"twitter:label2\" content=\"Gesch\u00e4tzte Lesezeit\" \/>\n\t<meta name=\"twitter:data2\" content=\"2\u00a0Minuten\" \/>\n<script type=\"application\/ld+json\" class=\"yoast-schema-graph\">{\"@context\":\"https:\\\/\\\/schema.org\",\"@graph\":[{\"@type\":\"Article\",\"@id\":\"https:\\\/\\\/buergerbus-steinfurt.de\\\/?p=5144#article\",\"isPartOf\":{\"@id\":\"https:\\\/\\\/buergerbus-steinfurt.de\\\/?p=5144\"},\"author\":{\"name\":\"Reimar Bage\",\"@id\":\"https:\\\/\\\/buergerbus-steinfurt.de\\\/#\\\/schema\\\/person\\\/d0df83117f05647dd427e2cec47c2195\"},\"headline\":\"B\u00fcrgerbus wieder auf neuer Rekordfahrt\",\"datePublished\":\"2025-07-12T18:54:28+00:00\",\"dateModified\":\"2025-07-12T18:58:18+00:00\",\"mainEntityOfPage\":{\"@id\":\"https:\\\/\\\/buergerbus-steinfurt.de\\\/?p=5144\"},\"wordCount\":359,\"publisher\":{\"@id\":\"https:\\\/\\\/buergerbus-steinfurt.de\\\/#organization\"},\"image\":{\"@id\":\"https:\\\/\\\/buergerbus-steinfurt.de\\\/?p=5144#primaryimage\"},\"thumbnailUrl\":\"https:\\\/\\\/buergerbus-steinfurt.de\\\/wp-content\\\/uploads\\\/2025\\\/07\\\/Ausschnitt-scaled.jpg\",\"articleSection\":[\"Uncategorized\"],\"inLanguage\":\"de\"},{\"@type\":\"WebPage\",\"@id\":\"https:\\\/\\\/buergerbus-steinfurt.de\\\/?p=5144\",\"url\":\"https:\\\/\\\/buergerbus-steinfurt.de\\\/?p=5144\",\"name\":\"B\u00fcrgerbus wieder auf neuer Rekordfahrt - B\u00fcrgerbus Steinfurt %\",\"isPartOf\":{\"@id\":\"https:\\\/\\\/buergerbus-steinfurt.de\\\/#website\"},\"primaryImageOfPage\":{\"@id\":\"https:\\\/\\\/buergerbus-steinfurt.de\\\/?p=5144#primaryimage\"},\"image\":{\"@id\":\"https:\\\/\\\/buergerbus-steinfurt.de\\\/?p=5144#primaryimage\"},\"thumbnailUrl\":\"https:\\\/\\\/buergerbus-steinfurt.de\\\/wp-content\\\/uploads\\\/2025\\\/07\\\/Ausschnitt-scaled.jpg\",\"datePublished\":\"2025-07-12T18:54:28+00:00\",\"dateModified\":\"2025-07-12T18:58:18+00:00\",\"breadcrumb\":{\"@id\":\"https:\\\/\\\/buergerbus-steinfurt.de\\\/?p=5144#breadcrumb\"},\"inLanguage\":\"de\",\"potentialAction\":[{\"@type\":\"ReadAction\",\"target\":[\"https:\\\/\\\/buergerbus-steinfurt.de\\\/?p=5144\"]}]},{\"@type\":\"ImageObject\",\"inLanguage\":\"de\",\"@id\":\"https:\\\/\\\/buergerbus-steinfurt.de\\\/?p=5144#primaryimage\",\"url\":\"https:\\\/\\\/buergerbus-steinfurt.de\\\/wp-content\\\/uploads\\\/2025\\\/07\\\/Ausschnitt-scaled.jpg\",\"contentUrl\":\"https:\\\/\\\/buergerbus-steinfurt.de\\\/wp-content\\\/uploads\\\/2025\\\/07\\\/Ausschnitt-scaled.jpg\",\"width\":2560,\"height\":1291},{\"@type\":\"BreadcrumbList\",\"@id\":\"https:\\\/\\\/buergerbus-steinfurt.de\\\/?p=5144#breadcrumb\",\"itemListElement\":[{\"@type\":\"ListItem\",\"position\":1,\"name\":\"Startseite\",\"item\":\"https:\\\/\\\/buergerbus-steinfurt.de\\\/\"},{\"@type\":\"ListItem\",\"position\":2,\"name\":\"B\u00fcrgerbus wieder auf neuer Rekordfahrt\"}]},{\"@type\":\"WebSite\",\"@id\":\"https:\\\/\\\/buergerbus-steinfurt.de\\\/#website\",\"url\":\"https:\\\/\\\/buergerbus-steinfurt.de\\\/\",\"name\":\"B\u00dcRGERBUS STEINFURT\",\"description\":\"\",\"publisher\":{\"@id\":\"https:\\\/\\\/buergerbus-steinfurt.de\\\/#organization\"},\"potentialAction\":[{\"@type\":\"SearchAction\",\"target\":{\"@type\":\"EntryPoint\",\"urlTemplate\":\"https:\\\/\\\/buergerbus-steinfurt.de\\\/?s={search_term_string}\"},\"query-input\":{\"@type\":\"PropertyValueSpecification\",\"valueRequired\":true,\"valueName\":\"search_term_string\"}}],\"inLanguage\":\"de\"},{\"@type\":\"Organization\",\"@id\":\"https:\\\/\\\/buergerbus-steinfurt.de\\\/#organization\",\"name\":\"B\u00fcrgerbus Steinfurt e.V.\",\"url\":\"https:\\\/\\\/buergerbus-steinfurt.de\\\/\",\"logo\":{\"@type\":\"ImageObject\",\"inLanguage\":\"de\",\"@id\":\"https:\\\/\\\/buergerbus-steinfurt.de\\\/#\\\/schema\\\/logo\\\/image\\\/\",\"url\":\"https:\\\/\\\/buergerbus-steinfurt.de\\\/wp-content\\\/uploads\\\/2022\\\/08\\\/2bb-steinfurt-logo-neu.png\",\"contentUrl\":\"https:\\\/\\\/buergerbus-steinfurt.de\\\/wp-content\\\/uploads\\\/2022\\\/08\\\/2bb-steinfurt-logo-neu.png\",\"width\":293,\"height\":75,\"caption\":\"B\u00fcrgerbus Steinfurt e.V.\"},\"image\":{\"@id\":\"https:\\\/\\\/buergerbus-steinfurt.de\\\/#\\\/schema\\\/logo\\\/image\\\/\"}},{\"@type\":\"Person\",\"@id\":\"https:\\\/\\\/buergerbus-steinfurt.de\\\/#\\\/schema\\\/person\\\/d0df83117f05647dd427e2cec47c2195\",\"name\":\"Reimar Bage\",\"image\":{\"@type\":\"ImageObject\",\"inLanguage\":\"de\",\"@id\":\"https:\\\/\\\/secure.gravatar.com\\\/avatar\\\/39763b5f1cf57f5fba11a8cef91d12bcd5b654814054b4c246daa1f3737f8a35?s=96&d=mm&r=g\",\"url\":\"https:\\\/\\\/secure.gravatar.com\\\/avatar\\\/39763b5f1cf57f5fba11a8cef91d12bcd5b654814054b4c246daa1f3737f8a35?s=96&d=mm&r=g\",\"contentUrl\":\"https:\\\/\\\/secure.gravatar.com\\\/avatar\\\/39763b5f1cf57f5fba11a8cef91d12bcd5b654814054b4c246daa1f3737f8a35?s=96&d=mm&r=g\",\"caption\":\"Reimar Bage\"},\"url\":\"https:\\\/\\\/buergerbus-steinfurt.de\\\/?author=3\"}]}<\/script>\n<!-- \/ Yoast SEO plugin. -->","yoast_head_json":{"title":"B\u00fcrgerbus wieder auf neuer Rekordfahrt - B\u00fcrgerbus Steinfurt %","robots":{"index":"index","follow":"follow","max-snippet":"max-snippet:-1","max-image-preview":"max-image-preview:large","max-video-preview":"max-video-preview:-1"},"canonical":"https:\/\/buergerbus-steinfurt.de\/?p=5144","og_locale":"de_DE","og_type":"article","og_title":"B\u00fcrgerbus wieder auf neuer Rekordfahrt - B\u00fcrgerbus Steinfurt %","og_description":"&nbsp; Zu den G\u00e4sten geh\u00f6rte auch Claudia B\u00f6gel-Hoyer, zum letzten Mal in ihrer Funktion als B\u00fcrgermeisterin (links im Bild) Das diesj\u00e4hrige Sommerfest des B\u00fcrgerbusvereins Steinfurt fand unter g\u00fcnstigen Bedingungen statt: ...","og_url":"https:\/\/buergerbus-steinfurt.de\/?p=5144","og_site_name":"B\u00fcrgerbus Steinfurt","article_published_time":"2025-07-12T18:54:28+00:00","article_modified_time":"2025-07-12T18:58:18+00:00","og_image":[{"width":2560,"height":1291,"url":"https:\/\/buergerbus-steinfurt.de\/wp-content\/uploads\/2025\/07\/Ausschnitt-scaled.jpg","type":"image\/jpeg"}],"author":"Reimar Bage","twitter_card":"summary_large_image","twitter_misc":{"Verfasst von":"Reimar Bage","Gesch\u00e4tzte Lesezeit":"2\u00a0Minuten"},"schema":{"@context":"https:\/\/schema.org","@graph":[{"@type":"Article","@id":"https:\/\/buergerbus-steinfurt.de\/?p=5144#article","isPartOf":{"@id":"https:\/\/buergerbus-steinfurt.de\/?p=5144"},"author":{"name":"Reimar Bage","@id":"https:\/\/buergerbus-steinfurt.de\/#\/schema\/person\/d0df83117f05647dd427e2cec47c2195"},"headline":"B\u00fcrgerbus wieder auf neuer Rekordfahrt","datePublished":"2025-07-12T18:54:28+00:00","dateModified":"2025-07-12T18:58:18+00:00","mainEntityOfPage":{"@id":"https:\/\/buergerbus-steinfurt.de\/?p=5144"},"wordCount":359,"publisher":{"@id":"https:\/\/buergerbus-steinfurt.de\/#organization"},"image":{"@id":"https:\/\/buergerbus-steinfurt.de\/?p=5144#primaryimage"},"thumbnailUrl":"https:\/\/buergerbus-steinfurt.de\/wp-content\/uploads\/2025\/07\/Ausschnitt-scaled.jpg","articleSection":["Uncategorized"],"inLanguage":"de"},{"@type":"WebPage","@id":"https:\/\/buergerbus-steinfurt.de\/?p=5144","url":"https:\/\/buergerbus-steinfurt.de\/?p=5144","name":"B\u00fcrgerbus wieder auf neuer Rekordfahrt - B\u00fcrgerbus Steinfurt %","isPartOf":{"@id":"https:\/\/buergerbus-steinfurt.de\/#website"},"primaryImageOfPage":{"@id":"https:\/\/buergerbus-steinfurt.de\/?p=5144#primaryimage"},"image":{"@id":"https:\/\/buergerbus-steinfurt.de\/?p=5144#primaryimage"},"thumbnailUrl":"https:\/\/buergerbus-steinfurt.de\/wp-content\/uploads\/2025\/07\/Ausschnitt-scaled.jpg","datePublished":"2025-07-12T18:54:28+00:00","dateModified":"2025-07-12T18:58:18+00:00","breadcrumb":{"@id":"https:\/\/buergerbus-steinfurt.de\/?p=5144#breadcrumb"},"inLanguage":"de","potentialAction":[{"@type":"ReadAction","target":["https:\/\/buergerbus-steinfurt.de\/?p=5144"]}]},{"@type":"ImageObject","inLanguage":"de","@id":"https:\/\/buergerbus-steinfurt.de\/?p=5144#primaryimage","url":"https:\/\/buergerbus-steinfurt.de\/wp-content\/uploads\/2025\/07\/Ausschnitt-scaled.jpg","contentUrl":"https:\/\/buergerbus-steinfurt.de\/wp-content\/uploads\/2025\/07\/Ausschnitt-scaled.jpg","width":2560,"height":1291},{"@type":"BreadcrumbList","@id":"https:\/\/buergerbus-steinfurt.de\/?p=5144#breadcrumb","itemListElement":[{"@type":"ListItem","position":1,"name":"Startseite","item":"https:\/\/buergerbus-steinfurt.de\/"},{"@type":"ListItem","position":2,"name":"B\u00fcrgerbus wieder auf neuer Rekordfahrt"}]},{"@type":"WebSite","@id":"https:\/\/buergerbus-steinfurt.de\/#website","url":"https:\/\/buergerbus-steinfurt.de\/","name":"B\u00dcRGERBUS STEINFURT","description":"","publisher":{"@id":"https:\/\/buergerbus-steinfurt.de\/#organization"},"potentialAction":[{"@type":"SearchAction","target":{"@type":"EntryPoint","urlTemplate":"https:\/\/buergerbus-steinfurt.de\/?s={search_term_string}"},"query-input":{"@type":"PropertyValueSpecification","valueRequired":true,"valueName":"search_term_string"}}],"inLanguage":"de"},{"@type":"Organization","@id":"https:\/\/buergerbus-steinfurt.de\/#organization","name":"B\u00fcrgerbus Steinfurt e.V.","url":"https:\/\/buergerbus-steinfurt.de\/","logo":{"@type":"ImageObject","inLanguage":"de","@id":"https:\/\/buergerbus-steinfurt.de\/#\/schema\/logo\/image\/","url":"https:\/\/buergerbus-steinfurt.de\/wp-content\/uploads\/2022\/08\/2bb-steinfurt-logo-neu.png","contentUrl":"https:\/\/buergerbus-steinfurt.de\/wp-content\/uploads\/2022\/08\/2bb-steinfurt-logo-neu.png","width":293,"height":75,"caption":"B\u00fcrgerbus Steinfurt e.V."},"image":{"@id":"https:\/\/buergerbus-steinfurt.de\/#\/schema\/logo\/image\/"}},{"@type":"Person","@id":"https:\/\/buergerbus-steinfurt.de\/#\/schema\/person\/d0df83117f05647dd427e2cec47c2195","name":"Reimar Bage","image":{"@type":"ImageObject","inLanguage":"de","@id":"https:\/\/secure.gravatar.com\/avatar\/39763b5f1cf57f5fba11a8cef91d12bcd5b654814054b4c246daa1f3737f8a35?s=96&d=mm&r=g","url":"https:\/\/secure.gravatar.com\/avatar\/39763b5f1cf57f5fba11a8cef91d12bcd5b654814054b4c246daa1f3737f8a35?s=96&d=mm&r=g","contentUrl":"https:\/\/secure.gravatar.com\/avatar\/39763b5f1cf57f5fba11a8cef91d12bcd5b654814054b4c246daa1f3737f8a35?s=96&d=mm&r=g","caption":"Reimar Bage"},"url":"https:\/\/buergerbus-steinfurt.de\/?author=3"}]}},"_links":{"self":[{"href":"https:\/\/buergerbus-steinfurt.de\/index.php?rest_route=\/wp\/v2\/posts\/5144","targetHints":{"allow":["GET"]}}],"collection":[{"href":"https:\/\/buergerbus-steinfurt.de\/index.php?rest_route=\/wp\/v2\/posts"}],"about":[{"href":"https:\/\/buergerbus-steinfurt.de\/index.php?rest_route=\/wp\/v2\/types\/post"}],"author":[{"embeddable":true,"href":"https:\/\/buergerbus-steinfurt.de\/index.php?rest_route=\/wp\/v2\/users\/3"}],"replies":[{"embeddable":true,"href":"https:\/\/buergerbus-steinfurt.de\/index.php?rest_route=%2Fwp%2Fv2%2Fcomments&post=5144"}],"version-history":[{"count":1,"href":"https:\/\/buergerbus-steinfurt.de\/index.php?rest_route=\/wp\/v2\/posts\/5144\/revisions"}],"predecessor-version":[{"id":5157,"href":"https:\/\/buergerbus-steinfurt.de\/index.php?rest_route=\/wp\/v2\/posts\/5144\/revisions\/5157"}],"wp:featuredmedia":[{"embeddable":true,"href":"https:\/\/buergerbus-steinfurt.de\/index.php?rest_route=\/wp\/v2\/media\/5145"}],"wp:attachment":[{"href":"https:\/\/buergerbus-steinfurt.de\/index.php?rest_route=%2Fwp%2Fv2%2Fmedia&parent=5144"}],"wp:term":[{"taxonomy":"category","embeddable":true,"href":"https:\/\/buergerbus-steinfurt.de\/index.php?rest_route=%2Fwp%2Fv2%2Fcategories&post=5144"},{"taxonomy":"post_tag","embeddable":true,"href":"https:\/\/buergerbus-steinfurt.de\/index.php?rest_route=%2Fwp%2Fv2%2Ftags&post=5144"}],"curies":[{"name":"wp","href":"https:\/\/api.w.org\/{rel}","templated":true}]}}