{"id":5057,"date":"2025-03-13T10:34:10","date_gmt":"2025-03-13T10:34:10","guid":{"rendered":"https:\/\/buergerbus-steinfurt.de\/?p=5057"},"modified":"2025-03-13T10:39:40","modified_gmt":"2025-03-13T10:39:40","slug":"neuer-fahrdienstleiter-beim-buergerbus","status":"publish","type":"post","link":"https:\/\/buergerbus-steinfurt.de\/?p=5057","title":{"rendered":"Neuer Fahrdienstleiter beim B\u00fcrgerbus"},"content":{"rendered":"<p><img loading=\"lazy\" decoding=\"async\" class=\"aligncenter wp-image-5060 size-full\" src=\"https:\/\/buergerbus-steinfurt.de\/wp-content\/uploads\/2025\/03\/Ehrenmitglied-Klaassen-scaled.jpg\" alt=\"\" width=\"2560\" height=\"1707\" srcset=\"https:\/\/buergerbus-steinfurt.de\/wp-content\/uploads\/2025\/03\/Ehrenmitglied-Klaassen-scaled.jpg 2560w, https:\/\/buergerbus-steinfurt.de\/wp-content\/uploads\/2025\/03\/Ehrenmitglied-Klaassen-300x200.jpg 300w, https:\/\/buergerbus-steinfurt.de\/wp-content\/uploads\/2025\/03\/Ehrenmitglied-Klaassen-1024x683.jpg 1024w, https:\/\/buergerbus-steinfurt.de\/wp-content\/uploads\/2025\/03\/Ehrenmitglied-Klaassen-768x512.jpg 768w, https:\/\/buergerbus-steinfurt.de\/wp-content\/uploads\/2025\/03\/Ehrenmitglied-Klaassen-1536x1024.jpg 1536w, https:\/\/buergerbus-steinfurt.de\/wp-content\/uploads\/2025\/03\/Ehrenmitglied-Klaassen-2048x1365.jpg 2048w\" sizes=\"auto, (max-width: 2560px) 100vw, 2560px\" \/><\/p>\n<p><em><strong>Wilhelm Klassen (rechts) freute sich \u00fcber die Ernennung zum Ehrenmitglied<\/strong><\/em><\/p>\n<p><strong>Steinfurt. \u201e<\/strong>Nach 10j\u00e4hriger vorz\u00fcglicher Arbeit\u201c &#8211; so Vorsitzender Josef Greive &#8211; hat der bisherige Fahrdienstleiter Wilhelm Klaassen aus Altersgr\u00fcnden bei der j\u00fcngsten Mitgliederversammlung des B\u00fcrgerbusvereins Steinfurt seine verantwortungsvolle Aufgabe an Friedhelm Breul \u00fcbergeben. Die Versammlung dankte ihm mit langanhaltendem Beifall und freute sich, dass Klaassen gleichzeitig einstimmig zum Ehrenmitglied des Vereins gew\u00e4hlt wurde. Urkunde und Pr\u00e4sent waren sichtbare Zeichen des Danks f\u00fcr den Mann der <img loading=\"lazy\" decoding=\"async\" class=\"alignleft wp-image-5062 size-large\" src=\"https:\/\/buergerbus-steinfurt.de\/wp-content\/uploads\/2025\/03\/Praesent-fuer-Klaassen-1024x683.jpg\" alt=\"\" width=\"800\" height=\"534\" \/>ersten Stunde<\/p>\n<p>Vor diesem Wechsel hatte Vorsitzender Greive mit einer ausf\u00fchrlichen PowerPoint-Darstellung das sehr erfolgreiche Jahr 2024 noch einmal Revue passieren lassen. Dazu geh\u00f6rten nicht nur die Anschaffung eines neuen B\u00fcrgerbusses und die Neuordnung des Fahrplans sowie der Haltestellen sondern auch die beliebten j\u00e4hrlichen Veranstaltungen wie Spargelessen, Sommerfest, Fahrt ins Blaue und Weihnachtsfeier. Ganz besonders erfreulich: die Prognose vom neuen Fahrgastrekord ist im vergangenen Jahr mit 14059 Fahrg\u00e4sten Wirklichkeit geworden. Nun hofft der Verein sogar auf eine Steigerung auf 15000 Fahrg\u00e4ste im laufenden Jahr.<\/p>\n<p><img loading=\"lazy\" decoding=\"async\" class=\"alignleft wp-image-5058 \" src=\"https:\/\/buergerbus-steinfurt.de\/wp-content\/uploads\/2025\/03\/Auszeichnung-300x200.jpg\" alt=\"\" width=\"311\" height=\"207\" srcset=\"https:\/\/buergerbus-steinfurt.de\/wp-content\/uploads\/2025\/03\/Auszeichnung-300x200.jpg 300w, https:\/\/buergerbus-steinfurt.de\/wp-content\/uploads\/2025\/03\/Auszeichnung-1024x683.jpg 1024w, https:\/\/buergerbus-steinfurt.de\/wp-content\/uploads\/2025\/03\/Auszeichnung-768x512.jpg 768w, https:\/\/buergerbus-steinfurt.de\/wp-content\/uploads\/2025\/03\/Auszeichnung-1536x1024.jpg 1536w, https:\/\/buergerbus-steinfurt.de\/wp-content\/uploads\/2025\/03\/Auszeichnung-2048x1365.jpg 2048w\" sizes=\"auto, (max-width: 311px) 100vw, 311px\" \/>Auch diesmal wurden zwei verdiente Busfahrer aus dem Amt verabschiedet: G\u00fcnter Kleine Berkenbusch und Hubert Heddier, der aber aus Krankheitsgr\u00fcnden an der\u00a0Versammlung teilnehmen konnte. F\u00fcr beide gab es Urkunde, Anstecknadel und eine Freifahrtkarte auf Lebenszeit. Insgesamt z\u00e4hlt der Verein jetzt 49 Fahrerinnen und Fahrer.<\/p>\n<p>Positiv fiel der Finanzbericht der Kassenwartin Helga Diegner aus, der von den Kassenpr\u00fcfern gepr\u00fcft und f\u00fcr korrekt befunden worden war und von der Versammlung mit der einstimmigen Entlastung des Vorstandes best\u00e4tigt wurde. Bei den obligatorischen Neuwahlen wurden stellvertretender Vorsitzender Herbert Zellerhoff, Gesch\u00e4ftsf\u00fchrer Michael Diegner und Justiziar Rudolf Diekmann einstimmig in ihren \u00c4mtern best\u00e4tigt. Neuer Kassenpr\u00fcfer wurde Wolfgang Minnebusch.<\/p>\n<p>Zum Schluss der Versammlung dankte Claudia B\u00f6gel-Hoyer dem Verein f\u00fcr die vorz\u00fcgliche Arbeit und verabschiedete sich von ihrer Funktion als B\u00fcrgermeisterin und geborenes Mitglied des Vereins. Vorsitzender Greive lobte das Engagement der B\u00fcrgermeisterin insbesondere bei den Verhandlungen mit dem RVM \u00fcber den neuen Bus, der sich inzwischen in allen Belangen bew\u00e4hrt hat, und wies darauf hin, dass der kleine h\u00f6lzerne Engel im Bus, den sie zum Jubil\u00e4um gestiftet hatte, weiter an sie erinnern wird.<\/p>\n<p><img loading=\"lazy\" decoding=\"async\" class=\"aligncenter wp-image-5059 size-full\" src=\"https:\/\/buergerbus-steinfurt.de\/wp-content\/uploads\/2025\/03\/Blick-in-die-Versammlung-scaled-e1741859966220.jpg\" alt=\"\" width=\"2560\" height=\"956\" srcset=\"https:\/\/buergerbus-steinfurt.de\/wp-content\/uploads\/2025\/03\/Blick-in-die-Versammlung-scaled-e1741859966220.jpg 2560w, https:\/\/buergerbus-steinfurt.de\/wp-content\/uploads\/2025\/03\/Blick-in-die-Versammlung-scaled-e1741859966220-300x112.jpg 300w, https:\/\/buergerbus-steinfurt.de\/wp-content\/uploads\/2025\/03\/Blick-in-die-Versammlung-scaled-e1741859966220-1024x382.jpg 1024w, https:\/\/buergerbus-steinfurt.de\/wp-content\/uploads\/2025\/03\/Blick-in-die-Versammlung-scaled-e1741859966220-768x287.jpg 768w, https:\/\/buergerbus-steinfurt.de\/wp-content\/uploads\/2025\/03\/Blick-in-die-Versammlung-scaled-e1741859966220-1536x574.jpg 1536w, https:\/\/buergerbus-steinfurt.de\/wp-content\/uploads\/2025\/03\/Blick-in-die-Versammlung-scaled-e1741859966220-2048x765.jpg 2048w\" sizes=\"auto, (max-width: 2560px) 100vw, 2560px\" \/><\/p>\n<p><em><strong>Blick in die gut besuchte Jahreshauptversammlung im Martin-Luther-Haus<\/strong><\/em><\/p>\n<p><img loading=\"lazy\" decoding=\"async\" class=\"wp-image-5064 alignnone\" src=\"https:\/\/buergerbus-steinfurt.de\/wp-content\/uploads\/2025\/03\/Vorstand-und-geehrte-Mitglieder-scaled.jpg\" alt=\"\" width=\"2560\" height=\"1707\" data-wp-editing=\"1\" \/><\/p>\n<p><em><strong>Der neue Vorstand des B\u00fcrgerbusvereins mit den geehrten Kleine Berkenbusch und Klaassen. Nicht im Bild Gesch\u00e4ftsf\u00fchrer Diegner, der krankheitsbedingt fehlte.<\/strong><\/em><\/p>\n<p>&nbsp;<\/p>\n","protected":false},"excerpt":{"rendered":"<p>Wilhelm Klassen (rechts) freute sich \u00fcber die Ernennung zum Ehrenmitglied Steinfurt. \u201eNach 10j\u00e4hriger vorz\u00fcglicher Arbeit\u201c &#8211; so Vorsitzender Josef Greive &#8211; hat der bisherige Fahrdienstleiter Wilhelm Klaassen aus Altersgr\u00fcnden bei &#8230;<\/p>\n","protected":false},"author":3,"featured_media":5063,"comment_status":"closed","ping_status":"closed","sticky":false,"template":"","format":"standard","meta":{"footnotes":""},"categories":[1],"tags":[],"class_list":["post-5057","post","type-post","status-publish","format-standard","has-post-thumbnail","hentry","category-uncategorized"],"yoast_head":"<!-- This site is optimized with the Yoast SEO plugin v27.4 - https:\/\/yoast.com\/product\/yoast-seo-wordpress\/ -->\n<title>Neuer Fahrdienstleiter beim B\u00fcrgerbus - B\u00fcrgerbus Steinfurt %<\/title>\n<meta name=\"robots\" content=\"index, follow, max-snippet:-1, max-image-preview:large, max-video-preview:-1\" \/>\n<link rel=\"canonical\" href=\"https:\/\/buergerbus-steinfurt.de\/?p=5057\" \/>\n<meta property=\"og:locale\" content=\"de_DE\" \/>\n<meta property=\"og:type\" content=\"article\" \/>\n<meta property=\"og:title\" content=\"Neuer Fahrdienstleiter beim B\u00fcrgerbus - B\u00fcrgerbus Steinfurt %\" \/>\n<meta property=\"og:description\" content=\"Wilhelm Klassen (rechts) freute sich \u00fcber die Ernennung zum Ehrenmitglied Steinfurt. \u201eNach 10j\u00e4hriger vorz\u00fcglicher Arbeit\u201c &#8211; so Vorsitzender Josef Greive &#8211; hat der bisherige Fahrdienstleiter Wilhelm Klaassen aus Altersgr\u00fcnden bei ...\" \/>\n<meta property=\"og:url\" content=\"https:\/\/buergerbus-steinfurt.de\/?p=5057\" \/>\n<meta property=\"og:site_name\" content=\"B\u00fcrgerbus Steinfurt\" \/>\n<meta property=\"article:published_time\" content=\"2025-03-13T10:34:10+00:00\" \/>\n<meta property=\"article:modified_time\" content=\"2025-03-13T10:39:40+00:00\" \/>\n<meta property=\"og:image\" content=\"https:\/\/buergerbus-steinfurt.de\/wp-content\/uploads\/2025\/03\/Schluesseluebergabe-scaled.jpg\" \/>\n\t<meta property=\"og:image:width\" content=\"2560\" \/>\n\t<meta property=\"og:image:height\" content=\"1707\" \/>\n\t<meta property=\"og:image:type\" content=\"image\/jpeg\" \/>\n<meta name=\"author\" content=\"Reimar Bage\" \/>\n<meta name=\"twitter:card\" content=\"summary_large_image\" \/>\n<meta name=\"twitter:label1\" content=\"Verfasst von\" \/>\n\t<meta name=\"twitter:data1\" content=\"Reimar Bage\" \/>\n\t<meta name=\"twitter:label2\" content=\"Gesch\u00e4tzte Lesezeit\" \/>\n\t<meta name=\"twitter:data2\" content=\"2\u00a0Minuten\" \/>\n<script type=\"application\/ld+json\" class=\"yoast-schema-graph\">{\"@context\":\"https:\\\/\\\/schema.org\",\"@graph\":[{\"@type\":\"Article\",\"@id\":\"https:\\\/\\\/buergerbus-steinfurt.de\\\/?p=5057#article\",\"isPartOf\":{\"@id\":\"https:\\\/\\\/buergerbus-steinfurt.de\\\/?p=5057\"},\"author\":{\"name\":\"Reimar Bage\",\"@id\":\"https:\\\/\\\/buergerbus-steinfurt.de\\\/#\\\/schema\\\/person\\\/d0df83117f05647dd427e2cec47c2195\"},\"headline\":\"Neuer Fahrdienstleiter beim B\u00fcrgerbus\",\"datePublished\":\"2025-03-13T10:34:10+00:00\",\"dateModified\":\"2025-03-13T10:39:40+00:00\",\"mainEntityOfPage\":{\"@id\":\"https:\\\/\\\/buergerbus-steinfurt.de\\\/?p=5057\"},\"wordCount\":403,\"publisher\":{\"@id\":\"https:\\\/\\\/buergerbus-steinfurt.de\\\/#organization\"},\"image\":{\"@id\":\"https:\\\/\\\/buergerbus-steinfurt.de\\\/?p=5057#primaryimage\"},\"thumbnailUrl\":\"https:\\\/\\\/buergerbus-steinfurt.de\\\/wp-content\\\/uploads\\\/2025\\\/03\\\/Schluesseluebergabe-scaled.jpg\",\"articleSection\":[\"Uncategorized\"],\"inLanguage\":\"de\"},{\"@type\":\"WebPage\",\"@id\":\"https:\\\/\\\/buergerbus-steinfurt.de\\\/?p=5057\",\"url\":\"https:\\\/\\\/buergerbus-steinfurt.de\\\/?p=5057\",\"name\":\"Neuer Fahrdienstleiter beim B\u00fcrgerbus - B\u00fcrgerbus Steinfurt %\",\"isPartOf\":{\"@id\":\"https:\\\/\\\/buergerbus-steinfurt.de\\\/#website\"},\"primaryImageOfPage\":{\"@id\":\"https:\\\/\\\/buergerbus-steinfurt.de\\\/?p=5057#primaryimage\"},\"image\":{\"@id\":\"https:\\\/\\\/buergerbus-steinfurt.de\\\/?p=5057#primaryimage\"},\"thumbnailUrl\":\"https:\\\/\\\/buergerbus-steinfurt.de\\\/wp-content\\\/uploads\\\/2025\\\/03\\\/Schluesseluebergabe-scaled.jpg\",\"datePublished\":\"2025-03-13T10:34:10+00:00\",\"dateModified\":\"2025-03-13T10:39:40+00:00\",\"breadcrumb\":{\"@id\":\"https:\\\/\\\/buergerbus-steinfurt.de\\\/?p=5057#breadcrumb\"},\"inLanguage\":\"de\",\"potentialAction\":[{\"@type\":\"ReadAction\",\"target\":[\"https:\\\/\\\/buergerbus-steinfurt.de\\\/?p=5057\"]}]},{\"@type\":\"ImageObject\",\"inLanguage\":\"de\",\"@id\":\"https:\\\/\\\/buergerbus-steinfurt.de\\\/?p=5057#primaryimage\",\"url\":\"https:\\\/\\\/buergerbus-steinfurt.de\\\/wp-content\\\/uploads\\\/2025\\\/03\\\/Schluesseluebergabe-scaled.jpg\",\"contentUrl\":\"https:\\\/\\\/buergerbus-steinfurt.de\\\/wp-content\\\/uploads\\\/2025\\\/03\\\/Schluesseluebergabe-scaled.jpg\",\"width\":2560,\"height\":1707},{\"@type\":\"BreadcrumbList\",\"@id\":\"https:\\\/\\\/buergerbus-steinfurt.de\\\/?p=5057#breadcrumb\",\"itemListElement\":[{\"@type\":\"ListItem\",\"position\":1,\"name\":\"Startseite\",\"item\":\"https:\\\/\\\/buergerbus-steinfurt.de\\\/\"},{\"@type\":\"ListItem\",\"position\":2,\"name\":\"Neuer Fahrdienstleiter beim B\u00fcrgerbus\"}]},{\"@type\":\"WebSite\",\"@id\":\"https:\\\/\\\/buergerbus-steinfurt.de\\\/#website\",\"url\":\"https:\\\/\\\/buergerbus-steinfurt.de\\\/\",\"name\":\"B\u00dcRGERBUS STEINFURT\",\"description\":\"\",\"publisher\":{\"@id\":\"https:\\\/\\\/buergerbus-steinfurt.de\\\/#organization\"},\"potentialAction\":[{\"@type\":\"SearchAction\",\"target\":{\"@type\":\"EntryPoint\",\"urlTemplate\":\"https:\\\/\\\/buergerbus-steinfurt.de\\\/?s={search_term_string}\"},\"query-input\":{\"@type\":\"PropertyValueSpecification\",\"valueRequired\":true,\"valueName\":\"search_term_string\"}}],\"inLanguage\":\"de\"},{\"@type\":\"Organization\",\"@id\":\"https:\\\/\\\/buergerbus-steinfurt.de\\\/#organization\",\"name\":\"B\u00fcrgerbus Steinfurt e.V.\",\"url\":\"https:\\\/\\\/buergerbus-steinfurt.de\\\/\",\"logo\":{\"@type\":\"ImageObject\",\"inLanguage\":\"de\",\"@id\":\"https:\\\/\\\/buergerbus-steinfurt.de\\\/#\\\/schema\\\/logo\\\/image\\\/\",\"url\":\"https:\\\/\\\/buergerbus-steinfurt.de\\\/wp-content\\\/uploads\\\/2022\\\/08\\\/2bb-steinfurt-logo-neu.png\",\"contentUrl\":\"https:\\\/\\\/buergerbus-steinfurt.de\\\/wp-content\\\/uploads\\\/2022\\\/08\\\/2bb-steinfurt-logo-neu.png\",\"width\":293,\"height\":75,\"caption\":\"B\u00fcrgerbus Steinfurt e.V.\"},\"image\":{\"@id\":\"https:\\\/\\\/buergerbus-steinfurt.de\\\/#\\\/schema\\\/logo\\\/image\\\/\"}},{\"@type\":\"Person\",\"@id\":\"https:\\\/\\\/buergerbus-steinfurt.de\\\/#\\\/schema\\\/person\\\/d0df83117f05647dd427e2cec47c2195\",\"name\":\"Reimar Bage\",\"image\":{\"@type\":\"ImageObject\",\"inLanguage\":\"de\",\"@id\":\"https:\\\/\\\/secure.gravatar.com\\\/avatar\\\/39763b5f1cf57f5fba11a8cef91d12bcd5b654814054b4c246daa1f3737f8a35?s=96&d=mm&r=g\",\"url\":\"https:\\\/\\\/secure.gravatar.com\\\/avatar\\\/39763b5f1cf57f5fba11a8cef91d12bcd5b654814054b4c246daa1f3737f8a35?s=96&d=mm&r=g\",\"contentUrl\":\"https:\\\/\\\/secure.gravatar.com\\\/avatar\\\/39763b5f1cf57f5fba11a8cef91d12bcd5b654814054b4c246daa1f3737f8a35?s=96&d=mm&r=g\",\"caption\":\"Reimar Bage\"},\"url\":\"https:\\\/\\\/buergerbus-steinfurt.de\\\/?author=3\"}]}<\/script>\n<!-- \/ Yoast SEO plugin. -->","yoast_head_json":{"title":"Neuer Fahrdienstleiter beim B\u00fcrgerbus - B\u00fcrgerbus Steinfurt %","robots":{"index":"index","follow":"follow","max-snippet":"max-snippet:-1","max-image-preview":"max-image-preview:large","max-video-preview":"max-video-preview:-1"},"canonical":"https:\/\/buergerbus-steinfurt.de\/?p=5057","og_locale":"de_DE","og_type":"article","og_title":"Neuer Fahrdienstleiter beim B\u00fcrgerbus - B\u00fcrgerbus Steinfurt %","og_description":"Wilhelm Klassen (rechts) freute sich \u00fcber die Ernennung zum Ehrenmitglied Steinfurt. \u201eNach 10j\u00e4hriger vorz\u00fcglicher Arbeit\u201c &#8211; so Vorsitzender Josef Greive &#8211; hat der bisherige Fahrdienstleiter Wilhelm Klaassen aus Altersgr\u00fcnden bei ...","og_url":"https:\/\/buergerbus-steinfurt.de\/?p=5057","og_site_name":"B\u00fcrgerbus Steinfurt","article_published_time":"2025-03-13T10:34:10+00:00","article_modified_time":"2025-03-13T10:39:40+00:00","og_image":[{"width":2560,"height":1707,"url":"https:\/\/buergerbus-steinfurt.de\/wp-content\/uploads\/2025\/03\/Schluesseluebergabe-scaled.jpg","type":"image\/jpeg"}],"author":"Reimar Bage","twitter_card":"summary_large_image","twitter_misc":{"Verfasst von":"Reimar Bage","Gesch\u00e4tzte Lesezeit":"2\u00a0Minuten"},"schema":{"@context":"https:\/\/schema.org","@graph":[{"@type":"Article","@id":"https:\/\/buergerbus-steinfurt.de\/?p=5057#article","isPartOf":{"@id":"https:\/\/buergerbus-steinfurt.de\/?p=5057"},"author":{"name":"Reimar Bage","@id":"https:\/\/buergerbus-steinfurt.de\/#\/schema\/person\/d0df83117f05647dd427e2cec47c2195"},"headline":"Neuer Fahrdienstleiter beim B\u00fcrgerbus","datePublished":"2025-03-13T10:34:10+00:00","dateModified":"2025-03-13T10:39:40+00:00","mainEntityOfPage":{"@id":"https:\/\/buergerbus-steinfurt.de\/?p=5057"},"wordCount":403,"publisher":{"@id":"https:\/\/buergerbus-steinfurt.de\/#organization"},"image":{"@id":"https:\/\/buergerbus-steinfurt.de\/?p=5057#primaryimage"},"thumbnailUrl":"https:\/\/buergerbus-steinfurt.de\/wp-content\/uploads\/2025\/03\/Schluesseluebergabe-scaled.jpg","articleSection":["Uncategorized"],"inLanguage":"de"},{"@type":"WebPage","@id":"https:\/\/buergerbus-steinfurt.de\/?p=5057","url":"https:\/\/buergerbus-steinfurt.de\/?p=5057","name":"Neuer Fahrdienstleiter beim B\u00fcrgerbus - B\u00fcrgerbus Steinfurt %","isPartOf":{"@id":"https:\/\/buergerbus-steinfurt.de\/#website"},"primaryImageOfPage":{"@id":"https:\/\/buergerbus-steinfurt.de\/?p=5057#primaryimage"},"image":{"@id":"https:\/\/buergerbus-steinfurt.de\/?p=5057#primaryimage"},"thumbnailUrl":"https:\/\/buergerbus-steinfurt.de\/wp-content\/uploads\/2025\/03\/Schluesseluebergabe-scaled.jpg","datePublished":"2025-03-13T10:34:10+00:00","dateModified":"2025-03-13T10:39:40+00:00","breadcrumb":{"@id":"https:\/\/buergerbus-steinfurt.de\/?p=5057#breadcrumb"},"inLanguage":"de","potentialAction":[{"@type":"ReadAction","target":["https:\/\/buergerbus-steinfurt.de\/?p=5057"]}]},{"@type":"ImageObject","inLanguage":"de","@id":"https:\/\/buergerbus-steinfurt.de\/?p=5057#primaryimage","url":"https:\/\/buergerbus-steinfurt.de\/wp-content\/uploads\/2025\/03\/Schluesseluebergabe-scaled.jpg","contentUrl":"https:\/\/buergerbus-steinfurt.de\/wp-content\/uploads\/2025\/03\/Schluesseluebergabe-scaled.jpg","width":2560,"height":1707},{"@type":"BreadcrumbList","@id":"https:\/\/buergerbus-steinfurt.de\/?p=5057#breadcrumb","itemListElement":[{"@type":"ListItem","position":1,"name":"Startseite","item":"https:\/\/buergerbus-steinfurt.de\/"},{"@type":"ListItem","position":2,"name":"Neuer Fahrdienstleiter beim B\u00fcrgerbus"}]},{"@type":"WebSite","@id":"https:\/\/buergerbus-steinfurt.de\/#website","url":"https:\/\/buergerbus-steinfurt.de\/","name":"B\u00dcRGERBUS STEINFURT","description":"","publisher":{"@id":"https:\/\/buergerbus-steinfurt.de\/#organization"},"potentialAction":[{"@type":"SearchAction","target":{"@type":"EntryPoint","urlTemplate":"https:\/\/buergerbus-steinfurt.de\/?s={search_term_string}"},"query-input":{"@type":"PropertyValueSpecification","valueRequired":true,"valueName":"search_term_string"}}],"inLanguage":"de"},{"@type":"Organization","@id":"https:\/\/buergerbus-steinfurt.de\/#organization","name":"B\u00fcrgerbus Steinfurt e.V.","url":"https:\/\/buergerbus-steinfurt.de\/","logo":{"@type":"ImageObject","inLanguage":"de","@id":"https:\/\/buergerbus-steinfurt.de\/#\/schema\/logo\/image\/","url":"https:\/\/buergerbus-steinfurt.de\/wp-content\/uploads\/2022\/08\/2bb-steinfurt-logo-neu.png","contentUrl":"https:\/\/buergerbus-steinfurt.de\/wp-content\/uploads\/2022\/08\/2bb-steinfurt-logo-neu.png","width":293,"height":75,"caption":"B\u00fcrgerbus Steinfurt e.V."},"image":{"@id":"https:\/\/buergerbus-steinfurt.de\/#\/schema\/logo\/image\/"}},{"@type":"Person","@id":"https:\/\/buergerbus-steinfurt.de\/#\/schema\/person\/d0df83117f05647dd427e2cec47c2195","name":"Reimar Bage","image":{"@type":"ImageObject","inLanguage":"de","@id":"https:\/\/secure.gravatar.com\/avatar\/39763b5f1cf57f5fba11a8cef91d12bcd5b654814054b4c246daa1f3737f8a35?s=96&d=mm&r=g","url":"https:\/\/secure.gravatar.com\/avatar\/39763b5f1cf57f5fba11a8cef91d12bcd5b654814054b4c246daa1f3737f8a35?s=96&d=mm&r=g","contentUrl":"https:\/\/secure.gravatar.com\/avatar\/39763b5f1cf57f5fba11a8cef91d12bcd5b654814054b4c246daa1f3737f8a35?s=96&d=mm&r=g","caption":"Reimar Bage"},"url":"https:\/\/buergerbus-steinfurt.de\/?author=3"}]}},"_links":{"self":[{"href":"https:\/\/buergerbus-steinfurt.de\/index.php?rest_route=\/wp\/v2\/posts\/5057","targetHints":{"allow":["GET"]}}],"collection":[{"href":"https:\/\/buergerbus-steinfurt.de\/index.php?rest_route=\/wp\/v2\/posts"}],"about":[{"href":"https:\/\/buergerbus-steinfurt.de\/index.php?rest_route=\/wp\/v2\/types\/post"}],"author":[{"embeddable":true,"href":"https:\/\/buergerbus-steinfurt.de\/index.php?rest_route=\/wp\/v2\/users\/3"}],"replies":[{"embeddable":true,"href":"https:\/\/buergerbus-steinfurt.de\/index.php?rest_route=%2Fwp%2Fv2%2Fcomments&post=5057"}],"version-history":[{"count":3,"href":"https:\/\/buergerbus-steinfurt.de\/index.php?rest_route=\/wp\/v2\/posts\/5057\/revisions"}],"predecessor-version":[{"id":5067,"href":"https:\/\/buergerbus-steinfurt.de\/index.php?rest_route=\/wp\/v2\/posts\/5057\/revisions\/5067"}],"wp:featuredmedia":[{"embeddable":true,"href":"https:\/\/buergerbus-steinfurt.de\/index.php?rest_route=\/wp\/v2\/media\/5063"}],"wp:attachment":[{"href":"https:\/\/buergerbus-steinfurt.de\/index.php?rest_route=%2Fwp%2Fv2%2Fmedia&parent=5057"}],"wp:term":[{"taxonomy":"category","embeddable":true,"href":"https:\/\/buergerbus-steinfurt.de\/index.php?rest_route=%2Fwp%2Fv2%2Fcategories&post=5057"},{"taxonomy":"post_tag","embeddable":true,"href":"https:\/\/buergerbus-steinfurt.de\/index.php?rest_route=%2Fwp%2Fv2%2Ftags&post=5057"}],"curies":[{"name":"wp","href":"https:\/\/api.w.org\/{rel}","templated":true}]}}