{"id":4976,"date":"2024-12-14T11:03:08","date_gmt":"2024-12-14T11:03:08","guid":{"rendered":"https:\/\/buergerbus-steinfurt.de\/?p=4976"},"modified":"2024-12-14T21:08:02","modified_gmt":"2024-12-14T21:08:02","slug":"stimmungsvolle-weihnachtsfeier-2","status":"publish","type":"post","link":"https:\/\/buergerbus-steinfurt.de\/?p=4976","title":{"rendered":"Stimmungsvolle Weihnachtsfeier"},"content":{"rendered":"<p>&nbsp;<\/p>\n<p>&nbsp;<\/p>\n<p><strong><em><img loading=\"lazy\" decoding=\"async\" class=\"aligncenter wp-image-4979 size-full\" src=\"https:\/\/buergerbus-steinfurt.de\/wp-content\/uploads\/2024\/12\/Buergerbus2-scaled.jpg\" alt=\"\" width=\"2560\" height=\"1707\" srcset=\"https:\/\/buergerbus-steinfurt.de\/wp-content\/uploads\/2024\/12\/Buergerbus2-scaled.jpg 2560w, https:\/\/buergerbus-steinfurt.de\/wp-content\/uploads\/2024\/12\/Buergerbus2-300x200.jpg 300w, https:\/\/buergerbus-steinfurt.de\/wp-content\/uploads\/2024\/12\/Buergerbus2-1024x683.jpg 1024w, https:\/\/buergerbus-steinfurt.de\/wp-content\/uploads\/2024\/12\/Buergerbus2-768x512.jpg 768w, https:\/\/buergerbus-steinfurt.de\/wp-content\/uploads\/2024\/12\/Buergerbus2-1536x1024.jpg 1536w, https:\/\/buergerbus-steinfurt.de\/wp-content\/uploads\/2024\/12\/Buergerbus2-2048x1365.jpg 2048w\" sizes=\"auto, (max-width: 2560px) 100vw, 2560px\" \/><\/em><\/strong><\/p>\n<p><strong><em>Vorsitzender Josef Greive erwartet f\u00fcr 2024 ein Rekordjahr bei den Fahrgastzahlen<\/em><\/strong><\/p>\n<p><strong>Steinfurt.<\/strong> Zur traditionellen Weihnachtsfeier trafen sich die Fahrerinnen und Fahrer sowie der Vorstand des B\u00fcrgerbusvereins Steinfurt in diesem Jahr in der Gastst\u00e4tte Hersping. Vorsitzender Josef Greive freute sich, mit Ausnahme von zwei erkrankten Fahrern, das gesamte ehrenamtliche Fahrpersonal, den Vorstand und die Ehrenmitglieder Ferdi Brust und Manfred Entrup begr\u00fc\u00dfen zu k\u00f6nnen.<\/p>\n<p>Darunter befanden sich auch als neue Fahrerin Mechthild H\u00fcsken sowie als Fahrer Willi H\u00fcsken und Werner Pikkemaat, die mit Beifall begr\u00fc\u00dft wurden. Sie werden ab sofort an der Rekordfahrt beteiligt sein, die Vorsitzender Greive f\u00fcr das zu Ende gehende Jahr ank\u00fcndigte. \u201eAllein im November haben 1346 Fahrg\u00e4ste unseren neuen Bus benutzt\u201c, freute sich Greive, der nun auf einen Jahresrekord von 14.000 Fahrg\u00e4sten hofft. Und so sagte Greive &#8211; auch im Namen des gesamten Vorstands \u2013 den Frauen und M\u00e4nnern am Lenkrad herzlichen Dank f\u00fcr die eingebrachte Zeit und Unterst\u00fctzung, die letztlich zum Erfolg des B\u00fcrgerbusses beitr\u00e4gt.<\/p>\n<p>Bevor die Teilnehmer sich an dem reichhaltigen B\u00fcffet st\u00e4rkten, h\u00f6rten die Teilnehmer zwei Weihnachtsgedichte, vorgetragen von Mechthild H\u00fcsken. Schlie\u00dflich erhielten alle die obligatorische Weihnachtst\u00fcte, bevor der Abend mit gem\u00fctlichem Beisammensein ausklang.<\/p>\n<p><strong><img loading=\"lazy\" decoding=\"async\" class=\"aligncenter wp-image-4995 size-full\" src=\"https:\/\/buergerbus-steinfurt.de\/wp-content\/uploads\/2024\/12\/IMG_4718-scaled-e1734173626996.jpg\" alt=\"\" width=\"2022\" height=\"1327\" srcset=\"https:\/\/buergerbus-steinfurt.de\/wp-content\/uploads\/2024\/12\/IMG_4718-scaled-e1734173626996.jpg 2022w, https:\/\/buergerbus-steinfurt.de\/wp-content\/uploads\/2024\/12\/IMG_4718-scaled-e1734173626996-300x197.jpg 300w, https:\/\/buergerbus-steinfurt.de\/wp-content\/uploads\/2024\/12\/IMG_4718-scaled-e1734173626996-1024x672.jpg 1024w, https:\/\/buergerbus-steinfurt.de\/wp-content\/uploads\/2024\/12\/IMG_4718-scaled-e1734173626996-768x504.jpg 768w, https:\/\/buergerbus-steinfurt.de\/wp-content\/uploads\/2024\/12\/IMG_4718-scaled-e1734173626996-1536x1008.jpg 1536w\" sizes=\"auto, (max-width: 2022px) 100vw, 2022px\" \/><\/strong><\/p>\n<p><strong>Alle Fahrerinnen und Fahrer erhielten wieder die obligatorische Weihnachtst\u00fcte von Josef Greive (Mitte) und seinem Stellvertreter Herbert Zellerhoff (r)<\/strong><\/p>\n<p>&nbsp;<\/p>\n<p><img loading=\"lazy\" decoding=\"async\" class=\"aligncenter wp-image-4977 size-full\" src=\"https:\/\/buergerbus-steinfurt.de\/wp-content\/uploads\/2024\/12\/Blick-in-den-Saal-Kopie-scaled.jpg\" alt=\"\" width=\"2560\" height=\"1707\" srcset=\"https:\/\/buergerbus-steinfurt.de\/wp-content\/uploads\/2024\/12\/Blick-in-den-Saal-Kopie-scaled.jpg 2560w, https:\/\/buergerbus-steinfurt.de\/wp-content\/uploads\/2024\/12\/Blick-in-den-Saal-Kopie-300x200.jpg 300w, https:\/\/buergerbus-steinfurt.de\/wp-content\/uploads\/2024\/12\/Blick-in-den-Saal-Kopie-1024x683.jpg 1024w, https:\/\/buergerbus-steinfurt.de\/wp-content\/uploads\/2024\/12\/Blick-in-den-Saal-Kopie-768x512.jpg 768w, https:\/\/buergerbus-steinfurt.de\/wp-content\/uploads\/2024\/12\/Blick-in-den-Saal-Kopie-1536x1024.jpg 1536w, https:\/\/buergerbus-steinfurt.de\/wp-content\/uploads\/2024\/12\/Blick-in-den-Saal-Kopie-2048x1365.jpg 2048w\" sizes=\"auto, (max-width: 2560px) 100vw, 2560px\" \/><\/p>\n<p><strong><em>Blick in die gute besuchte Versammlung anl\u00e4sslich der Weihnachtsfeier<\/em><\/strong><\/p>\n<p>&nbsp;<\/p>\n<p><img loading=\"lazy\" decoding=\"async\" class=\"aligncenter wp-image-4983 size-full\" src=\"https:\/\/buergerbus-steinfurt.de\/wp-content\/uploads\/2024\/12\/IMG_4706-scaled.jpg\" alt=\"\" width=\"2560\" height=\"1707\" srcset=\"https:\/\/buergerbus-steinfurt.de\/wp-content\/uploads\/2024\/12\/IMG_4706-scaled.jpg 2560w, https:\/\/buergerbus-steinfurt.de\/wp-content\/uploads\/2024\/12\/IMG_4706-300x200.jpg 300w, https:\/\/buergerbus-steinfurt.de\/wp-content\/uploads\/2024\/12\/IMG_4706-1024x683.jpg 1024w, https:\/\/buergerbus-steinfurt.de\/wp-content\/uploads\/2024\/12\/IMG_4706-768x512.jpg 768w, https:\/\/buergerbus-steinfurt.de\/wp-content\/uploads\/2024\/12\/IMG_4706-1536x1024.jpg 1536w, https:\/\/buergerbus-steinfurt.de\/wp-content\/uploads\/2024\/12\/IMG_4706-2048x1365.jpg 2048w\" sizes=\"auto, (max-width: 2560px) 100vw, 2560px\" \/><\/p>\n<p><img loading=\"lazy\" decoding=\"async\" class=\"aligncenter wp-image-4985 size-full\" src=\"https:\/\/buergerbus-steinfurt.de\/wp-content\/uploads\/2024\/12\/IMG_4708-scaled.jpg\" alt=\"\" width=\"2560\" height=\"1707\" srcset=\"https:\/\/buergerbus-steinfurt.de\/wp-content\/uploads\/2024\/12\/IMG_4708-scaled.jpg 2560w, https:\/\/buergerbus-steinfurt.de\/wp-content\/uploads\/2024\/12\/IMG_4708-300x200.jpg 300w, https:\/\/buergerbus-steinfurt.de\/wp-content\/uploads\/2024\/12\/IMG_4708-1024x683.jpg 1024w, https:\/\/buergerbus-steinfurt.de\/wp-content\/uploads\/2024\/12\/IMG_4708-768x512.jpg 768w, https:\/\/buergerbus-steinfurt.de\/wp-content\/uploads\/2024\/12\/IMG_4708-1536x1024.jpg 1536w, https:\/\/buergerbus-steinfurt.de\/wp-content\/uploads\/2024\/12\/IMG_4708-2048x1365.jpg 2048w\" sizes=\"auto, (max-width: 2560px) 100vw, 2560px\" \/><\/p>\n","protected":false},"excerpt":{"rendered":"<p>&nbsp; &nbsp; Vorsitzender Josef Greive erwartet f\u00fcr 2024 ein Rekordjahr bei den Fahrgastzahlen Steinfurt. Zur traditionellen Weihnachtsfeier trafen sich die Fahrerinnen und Fahrer sowie der Vorstand des B\u00fcrgerbusvereins Steinfurt in &#8230;<\/p>\n","protected":false},"author":3,"featured_media":4992,"comment_status":"closed","ping_status":"closed","sticky":false,"template":"","format":"standard","meta":{"footnotes":""},"categories":[1],"tags":[],"class_list":["post-4976","post","type-post","status-publish","format-standard","has-post-thumbnail","hentry","category-uncategorized"],"yoast_head":"<!-- This site is optimized with the Yoast SEO plugin v27.5 - https:\/\/yoast.com\/product\/yoast-seo-wordpress\/ -->\n<title>Stimmungsvolle Weihnachtsfeier - B\u00fcrgerbus Steinfurt %<\/title>\n<meta name=\"robots\" content=\"index, follow, max-snippet:-1, max-image-preview:large, max-video-preview:-1\" \/>\n<link rel=\"canonical\" href=\"https:\/\/buergerbus-steinfurt.de\/?p=4976\" \/>\n<meta property=\"og:locale\" content=\"de_DE\" \/>\n<meta property=\"og:type\" content=\"article\" \/>\n<meta property=\"og:title\" content=\"Stimmungsvolle Weihnachtsfeier - B\u00fcrgerbus Steinfurt %\" \/>\n<meta property=\"og:description\" content=\"&nbsp; &nbsp; Vorsitzender Josef Greive erwartet f\u00fcr 2024 ein Rekordjahr bei den Fahrgastzahlen Steinfurt. Zur traditionellen Weihnachtsfeier trafen sich die Fahrerinnen und Fahrer sowie der Vorstand des B\u00fcrgerbusvereins Steinfurt in ...\" \/>\n<meta property=\"og:url\" content=\"https:\/\/buergerbus-steinfurt.de\/?p=4976\" \/>\n<meta property=\"og:site_name\" content=\"B\u00fcrgerbus Steinfurt\" \/>\n<meta property=\"article:published_time\" content=\"2024-12-14T11:03:08+00:00\" \/>\n<meta property=\"article:modified_time\" content=\"2024-12-14T21:08:02+00:00\" \/>\n<meta property=\"og:image\" content=\"https:\/\/buergerbus-steinfurt.de\/wp-content\/uploads\/2024\/12\/IMG_4715-scaled-e1734172920461.jpg\" \/>\n\t<meta property=\"og:image:width\" content=\"2090\" \/>\n\t<meta property=\"og:image:height\" content=\"1310\" \/>\n\t<meta property=\"og:image:type\" content=\"image\/jpeg\" \/>\n<meta name=\"author\" content=\"Reimar Bage\" \/>\n<meta name=\"twitter:card\" content=\"summary_large_image\" \/>\n<meta name=\"twitter:label1\" content=\"Verfasst von\" \/>\n\t<meta name=\"twitter:data1\" content=\"Reimar Bage\" \/>\n\t<meta name=\"twitter:label2\" content=\"Gesch\u00e4tzte Lesezeit\" \/>\n\t<meta name=\"twitter:data2\" content=\"1\u00a0Minute\" \/>\n<script type=\"application\/ld+json\" class=\"yoast-schema-graph\">{\"@context\":\"https:\\\/\\\/schema.org\",\"@graph\":[{\"@type\":\"Article\",\"@id\":\"https:\\\/\\\/buergerbus-steinfurt.de\\\/?p=4976#article\",\"isPartOf\":{\"@id\":\"https:\\\/\\\/buergerbus-steinfurt.de\\\/?p=4976\"},\"author\":{\"name\":\"Reimar Bage\",\"@id\":\"https:\\\/\\\/buergerbus-steinfurt.de\\\/#\\\/schema\\\/person\\\/d0df83117f05647dd427e2cec47c2195\"},\"headline\":\"Stimmungsvolle Weihnachtsfeier\",\"datePublished\":\"2024-12-14T11:03:08+00:00\",\"dateModified\":\"2024-12-14T21:08:02+00:00\",\"mainEntityOfPage\":{\"@id\":\"https:\\\/\\\/buergerbus-steinfurt.de\\\/?p=4976\"},\"wordCount\":245,\"publisher\":{\"@id\":\"https:\\\/\\\/buergerbus-steinfurt.de\\\/#organization\"},\"image\":{\"@id\":\"https:\\\/\\\/buergerbus-steinfurt.de\\\/?p=4976#primaryimage\"},\"thumbnailUrl\":\"https:\\\/\\\/buergerbus-steinfurt.de\\\/wp-content\\\/uploads\\\/2024\\\/12\\\/IMG_4715-scaled-e1734172920461.jpg\",\"articleSection\":[\"Uncategorized\"],\"inLanguage\":\"de\"},{\"@type\":\"WebPage\",\"@id\":\"https:\\\/\\\/buergerbus-steinfurt.de\\\/?p=4976\",\"url\":\"https:\\\/\\\/buergerbus-steinfurt.de\\\/?p=4976\",\"name\":\"Stimmungsvolle Weihnachtsfeier - B\u00fcrgerbus Steinfurt %\",\"isPartOf\":{\"@id\":\"https:\\\/\\\/buergerbus-steinfurt.de\\\/#website\"},\"primaryImageOfPage\":{\"@id\":\"https:\\\/\\\/buergerbus-steinfurt.de\\\/?p=4976#primaryimage\"},\"image\":{\"@id\":\"https:\\\/\\\/buergerbus-steinfurt.de\\\/?p=4976#primaryimage\"},\"thumbnailUrl\":\"https:\\\/\\\/buergerbus-steinfurt.de\\\/wp-content\\\/uploads\\\/2024\\\/12\\\/IMG_4715-scaled-e1734172920461.jpg\",\"datePublished\":\"2024-12-14T11:03:08+00:00\",\"dateModified\":\"2024-12-14T21:08:02+00:00\",\"breadcrumb\":{\"@id\":\"https:\\\/\\\/buergerbus-steinfurt.de\\\/?p=4976#breadcrumb\"},\"inLanguage\":\"de\",\"potentialAction\":[{\"@type\":\"ReadAction\",\"target\":[\"https:\\\/\\\/buergerbus-steinfurt.de\\\/?p=4976\"]}]},{\"@type\":\"ImageObject\",\"inLanguage\":\"de\",\"@id\":\"https:\\\/\\\/buergerbus-steinfurt.de\\\/?p=4976#primaryimage\",\"url\":\"https:\\\/\\\/buergerbus-steinfurt.de\\\/wp-content\\\/uploads\\\/2024\\\/12\\\/IMG_4715-scaled-e1734172920461.jpg\",\"contentUrl\":\"https:\\\/\\\/buergerbus-steinfurt.de\\\/wp-content\\\/uploads\\\/2024\\\/12\\\/IMG_4715-scaled-e1734172920461.jpg\",\"width\":2090,\"height\":1310},{\"@type\":\"BreadcrumbList\",\"@id\":\"https:\\\/\\\/buergerbus-steinfurt.de\\\/?p=4976#breadcrumb\",\"itemListElement\":[{\"@type\":\"ListItem\",\"position\":1,\"name\":\"Startseite\",\"item\":\"https:\\\/\\\/buergerbus-steinfurt.de\\\/\"},{\"@type\":\"ListItem\",\"position\":2,\"name\":\"Stimmungsvolle Weihnachtsfeier\"}]},{\"@type\":\"WebSite\",\"@id\":\"https:\\\/\\\/buergerbus-steinfurt.de\\\/#website\",\"url\":\"https:\\\/\\\/buergerbus-steinfurt.de\\\/\",\"name\":\"B\u00dcRGERBUS STEINFURT\",\"description\":\"\",\"publisher\":{\"@id\":\"https:\\\/\\\/buergerbus-steinfurt.de\\\/#organization\"},\"potentialAction\":[{\"@type\":\"SearchAction\",\"target\":{\"@type\":\"EntryPoint\",\"urlTemplate\":\"https:\\\/\\\/buergerbus-steinfurt.de\\\/?s={search_term_string}\"},\"query-input\":{\"@type\":\"PropertyValueSpecification\",\"valueRequired\":true,\"valueName\":\"search_term_string\"}}],\"inLanguage\":\"de\"},{\"@type\":\"Organization\",\"@id\":\"https:\\\/\\\/buergerbus-steinfurt.de\\\/#organization\",\"name\":\"B\u00fcrgerbus Steinfurt e.V.\",\"url\":\"https:\\\/\\\/buergerbus-steinfurt.de\\\/\",\"logo\":{\"@type\":\"ImageObject\",\"inLanguage\":\"de\",\"@id\":\"https:\\\/\\\/buergerbus-steinfurt.de\\\/#\\\/schema\\\/logo\\\/image\\\/\",\"url\":\"https:\\\/\\\/buergerbus-steinfurt.de\\\/wp-content\\\/uploads\\\/2022\\\/08\\\/2bb-steinfurt-logo-neu.png\",\"contentUrl\":\"https:\\\/\\\/buergerbus-steinfurt.de\\\/wp-content\\\/uploads\\\/2022\\\/08\\\/2bb-steinfurt-logo-neu.png\",\"width\":293,\"height\":75,\"caption\":\"B\u00fcrgerbus Steinfurt e.V.\"},\"image\":{\"@id\":\"https:\\\/\\\/buergerbus-steinfurt.de\\\/#\\\/schema\\\/logo\\\/image\\\/\"}},{\"@type\":\"Person\",\"@id\":\"https:\\\/\\\/buergerbus-steinfurt.de\\\/#\\\/schema\\\/person\\\/d0df83117f05647dd427e2cec47c2195\",\"name\":\"Reimar Bage\",\"image\":{\"@type\":\"ImageObject\",\"inLanguage\":\"de\",\"@id\":\"https:\\\/\\\/secure.gravatar.com\\\/avatar\\\/39763b5f1cf57f5fba11a8cef91d12bcd5b654814054b4c246daa1f3737f8a35?s=96&d=mm&r=g\",\"url\":\"https:\\\/\\\/secure.gravatar.com\\\/avatar\\\/39763b5f1cf57f5fba11a8cef91d12bcd5b654814054b4c246daa1f3737f8a35?s=96&d=mm&r=g\",\"contentUrl\":\"https:\\\/\\\/secure.gravatar.com\\\/avatar\\\/39763b5f1cf57f5fba11a8cef91d12bcd5b654814054b4c246daa1f3737f8a35?s=96&d=mm&r=g\",\"caption\":\"Reimar Bage\"},\"url\":\"https:\\\/\\\/buergerbus-steinfurt.de\\\/?author=3\"}]}<\/script>\n<!-- \/ Yoast SEO plugin. -->","yoast_head_json":{"title":"Stimmungsvolle Weihnachtsfeier - B\u00fcrgerbus Steinfurt %","robots":{"index":"index","follow":"follow","max-snippet":"max-snippet:-1","max-image-preview":"max-image-preview:large","max-video-preview":"max-video-preview:-1"},"canonical":"https:\/\/buergerbus-steinfurt.de\/?p=4976","og_locale":"de_DE","og_type":"article","og_title":"Stimmungsvolle Weihnachtsfeier - B\u00fcrgerbus Steinfurt %","og_description":"&nbsp; &nbsp; Vorsitzender Josef Greive erwartet f\u00fcr 2024 ein Rekordjahr bei den Fahrgastzahlen Steinfurt. Zur traditionellen Weihnachtsfeier trafen sich die Fahrerinnen und Fahrer sowie der Vorstand des B\u00fcrgerbusvereins Steinfurt in ...","og_url":"https:\/\/buergerbus-steinfurt.de\/?p=4976","og_site_name":"B\u00fcrgerbus Steinfurt","article_published_time":"2024-12-14T11:03:08+00:00","article_modified_time":"2024-12-14T21:08:02+00:00","og_image":[{"width":2090,"height":1310,"url":"https:\/\/buergerbus-steinfurt.de\/wp-content\/uploads\/2024\/12\/IMG_4715-scaled-e1734172920461.jpg","type":"image\/jpeg"}],"author":"Reimar Bage","twitter_card":"summary_large_image","twitter_misc":{"Verfasst von":"Reimar Bage","Gesch\u00e4tzte Lesezeit":"1\u00a0Minute"},"schema":{"@context":"https:\/\/schema.org","@graph":[{"@type":"Article","@id":"https:\/\/buergerbus-steinfurt.de\/?p=4976#article","isPartOf":{"@id":"https:\/\/buergerbus-steinfurt.de\/?p=4976"},"author":{"name":"Reimar Bage","@id":"https:\/\/buergerbus-steinfurt.de\/#\/schema\/person\/d0df83117f05647dd427e2cec47c2195"},"headline":"Stimmungsvolle Weihnachtsfeier","datePublished":"2024-12-14T11:03:08+00:00","dateModified":"2024-12-14T21:08:02+00:00","mainEntityOfPage":{"@id":"https:\/\/buergerbus-steinfurt.de\/?p=4976"},"wordCount":245,"publisher":{"@id":"https:\/\/buergerbus-steinfurt.de\/#organization"},"image":{"@id":"https:\/\/buergerbus-steinfurt.de\/?p=4976#primaryimage"},"thumbnailUrl":"https:\/\/buergerbus-steinfurt.de\/wp-content\/uploads\/2024\/12\/IMG_4715-scaled-e1734172920461.jpg","articleSection":["Uncategorized"],"inLanguage":"de"},{"@type":"WebPage","@id":"https:\/\/buergerbus-steinfurt.de\/?p=4976","url":"https:\/\/buergerbus-steinfurt.de\/?p=4976","name":"Stimmungsvolle Weihnachtsfeier - B\u00fcrgerbus Steinfurt %","isPartOf":{"@id":"https:\/\/buergerbus-steinfurt.de\/#website"},"primaryImageOfPage":{"@id":"https:\/\/buergerbus-steinfurt.de\/?p=4976#primaryimage"},"image":{"@id":"https:\/\/buergerbus-steinfurt.de\/?p=4976#primaryimage"},"thumbnailUrl":"https:\/\/buergerbus-steinfurt.de\/wp-content\/uploads\/2024\/12\/IMG_4715-scaled-e1734172920461.jpg","datePublished":"2024-12-14T11:03:08+00:00","dateModified":"2024-12-14T21:08:02+00:00","breadcrumb":{"@id":"https:\/\/buergerbus-steinfurt.de\/?p=4976#breadcrumb"},"inLanguage":"de","potentialAction":[{"@type":"ReadAction","target":["https:\/\/buergerbus-steinfurt.de\/?p=4976"]}]},{"@type":"ImageObject","inLanguage":"de","@id":"https:\/\/buergerbus-steinfurt.de\/?p=4976#primaryimage","url":"https:\/\/buergerbus-steinfurt.de\/wp-content\/uploads\/2024\/12\/IMG_4715-scaled-e1734172920461.jpg","contentUrl":"https:\/\/buergerbus-steinfurt.de\/wp-content\/uploads\/2024\/12\/IMG_4715-scaled-e1734172920461.jpg","width":2090,"height":1310},{"@type":"BreadcrumbList","@id":"https:\/\/buergerbus-steinfurt.de\/?p=4976#breadcrumb","itemListElement":[{"@type":"ListItem","position":1,"name":"Startseite","item":"https:\/\/buergerbus-steinfurt.de\/"},{"@type":"ListItem","position":2,"name":"Stimmungsvolle Weihnachtsfeier"}]},{"@type":"WebSite","@id":"https:\/\/buergerbus-steinfurt.de\/#website","url":"https:\/\/buergerbus-steinfurt.de\/","name":"B\u00dcRGERBUS STEINFURT","description":"","publisher":{"@id":"https:\/\/buergerbus-steinfurt.de\/#organization"},"potentialAction":[{"@type":"SearchAction","target":{"@type":"EntryPoint","urlTemplate":"https:\/\/buergerbus-steinfurt.de\/?s={search_term_string}"},"query-input":{"@type":"PropertyValueSpecification","valueRequired":true,"valueName":"search_term_string"}}],"inLanguage":"de"},{"@type":"Organization","@id":"https:\/\/buergerbus-steinfurt.de\/#organization","name":"B\u00fcrgerbus Steinfurt e.V.","url":"https:\/\/buergerbus-steinfurt.de\/","logo":{"@type":"ImageObject","inLanguage":"de","@id":"https:\/\/buergerbus-steinfurt.de\/#\/schema\/logo\/image\/","url":"https:\/\/buergerbus-steinfurt.de\/wp-content\/uploads\/2022\/08\/2bb-steinfurt-logo-neu.png","contentUrl":"https:\/\/buergerbus-steinfurt.de\/wp-content\/uploads\/2022\/08\/2bb-steinfurt-logo-neu.png","width":293,"height":75,"caption":"B\u00fcrgerbus Steinfurt e.V."},"image":{"@id":"https:\/\/buergerbus-steinfurt.de\/#\/schema\/logo\/image\/"}},{"@type":"Person","@id":"https:\/\/buergerbus-steinfurt.de\/#\/schema\/person\/d0df83117f05647dd427e2cec47c2195","name":"Reimar Bage","image":{"@type":"ImageObject","inLanguage":"de","@id":"https:\/\/secure.gravatar.com\/avatar\/39763b5f1cf57f5fba11a8cef91d12bcd5b654814054b4c246daa1f3737f8a35?s=96&d=mm&r=g","url":"https:\/\/secure.gravatar.com\/avatar\/39763b5f1cf57f5fba11a8cef91d12bcd5b654814054b4c246daa1f3737f8a35?s=96&d=mm&r=g","contentUrl":"https:\/\/secure.gravatar.com\/avatar\/39763b5f1cf57f5fba11a8cef91d12bcd5b654814054b4c246daa1f3737f8a35?s=96&d=mm&r=g","caption":"Reimar Bage"},"url":"https:\/\/buergerbus-steinfurt.de\/?author=3"}]}},"_links":{"self":[{"href":"https:\/\/buergerbus-steinfurt.de\/index.php?rest_route=\/wp\/v2\/posts\/4976","targetHints":{"allow":["GET"]}}],"collection":[{"href":"https:\/\/buergerbus-steinfurt.de\/index.php?rest_route=\/wp\/v2\/posts"}],"about":[{"href":"https:\/\/buergerbus-steinfurt.de\/index.php?rest_route=\/wp\/v2\/types\/post"}],"author":[{"embeddable":true,"href":"https:\/\/buergerbus-steinfurt.de\/index.php?rest_route=\/wp\/v2\/users\/3"}],"replies":[{"embeddable":true,"href":"https:\/\/buergerbus-steinfurt.de\/index.php?rest_route=%2Fwp%2Fv2%2Fcomments&post=4976"}],"version-history":[{"count":3,"href":"https:\/\/buergerbus-steinfurt.de\/index.php?rest_route=\/wp\/v2\/posts\/4976\/revisions"}],"predecessor-version":[{"id":5011,"href":"https:\/\/buergerbus-steinfurt.de\/index.php?rest_route=\/wp\/v2\/posts\/4976\/revisions\/5011"}],"wp:featuredmedia":[{"embeddable":true,"href":"https:\/\/buergerbus-steinfurt.de\/index.php?rest_route=\/wp\/v2\/media\/4992"}],"wp:attachment":[{"href":"https:\/\/buergerbus-steinfurt.de\/index.php?rest_route=%2Fwp%2Fv2%2Fmedia&parent=4976"}],"wp:term":[{"taxonomy":"category","embeddable":true,"href":"https:\/\/buergerbus-steinfurt.de\/index.php?rest_route=%2Fwp%2Fv2%2Fcategories&post=4976"},{"taxonomy":"post_tag","embeddable":true,"href":"https:\/\/buergerbus-steinfurt.de\/index.php?rest_route=%2Fwp%2Fv2%2Ftags&post=4976"}],"curies":[{"name":"wp","href":"https:\/\/api.w.org\/{rel}","templated":true}]}}