{"id":4875,"date":"2024-07-09T08:18:06","date_gmt":"2024-07-09T08:18:06","guid":{"rendered":"https:\/\/buergerbus-steinfurt.de\/?p=4875"},"modified":"2024-07-09T09:05:27","modified_gmt":"2024-07-09T09:05:27","slug":"gelungenes-sommerfest","status":"publish","type":"post","link":"https:\/\/buergerbus-steinfurt.de\/?p=4875","title":{"rendered":"Gelungenes Sommerfest bei Becker&#8217;s Jan"},"content":{"rendered":"<p><img loading=\"lazy\" decoding=\"async\" class=\"alignnone wp-image-4878 size-full\" src=\"https:\/\/buergerbus-steinfurt.de\/wp-content\/uploads\/2024\/07\/Sommerfest-2-Buergerbus-2024-scaled-e1720513040976.jpg\" alt=\"\" width=\"1920\" height=\"725\" srcset=\"https:\/\/buergerbus-steinfurt.de\/wp-content\/uploads\/2024\/07\/Sommerfest-2-Buergerbus-2024-scaled-e1720513040976.jpg 1920w, https:\/\/buergerbus-steinfurt.de\/wp-content\/uploads\/2024\/07\/Sommerfest-2-Buergerbus-2024-scaled-e1720513040976-300x113.jpg 300w, https:\/\/buergerbus-steinfurt.de\/wp-content\/uploads\/2024\/07\/Sommerfest-2-Buergerbus-2024-scaled-e1720513040976-1024x387.jpg 1024w, https:\/\/buergerbus-steinfurt.de\/wp-content\/uploads\/2024\/07\/Sommerfest-2-Buergerbus-2024-scaled-e1720513040976-768x290.jpg 768w, https:\/\/buergerbus-steinfurt.de\/wp-content\/uploads\/2024\/07\/Sommerfest-2-Buergerbus-2024-scaled-e1720513040976-1536x580.jpg 1536w\" sizes=\"auto, (max-width: 1920px) 100vw, 1920px\" \/><\/p>\n<p>Strahlende Gesichter trotz des wenig sommerlichen Wetters gab es beim Sommerfest des B\u00fcrgerbus Steinfurt, zu dem der Vorsitzende Josef Greive rund 70 Vereinsmitglieder bei Becker\u00b4s Jan begr\u00fc\u00dfen konnte. Besonders begr\u00fc\u00dfte er B\u00fcrgermeisterin Claudia B\u00f6gel-Hoyer sowie die RVM-Koordinatorin des B\u00fcrgerbusses Katja Eckmann.<\/p>\n<p>Greive wies darauf hin, dass die Fahrerinnen und Fahrer sich dieses Fest redlich verdient hatten, zumal ein intensives erstes Halbjahr 2024 hinter allen liegt. Die erste Herausforderung war f\u00fcr sie die umfangreiche Fahrplanumstellung. Zwei Monate sp\u00e4ter kam der neue B\u00fcrgerbus, mit vielen Vorteilen f\u00fcr die Fahrg\u00e4sten. Von den Fahrern aber verlangte es besondere Aufmerksamkeit, da der Neue deutlich l\u00e4nger ist.<\/p>\n<p>Mit ein wenig Stolz konnte er feststellen, dass beide Ma\u00dfnahmen sich sehr positiv auf die Fahrgastzahlen ausgewirkt haben. So konnten im ersten Halbjahr mehr als 6.500 Fahrg\u00e4ste bef\u00f6rdert werden. Wenn sich die Zahlen im zweiten Halbjahr \u00e4hnlich gut entwickeln, wird der Verein einen neuen Fahrgastrekord erzielen.<\/p>\n<p>Sehr erfreut \u00fcber die Erfolgsgeschichte des B\u00fcrgerbusses f\u00fcr die Stadt Steinfurt zeigte sich B\u00fcrgermeisterin Claudia B\u00f6gel-Hoyer. Sie dankte der RVM-Koordinatorin Katja Eckmann f\u00fcr die intensiven, aber fairen Verhandlungen zum neuen B\u00fcrgerbus-Modell, das erstmalig im RVM-Bereich angeschafft wurde und insbesondere von Vereinsvorstand favorisiert wurde. Die B\u00fcrgermeisterin bedankte sich vor allem bei den Fahrerinnen und Fahrern f\u00fcr ihren ehrenamtlichen Einsatz, f\u00fcr die stets zuverl\u00e4ssig, p\u00fcnktliche und hilfsbereite Bef\u00f6rderung der vielen Fahrg\u00e4ste. Zum Abschluss w\u00fcnschte sie: \u201eKommt immer gut und sicher zur\u00fcck mit unserem sch\u00f6nen neuen B\u00fcrgerbus.\u201c<br \/>\nAnschlie\u00dfend begr\u00fc\u00dfte auch Herbert Zellerhoff als 2. Vorsitzender und Organisator des Abends die Mitglieder. Er freute sich, dass er mit Becker\u00b4s Jan eine sch\u00f6ne Lokalit\u00e4t f\u00fcr drinnen und drau\u00dfen und damit f\u00fcr jedes Wetter gefunden hatte. Anschlie\u00dfend lud er im Namen des Vereins zu Getr\u00e4nken und Grillw\u00fcrstchen mit Beilage ein.<br \/>\nDie Vereinsmitglieder nutzten die sch\u00f6ne Gelegenheit zu vielen Gespr\u00e4chen und Austausch von Erlebnissen untereinander, zumal sie bei den sonstigen Eins\u00e4tzen f\u00fcr den B\u00fcrgerbus immer nur einzeln unterwegs sind.<\/p>\n","protected":false},"excerpt":{"rendered":"<p>Strahlende Gesichter trotz des wenig sommerlichen Wetters gab es beim Sommerfest des B\u00fcrgerbus Steinfurt, zu dem der Vorsitzende Josef Greive rund 70 Vereinsmitglieder bei Becker\u00b4s Jan begr\u00fc\u00dfen konnte. Besonders begr\u00fc\u00dfte &#8230;<\/p>\n","protected":false},"author":3,"featured_media":4884,"comment_status":"closed","ping_status":"closed","sticky":false,"template":"","format":"standard","meta":{"footnotes":""},"categories":[1],"tags":[],"class_list":["post-4875","post","type-post","status-publish","format-standard","has-post-thumbnail","hentry","category-uncategorized"],"yoast_head":"<!-- This site is optimized with the Yoast SEO plugin v27.5 - https:\/\/yoast.com\/product\/yoast-seo-wordpress\/ -->\n<title>Gelungenes Sommerfest bei Becker&#039;s Jan - B\u00fcrgerbus Steinfurt %<\/title>\n<meta name=\"robots\" content=\"index, follow, max-snippet:-1, max-image-preview:large, max-video-preview:-1\" \/>\n<link rel=\"canonical\" href=\"https:\/\/buergerbus-steinfurt.de\/?p=4875\" \/>\n<meta property=\"og:locale\" content=\"de_DE\" \/>\n<meta property=\"og:type\" content=\"article\" \/>\n<meta property=\"og:title\" content=\"Gelungenes Sommerfest bei Becker&#039;s Jan - B\u00fcrgerbus Steinfurt %\" \/>\n<meta property=\"og:description\" content=\"Strahlende Gesichter trotz des wenig sommerlichen Wetters gab es beim Sommerfest des B\u00fcrgerbus Steinfurt, zu dem der Vorsitzende Josef Greive rund 70 Vereinsmitglieder bei Becker\u00b4s Jan begr\u00fc\u00dfen konnte. Besonders begr\u00fc\u00dfte ...\" \/>\n<meta property=\"og:url\" content=\"https:\/\/buergerbus-steinfurt.de\/?p=4875\" \/>\n<meta property=\"og:site_name\" content=\"B\u00fcrgerbus Steinfurt\" \/>\n<meta property=\"article:published_time\" content=\"2024-07-09T08:18:06+00:00\" \/>\n<meta property=\"article:modified_time\" content=\"2024-07-09T09:05:27+00:00\" \/>\n<meta property=\"og:image\" content=\"https:\/\/buergerbus-steinfurt.de\/wp-content\/uploads\/2024\/07\/Sommerfest-1a-Buergerbus-e1720515861457-1024x654.jpg\" \/>\n\t<meta property=\"og:image:width\" content=\"1024\" \/>\n\t<meta property=\"og:image:height\" content=\"654\" \/>\n\t<meta property=\"og:image:type\" content=\"image\/jpeg\" \/>\n<meta name=\"author\" content=\"Reimar Bage\" \/>\n<meta name=\"twitter:card\" content=\"summary_large_image\" \/>\n<meta name=\"twitter:label1\" content=\"Verfasst von\" \/>\n\t<meta name=\"twitter:data1\" content=\"Reimar Bage\" \/>\n\t<meta name=\"twitter:label2\" content=\"Gesch\u00e4tzte Lesezeit\" \/>\n\t<meta name=\"twitter:data2\" content=\"2\u00a0Minuten\" \/>\n<script type=\"application\/ld+json\" class=\"yoast-schema-graph\">{\"@context\":\"https:\\\/\\\/schema.org\",\"@graph\":[{\"@type\":\"Article\",\"@id\":\"https:\\\/\\\/buergerbus-steinfurt.de\\\/?p=4875#article\",\"isPartOf\":{\"@id\":\"https:\\\/\\\/buergerbus-steinfurt.de\\\/?p=4875\"},\"author\":{\"name\":\"Reimar Bage\",\"@id\":\"https:\\\/\\\/buergerbus-steinfurt.de\\\/#\\\/schema\\\/person\\\/d0df83117f05647dd427e2cec47c2195\"},\"headline\":\"Gelungenes Sommerfest bei Becker&#8217;s Jan\",\"datePublished\":\"2024-07-09T08:18:06+00:00\",\"dateModified\":\"2024-07-09T09:05:27+00:00\",\"mainEntityOfPage\":{\"@id\":\"https:\\\/\\\/buergerbus-steinfurt.de\\\/?p=4875\"},\"wordCount\":360,\"publisher\":{\"@id\":\"https:\\\/\\\/buergerbus-steinfurt.de\\\/#organization\"},\"image\":{\"@id\":\"https:\\\/\\\/buergerbus-steinfurt.de\\\/?p=4875#primaryimage\"},\"thumbnailUrl\":\"https:\\\/\\\/buergerbus-steinfurt.de\\\/wp-content\\\/uploads\\\/2024\\\/07\\\/Sommerfest-1a-Buergerbus-e1720515861457.jpg\",\"articleSection\":[\"Uncategorized\"],\"inLanguage\":\"de\"},{\"@type\":\"WebPage\",\"@id\":\"https:\\\/\\\/buergerbus-steinfurt.de\\\/?p=4875\",\"url\":\"https:\\\/\\\/buergerbus-steinfurt.de\\\/?p=4875\",\"name\":\"Gelungenes Sommerfest bei Becker's Jan - B\u00fcrgerbus Steinfurt %\",\"isPartOf\":{\"@id\":\"https:\\\/\\\/buergerbus-steinfurt.de\\\/#website\"},\"primaryImageOfPage\":{\"@id\":\"https:\\\/\\\/buergerbus-steinfurt.de\\\/?p=4875#primaryimage\"},\"image\":{\"@id\":\"https:\\\/\\\/buergerbus-steinfurt.de\\\/?p=4875#primaryimage\"},\"thumbnailUrl\":\"https:\\\/\\\/buergerbus-steinfurt.de\\\/wp-content\\\/uploads\\\/2024\\\/07\\\/Sommerfest-1a-Buergerbus-e1720515861457.jpg\",\"datePublished\":\"2024-07-09T08:18:06+00:00\",\"dateModified\":\"2024-07-09T09:05:27+00:00\",\"breadcrumb\":{\"@id\":\"https:\\\/\\\/buergerbus-steinfurt.de\\\/?p=4875#breadcrumb\"},\"inLanguage\":\"de\",\"potentialAction\":[{\"@type\":\"ReadAction\",\"target\":[\"https:\\\/\\\/buergerbus-steinfurt.de\\\/?p=4875\"]}]},{\"@type\":\"ImageObject\",\"inLanguage\":\"de\",\"@id\":\"https:\\\/\\\/buergerbus-steinfurt.de\\\/?p=4875#primaryimage\",\"url\":\"https:\\\/\\\/buergerbus-steinfurt.de\\\/wp-content\\\/uploads\\\/2024\\\/07\\\/Sommerfest-1a-Buergerbus-e1720515861457.jpg\",\"contentUrl\":\"https:\\\/\\\/buergerbus-steinfurt.de\\\/wp-content\\\/uploads\\\/2024\\\/07\\\/Sommerfest-1a-Buergerbus-e1720515861457.jpg\",\"width\":1813,\"height\":1158},{\"@type\":\"BreadcrumbList\",\"@id\":\"https:\\\/\\\/buergerbus-steinfurt.de\\\/?p=4875#breadcrumb\",\"itemListElement\":[{\"@type\":\"ListItem\",\"position\":1,\"name\":\"Startseite\",\"item\":\"https:\\\/\\\/buergerbus-steinfurt.de\\\/\"},{\"@type\":\"ListItem\",\"position\":2,\"name\":\"Gelungenes Sommerfest bei Becker&#8217;s Jan\"}]},{\"@type\":\"WebSite\",\"@id\":\"https:\\\/\\\/buergerbus-steinfurt.de\\\/#website\",\"url\":\"https:\\\/\\\/buergerbus-steinfurt.de\\\/\",\"name\":\"B\u00dcRGERBUS STEINFURT\",\"description\":\"\",\"publisher\":{\"@id\":\"https:\\\/\\\/buergerbus-steinfurt.de\\\/#organization\"},\"potentialAction\":[{\"@type\":\"SearchAction\",\"target\":{\"@type\":\"EntryPoint\",\"urlTemplate\":\"https:\\\/\\\/buergerbus-steinfurt.de\\\/?s={search_term_string}\"},\"query-input\":{\"@type\":\"PropertyValueSpecification\",\"valueRequired\":true,\"valueName\":\"search_term_string\"}}],\"inLanguage\":\"de\"},{\"@type\":\"Organization\",\"@id\":\"https:\\\/\\\/buergerbus-steinfurt.de\\\/#organization\",\"name\":\"B\u00fcrgerbus Steinfurt e.V.\",\"url\":\"https:\\\/\\\/buergerbus-steinfurt.de\\\/\",\"logo\":{\"@type\":\"ImageObject\",\"inLanguage\":\"de\",\"@id\":\"https:\\\/\\\/buergerbus-steinfurt.de\\\/#\\\/schema\\\/logo\\\/image\\\/\",\"url\":\"https:\\\/\\\/buergerbus-steinfurt.de\\\/wp-content\\\/uploads\\\/2022\\\/08\\\/2bb-steinfurt-logo-neu.png\",\"contentUrl\":\"https:\\\/\\\/buergerbus-steinfurt.de\\\/wp-content\\\/uploads\\\/2022\\\/08\\\/2bb-steinfurt-logo-neu.png\",\"width\":293,\"height\":75,\"caption\":\"B\u00fcrgerbus Steinfurt e.V.\"},\"image\":{\"@id\":\"https:\\\/\\\/buergerbus-steinfurt.de\\\/#\\\/schema\\\/logo\\\/image\\\/\"}},{\"@type\":\"Person\",\"@id\":\"https:\\\/\\\/buergerbus-steinfurt.de\\\/#\\\/schema\\\/person\\\/d0df83117f05647dd427e2cec47c2195\",\"name\":\"Reimar Bage\",\"image\":{\"@type\":\"ImageObject\",\"inLanguage\":\"de\",\"@id\":\"https:\\\/\\\/secure.gravatar.com\\\/avatar\\\/39763b5f1cf57f5fba11a8cef91d12bcd5b654814054b4c246daa1f3737f8a35?s=96&d=mm&r=g\",\"url\":\"https:\\\/\\\/secure.gravatar.com\\\/avatar\\\/39763b5f1cf57f5fba11a8cef91d12bcd5b654814054b4c246daa1f3737f8a35?s=96&d=mm&r=g\",\"contentUrl\":\"https:\\\/\\\/secure.gravatar.com\\\/avatar\\\/39763b5f1cf57f5fba11a8cef91d12bcd5b654814054b4c246daa1f3737f8a35?s=96&d=mm&r=g\",\"caption\":\"Reimar Bage\"},\"url\":\"https:\\\/\\\/buergerbus-steinfurt.de\\\/?author=3\"}]}<\/script>\n<!-- \/ Yoast SEO plugin. -->","yoast_head_json":{"title":"Gelungenes Sommerfest bei Becker's Jan - B\u00fcrgerbus Steinfurt %","robots":{"index":"index","follow":"follow","max-snippet":"max-snippet:-1","max-image-preview":"max-image-preview:large","max-video-preview":"max-video-preview:-1"},"canonical":"https:\/\/buergerbus-steinfurt.de\/?p=4875","og_locale":"de_DE","og_type":"article","og_title":"Gelungenes Sommerfest bei Becker's Jan - B\u00fcrgerbus Steinfurt %","og_description":"Strahlende Gesichter trotz des wenig sommerlichen Wetters gab es beim Sommerfest des B\u00fcrgerbus Steinfurt, zu dem der Vorsitzende Josef Greive rund 70 Vereinsmitglieder bei Becker\u00b4s Jan begr\u00fc\u00dfen konnte. Besonders begr\u00fc\u00dfte ...","og_url":"https:\/\/buergerbus-steinfurt.de\/?p=4875","og_site_name":"B\u00fcrgerbus Steinfurt","article_published_time":"2024-07-09T08:18:06+00:00","article_modified_time":"2024-07-09T09:05:27+00:00","og_image":[{"width":1024,"height":654,"url":"https:\/\/buergerbus-steinfurt.de\/wp-content\/uploads\/2024\/07\/Sommerfest-1a-Buergerbus-e1720515861457-1024x654.jpg","type":"image\/jpeg"}],"author":"Reimar Bage","twitter_card":"summary_large_image","twitter_misc":{"Verfasst von":"Reimar Bage","Gesch\u00e4tzte Lesezeit":"2\u00a0Minuten"},"schema":{"@context":"https:\/\/schema.org","@graph":[{"@type":"Article","@id":"https:\/\/buergerbus-steinfurt.de\/?p=4875#article","isPartOf":{"@id":"https:\/\/buergerbus-steinfurt.de\/?p=4875"},"author":{"name":"Reimar Bage","@id":"https:\/\/buergerbus-steinfurt.de\/#\/schema\/person\/d0df83117f05647dd427e2cec47c2195"},"headline":"Gelungenes Sommerfest bei Becker&#8217;s Jan","datePublished":"2024-07-09T08:18:06+00:00","dateModified":"2024-07-09T09:05:27+00:00","mainEntityOfPage":{"@id":"https:\/\/buergerbus-steinfurt.de\/?p=4875"},"wordCount":360,"publisher":{"@id":"https:\/\/buergerbus-steinfurt.de\/#organization"},"image":{"@id":"https:\/\/buergerbus-steinfurt.de\/?p=4875#primaryimage"},"thumbnailUrl":"https:\/\/buergerbus-steinfurt.de\/wp-content\/uploads\/2024\/07\/Sommerfest-1a-Buergerbus-e1720515861457.jpg","articleSection":["Uncategorized"],"inLanguage":"de"},{"@type":"WebPage","@id":"https:\/\/buergerbus-steinfurt.de\/?p=4875","url":"https:\/\/buergerbus-steinfurt.de\/?p=4875","name":"Gelungenes Sommerfest bei Becker's Jan - B\u00fcrgerbus Steinfurt %","isPartOf":{"@id":"https:\/\/buergerbus-steinfurt.de\/#website"},"primaryImageOfPage":{"@id":"https:\/\/buergerbus-steinfurt.de\/?p=4875#primaryimage"},"image":{"@id":"https:\/\/buergerbus-steinfurt.de\/?p=4875#primaryimage"},"thumbnailUrl":"https:\/\/buergerbus-steinfurt.de\/wp-content\/uploads\/2024\/07\/Sommerfest-1a-Buergerbus-e1720515861457.jpg","datePublished":"2024-07-09T08:18:06+00:00","dateModified":"2024-07-09T09:05:27+00:00","breadcrumb":{"@id":"https:\/\/buergerbus-steinfurt.de\/?p=4875#breadcrumb"},"inLanguage":"de","potentialAction":[{"@type":"ReadAction","target":["https:\/\/buergerbus-steinfurt.de\/?p=4875"]}]},{"@type":"ImageObject","inLanguage":"de","@id":"https:\/\/buergerbus-steinfurt.de\/?p=4875#primaryimage","url":"https:\/\/buergerbus-steinfurt.de\/wp-content\/uploads\/2024\/07\/Sommerfest-1a-Buergerbus-e1720515861457.jpg","contentUrl":"https:\/\/buergerbus-steinfurt.de\/wp-content\/uploads\/2024\/07\/Sommerfest-1a-Buergerbus-e1720515861457.jpg","width":1813,"height":1158},{"@type":"BreadcrumbList","@id":"https:\/\/buergerbus-steinfurt.de\/?p=4875#breadcrumb","itemListElement":[{"@type":"ListItem","position":1,"name":"Startseite","item":"https:\/\/buergerbus-steinfurt.de\/"},{"@type":"ListItem","position":2,"name":"Gelungenes Sommerfest bei Becker&#8217;s Jan"}]},{"@type":"WebSite","@id":"https:\/\/buergerbus-steinfurt.de\/#website","url":"https:\/\/buergerbus-steinfurt.de\/","name":"B\u00dcRGERBUS STEINFURT","description":"","publisher":{"@id":"https:\/\/buergerbus-steinfurt.de\/#organization"},"potentialAction":[{"@type":"SearchAction","target":{"@type":"EntryPoint","urlTemplate":"https:\/\/buergerbus-steinfurt.de\/?s={search_term_string}"},"query-input":{"@type":"PropertyValueSpecification","valueRequired":true,"valueName":"search_term_string"}}],"inLanguage":"de"},{"@type":"Organization","@id":"https:\/\/buergerbus-steinfurt.de\/#organization","name":"B\u00fcrgerbus Steinfurt e.V.","url":"https:\/\/buergerbus-steinfurt.de\/","logo":{"@type":"ImageObject","inLanguage":"de","@id":"https:\/\/buergerbus-steinfurt.de\/#\/schema\/logo\/image\/","url":"https:\/\/buergerbus-steinfurt.de\/wp-content\/uploads\/2022\/08\/2bb-steinfurt-logo-neu.png","contentUrl":"https:\/\/buergerbus-steinfurt.de\/wp-content\/uploads\/2022\/08\/2bb-steinfurt-logo-neu.png","width":293,"height":75,"caption":"B\u00fcrgerbus Steinfurt e.V."},"image":{"@id":"https:\/\/buergerbus-steinfurt.de\/#\/schema\/logo\/image\/"}},{"@type":"Person","@id":"https:\/\/buergerbus-steinfurt.de\/#\/schema\/person\/d0df83117f05647dd427e2cec47c2195","name":"Reimar Bage","image":{"@type":"ImageObject","inLanguage":"de","@id":"https:\/\/secure.gravatar.com\/avatar\/39763b5f1cf57f5fba11a8cef91d12bcd5b654814054b4c246daa1f3737f8a35?s=96&d=mm&r=g","url":"https:\/\/secure.gravatar.com\/avatar\/39763b5f1cf57f5fba11a8cef91d12bcd5b654814054b4c246daa1f3737f8a35?s=96&d=mm&r=g","contentUrl":"https:\/\/secure.gravatar.com\/avatar\/39763b5f1cf57f5fba11a8cef91d12bcd5b654814054b4c246daa1f3737f8a35?s=96&d=mm&r=g","caption":"Reimar Bage"},"url":"https:\/\/buergerbus-steinfurt.de\/?author=3"}]}},"_links":{"self":[{"href":"https:\/\/buergerbus-steinfurt.de\/index.php?rest_route=\/wp\/v2\/posts\/4875","targetHints":{"allow":["GET"]}}],"collection":[{"href":"https:\/\/buergerbus-steinfurt.de\/index.php?rest_route=\/wp\/v2\/posts"}],"about":[{"href":"https:\/\/buergerbus-steinfurt.de\/index.php?rest_route=\/wp\/v2\/types\/post"}],"author":[{"embeddable":true,"href":"https:\/\/buergerbus-steinfurt.de\/index.php?rest_route=\/wp\/v2\/users\/3"}],"replies":[{"embeddable":true,"href":"https:\/\/buergerbus-steinfurt.de\/index.php?rest_route=%2Fwp%2Fv2%2Fcomments&post=4875"}],"version-history":[{"count":5,"href":"https:\/\/buergerbus-steinfurt.de\/index.php?rest_route=\/wp\/v2\/posts\/4875\/revisions"}],"predecessor-version":[{"id":4885,"href":"https:\/\/buergerbus-steinfurt.de\/index.php?rest_route=\/wp\/v2\/posts\/4875\/revisions\/4885"}],"wp:featuredmedia":[{"embeddable":true,"href":"https:\/\/buergerbus-steinfurt.de\/index.php?rest_route=\/wp\/v2\/media\/4884"}],"wp:attachment":[{"href":"https:\/\/buergerbus-steinfurt.de\/index.php?rest_route=%2Fwp%2Fv2%2Fmedia&parent=4875"}],"wp:term":[{"taxonomy":"category","embeddable":true,"href":"https:\/\/buergerbus-steinfurt.de\/index.php?rest_route=%2Fwp%2Fv2%2Fcategories&post=4875"},{"taxonomy":"post_tag","embeddable":true,"href":"https:\/\/buergerbus-steinfurt.de\/index.php?rest_route=%2Fwp%2Fv2%2Ftags&post=4875"}],"curies":[{"name":"wp","href":"https:\/\/api.w.org\/{rel}","templated":true}]}}