{"id":4569,"date":"2023-12-07T09:06:32","date_gmt":"2023-12-07T09:06:32","guid":{"rendered":"https:\/\/buergerbus-steinfurt.de\/?p=4569"},"modified":"2023-12-07T09:07:13","modified_gmt":"2023-12-07T09:07:13","slug":"stimmungsvolle-weihnachtsfeier","status":"publish","type":"post","link":"https:\/\/buergerbus-steinfurt.de\/?p=4569","title":{"rendered":"Stimmungsvolle Weihnachtsfeier"},"content":{"rendered":"<p><strong><img loading=\"lazy\" decoding=\"async\" class=\"aligncenter size-full wp-image-4574\" src=\"https:\/\/buergerbus-steinfurt.de\/wp-content\/uploads\/2023\/12\/IMG_4658-scaled.jpg\" alt=\"\" width=\"2560\" height=\"599\" srcset=\"https:\/\/buergerbus-steinfurt.de\/wp-content\/uploads\/2023\/12\/IMG_4658-scaled.jpg 2560w, https:\/\/buergerbus-steinfurt.de\/wp-content\/uploads\/2023\/12\/IMG_4658-300x70.jpg 300w, https:\/\/buergerbus-steinfurt.de\/wp-content\/uploads\/2023\/12\/IMG_4658-1024x240.jpg 1024w, https:\/\/buergerbus-steinfurt.de\/wp-content\/uploads\/2023\/12\/IMG_4658-768x180.jpg 768w, https:\/\/buergerbus-steinfurt.de\/wp-content\/uploads\/2023\/12\/IMG_4658-1536x359.jpg 1536w, https:\/\/buergerbus-steinfurt.de\/wp-content\/uploads\/2023\/12\/IMG_4658-2048x479.jpg 2048w\" sizes=\"auto, (max-width: 2560px) 100vw, 2560px\" \/><\/strong><\/p>\n<p><em>Gruppenfoto des Fahrer-Teams mit Vorstand<\/em><\/p>\n<p><strong>Steinfurt.<\/strong> Zur traditionellen Weihnachtsfeier trafen sich die Fahrerinnen und Fahrer sowie der Vorstand des B\u00fcrgerbusvereins Steinfurt in diesem Jahr in der Gastst\u00e4tte Nossa Terra. Vorsitzender Josef Greive freute sich, mit Ausnahme von zwei erkrankten Fahrern, das gesamte ehrenamtliche Fahrpersonal, den Vorstand und die Ehrenmitglieder Ferdi Brust und Manfred Entrup begr\u00fc\u00dfen zu k\u00f6nnen. Darunter befanden sich auch als neue Fahrer:in Susanne Lindemann, Karl Br\u00fcgge und Norbert Heeke. Sie w\u00fcrden angesichts der der \u201etollen Fahrgastzahlen\u201c des laufenden Jahres dringend gebraucht. Noch im Dezember erwartet der Verein den 100.000. Fahrgast. Man rechnet insgesamt mit 11.500 Fahrg\u00e4sten in diesem Jahr. F\u00fcr das kommende Jahr erwartet der Vorsitzende einen neuen Fahrgastrekord, zumal ein neuer Bus angeschafft wird und ein \u00fcberarbeiteter Fahrplan ab M\u00e4rz 2024 in Kraft tritt. Bevor die Teilnehmer sich an dem reichhaltigen B\u00fcffet st\u00e4rkten, wurde noch ein aktuelles \u201eMannschaftsfoto\u201c gemacht. Nach dem Essen h\u00f6rten die Teilnehmer eine nachdenklich stimmende Weihnachtsgeschichte, vorgetragen von Margarete Zellerhoff als \u201eEngel des Herren\u201c. Und schlie\u00dflich erhielten alle die obligatorische Weihnachtst\u00fcte, bevor der Abend mit gem\u00fctlichem Beisammensein ausklang.<\/p>\n<p><img loading=\"lazy\" decoding=\"async\" class=\"aligncenter wp-image-4571 size-full\" src=\"https:\/\/buergerbus-steinfurt.de\/wp-content\/uploads\/2023\/12\/IMG_4642-scaled-e1701939599930.jpg\" alt=\"\" width=\"2560\" height=\"1250\" srcset=\"https:\/\/buergerbus-steinfurt.de\/wp-content\/uploads\/2023\/12\/IMG_4642-scaled-e1701939599930.jpg 2560w, https:\/\/buergerbus-steinfurt.de\/wp-content\/uploads\/2023\/12\/IMG_4642-scaled-e1701939599930-300x146.jpg 300w, https:\/\/buergerbus-steinfurt.de\/wp-content\/uploads\/2023\/12\/IMG_4642-scaled-e1701939599930-1024x500.jpg 1024w, https:\/\/buergerbus-steinfurt.de\/wp-content\/uploads\/2023\/12\/IMG_4642-scaled-e1701939599930-768x375.jpg 768w, https:\/\/buergerbus-steinfurt.de\/wp-content\/uploads\/2023\/12\/IMG_4642-scaled-e1701939599930-1536x750.jpg 1536w, https:\/\/buergerbus-steinfurt.de\/wp-content\/uploads\/2023\/12\/IMG_4642-scaled-e1701939599930-2048x1000.jpg 2048w\" sizes=\"auto, (max-width: 2560px) 100vw, 2560px\" \/><\/p>\n<p><img loading=\"lazy\" decoding=\"async\" class=\"aligncenter size-full wp-image-4575\" src=\"https:\/\/buergerbus-steinfurt.de\/wp-content\/uploads\/2023\/12\/IMG_4659-scaled.jpg\" alt=\"\" width=\"2560\" height=\"1707\" srcset=\"https:\/\/buergerbus-steinfurt.de\/wp-content\/uploads\/2023\/12\/IMG_4659-scaled.jpg 2560w, https:\/\/buergerbus-steinfurt.de\/wp-content\/uploads\/2023\/12\/IMG_4659-300x200.jpg 300w, https:\/\/buergerbus-steinfurt.de\/wp-content\/uploads\/2023\/12\/IMG_4659-1024x683.jpg 1024w, https:\/\/buergerbus-steinfurt.de\/wp-content\/uploads\/2023\/12\/IMG_4659-768x512.jpg 768w, https:\/\/buergerbus-steinfurt.de\/wp-content\/uploads\/2023\/12\/IMG_4659-1536x1024.jpg 1536w, https:\/\/buergerbus-steinfurt.de\/wp-content\/uploads\/2023\/12\/IMG_4659-2048x1365.jpg 2048w\" sizes=\"auto, (max-width: 2560px) 100vw, 2560px\" \/><\/p>\n","protected":false},"excerpt":{"rendered":"<p>Gruppenfoto des Fahrer-Teams mit Vorstand Steinfurt. Zur traditionellen Weihnachtsfeier trafen sich die Fahrerinnen und Fahrer sowie der Vorstand des B\u00fcrgerbusvereins Steinfurt in diesem Jahr in der Gastst\u00e4tte Nossa Terra. Vorsitzender &#8230;<\/p>\n","protected":false},"author":3,"featured_media":4578,"comment_status":"closed","ping_status":"closed","sticky":false,"template":"","format":"standard","meta":{"footnotes":""},"categories":[1],"tags":[],"class_list":["post-4569","post","type-post","status-publish","format-standard","has-post-thumbnail","hentry","category-uncategorized"],"yoast_head":"<!-- This site is optimized with the Yoast SEO plugin v27.5 - https:\/\/yoast.com\/product\/yoast-seo-wordpress\/ -->\n<title>Stimmungsvolle Weihnachtsfeier - B\u00fcrgerbus Steinfurt % %<\/title>\n<meta name=\"robots\" content=\"index, follow, max-snippet:-1, max-image-preview:large, max-video-preview:-1\" \/>\n<link rel=\"canonical\" href=\"https:\/\/buergerbus-steinfurt.de\/?p=4569\" \/>\n<meta property=\"og:locale\" content=\"de_DE\" \/>\n<meta property=\"og:type\" content=\"article\" \/>\n<meta property=\"og:title\" content=\"Stimmungsvolle Weihnachtsfeier - B\u00fcrgerbus Steinfurt % %\" \/>\n<meta property=\"og:description\" content=\"Gruppenfoto des Fahrer-Teams mit Vorstand Steinfurt. Zur traditionellen Weihnachtsfeier trafen sich die Fahrerinnen und Fahrer sowie der Vorstand des B\u00fcrgerbusvereins Steinfurt in diesem Jahr in der Gastst\u00e4tte Nossa Terra. Vorsitzender ...\" \/>\n<meta property=\"og:url\" content=\"https:\/\/buergerbus-steinfurt.de\/?p=4569\" \/>\n<meta property=\"og:site_name\" content=\"B\u00fcrgerbus Steinfurt\" \/>\n<meta property=\"article:published_time\" content=\"2023-12-07T09:06:32+00:00\" \/>\n<meta property=\"article:modified_time\" content=\"2023-12-07T09:07:13+00:00\" \/>\n<meta property=\"og:image\" content=\"https:\/\/buergerbus-steinfurt.de\/wp-content\/uploads\/2023\/12\/IMG_4652-1-scaled-e1701939950421.jpg\" \/>\n\t<meta property=\"og:image:width\" content=\"1992\" \/>\n\t<meta property=\"og:image:height\" content=\"1531\" \/>\n\t<meta property=\"og:image:type\" content=\"image\/jpeg\" \/>\n<meta name=\"author\" content=\"Reimar Bage\" \/>\n<meta name=\"twitter:card\" content=\"summary_large_image\" \/>\n<meta name=\"twitter:label1\" content=\"Verfasst von\" \/>\n\t<meta name=\"twitter:data1\" content=\"Reimar Bage\" \/>\n\t<meta name=\"twitter:label2\" content=\"Gesch\u00e4tzte Lesezeit\" \/>\n\t<meta name=\"twitter:data2\" content=\"1\u00a0Minute\" \/>\n<script type=\"application\/ld+json\" class=\"yoast-schema-graph\">{\"@context\":\"https:\\\/\\\/schema.org\",\"@graph\":[{\"@type\":\"Article\",\"@id\":\"https:\\\/\\\/buergerbus-steinfurt.de\\\/?p=4569#article\",\"isPartOf\":{\"@id\":\"https:\\\/\\\/buergerbus-steinfurt.de\\\/?p=4569\"},\"author\":{\"name\":\"Reimar Bage\",\"@id\":\"https:\\\/\\\/buergerbus-steinfurt.de\\\/#\\\/schema\\\/person\\\/d0df83117f05647dd427e2cec47c2195\"},\"headline\":\"Stimmungsvolle Weihnachtsfeier\",\"datePublished\":\"2023-12-07T09:06:32+00:00\",\"dateModified\":\"2023-12-07T09:07:13+00:00\",\"mainEntityOfPage\":{\"@id\":\"https:\\\/\\\/buergerbus-steinfurt.de\\\/?p=4569\"},\"wordCount\":189,\"publisher\":{\"@id\":\"https:\\\/\\\/buergerbus-steinfurt.de\\\/#organization\"},\"image\":{\"@id\":\"https:\\\/\\\/buergerbus-steinfurt.de\\\/?p=4569#primaryimage\"},\"thumbnailUrl\":\"https:\\\/\\\/buergerbus-steinfurt.de\\\/wp-content\\\/uploads\\\/2023\\\/12\\\/IMG_4652-1-scaled-e1701939950421.jpg\",\"articleSection\":[\"Uncategorized\"],\"inLanguage\":\"de\"},{\"@type\":\"WebPage\",\"@id\":\"https:\\\/\\\/buergerbus-steinfurt.de\\\/?p=4569\",\"url\":\"https:\\\/\\\/buergerbus-steinfurt.de\\\/?p=4569\",\"name\":\"Stimmungsvolle Weihnachtsfeier - B\u00fcrgerbus Steinfurt % %\",\"isPartOf\":{\"@id\":\"https:\\\/\\\/buergerbus-steinfurt.de\\\/#website\"},\"primaryImageOfPage\":{\"@id\":\"https:\\\/\\\/buergerbus-steinfurt.de\\\/?p=4569#primaryimage\"},\"image\":{\"@id\":\"https:\\\/\\\/buergerbus-steinfurt.de\\\/?p=4569#primaryimage\"},\"thumbnailUrl\":\"https:\\\/\\\/buergerbus-steinfurt.de\\\/wp-content\\\/uploads\\\/2023\\\/12\\\/IMG_4652-1-scaled-e1701939950421.jpg\",\"datePublished\":\"2023-12-07T09:06:32+00:00\",\"dateModified\":\"2023-12-07T09:07:13+00:00\",\"breadcrumb\":{\"@id\":\"https:\\\/\\\/buergerbus-steinfurt.de\\\/?p=4569#breadcrumb\"},\"inLanguage\":\"de\",\"potentialAction\":[{\"@type\":\"ReadAction\",\"target\":[\"https:\\\/\\\/buergerbus-steinfurt.de\\\/?p=4569\"]}]},{\"@type\":\"ImageObject\",\"inLanguage\":\"de\",\"@id\":\"https:\\\/\\\/buergerbus-steinfurt.de\\\/?p=4569#primaryimage\",\"url\":\"https:\\\/\\\/buergerbus-steinfurt.de\\\/wp-content\\\/uploads\\\/2023\\\/12\\\/IMG_4652-1-scaled-e1701939950421.jpg\",\"contentUrl\":\"https:\\\/\\\/buergerbus-steinfurt.de\\\/wp-content\\\/uploads\\\/2023\\\/12\\\/IMG_4652-1-scaled-e1701939950421.jpg\",\"width\":1992,\"height\":1531},{\"@type\":\"BreadcrumbList\",\"@id\":\"https:\\\/\\\/buergerbus-steinfurt.de\\\/?p=4569#breadcrumb\",\"itemListElement\":[{\"@type\":\"ListItem\",\"position\":1,\"name\":\"Startseite\",\"item\":\"https:\\\/\\\/buergerbus-steinfurt.de\\\/\"},{\"@type\":\"ListItem\",\"position\":2,\"name\":\"Stimmungsvolle Weihnachtsfeier\"}]},{\"@type\":\"WebSite\",\"@id\":\"https:\\\/\\\/buergerbus-steinfurt.de\\\/#website\",\"url\":\"https:\\\/\\\/buergerbus-steinfurt.de\\\/\",\"name\":\"B\u00dcRGERBUS STEINFURT\",\"description\":\"\",\"publisher\":{\"@id\":\"https:\\\/\\\/buergerbus-steinfurt.de\\\/#organization\"},\"potentialAction\":[{\"@type\":\"SearchAction\",\"target\":{\"@type\":\"EntryPoint\",\"urlTemplate\":\"https:\\\/\\\/buergerbus-steinfurt.de\\\/?s={search_term_string}\"},\"query-input\":{\"@type\":\"PropertyValueSpecification\",\"valueRequired\":true,\"valueName\":\"search_term_string\"}}],\"inLanguage\":\"de\"},{\"@type\":\"Organization\",\"@id\":\"https:\\\/\\\/buergerbus-steinfurt.de\\\/#organization\",\"name\":\"B\u00fcrgerbus Steinfurt e.V.\",\"url\":\"https:\\\/\\\/buergerbus-steinfurt.de\\\/\",\"logo\":{\"@type\":\"ImageObject\",\"inLanguage\":\"de\",\"@id\":\"https:\\\/\\\/buergerbus-steinfurt.de\\\/#\\\/schema\\\/logo\\\/image\\\/\",\"url\":\"https:\\\/\\\/buergerbus-steinfurt.de\\\/wp-content\\\/uploads\\\/2022\\\/08\\\/2bb-steinfurt-logo-neu.png\",\"contentUrl\":\"https:\\\/\\\/buergerbus-steinfurt.de\\\/wp-content\\\/uploads\\\/2022\\\/08\\\/2bb-steinfurt-logo-neu.png\",\"width\":293,\"height\":75,\"caption\":\"B\u00fcrgerbus Steinfurt e.V.\"},\"image\":{\"@id\":\"https:\\\/\\\/buergerbus-steinfurt.de\\\/#\\\/schema\\\/logo\\\/image\\\/\"}},{\"@type\":\"Person\",\"@id\":\"https:\\\/\\\/buergerbus-steinfurt.de\\\/#\\\/schema\\\/person\\\/d0df83117f05647dd427e2cec47c2195\",\"name\":\"Reimar Bage\",\"image\":{\"@type\":\"ImageObject\",\"inLanguage\":\"de\",\"@id\":\"https:\\\/\\\/secure.gravatar.com\\\/avatar\\\/39763b5f1cf57f5fba11a8cef91d12bcd5b654814054b4c246daa1f3737f8a35?s=96&d=mm&r=g\",\"url\":\"https:\\\/\\\/secure.gravatar.com\\\/avatar\\\/39763b5f1cf57f5fba11a8cef91d12bcd5b654814054b4c246daa1f3737f8a35?s=96&d=mm&r=g\",\"contentUrl\":\"https:\\\/\\\/secure.gravatar.com\\\/avatar\\\/39763b5f1cf57f5fba11a8cef91d12bcd5b654814054b4c246daa1f3737f8a35?s=96&d=mm&r=g\",\"caption\":\"Reimar Bage\"},\"url\":\"https:\\\/\\\/buergerbus-steinfurt.de\\\/?author=3\"}]}<\/script>\n<!-- \/ Yoast SEO plugin. -->","yoast_head_json":{"title":"Stimmungsvolle Weihnachtsfeier - B\u00fcrgerbus Steinfurt % %","robots":{"index":"index","follow":"follow","max-snippet":"max-snippet:-1","max-image-preview":"max-image-preview:large","max-video-preview":"max-video-preview:-1"},"canonical":"https:\/\/buergerbus-steinfurt.de\/?p=4569","og_locale":"de_DE","og_type":"article","og_title":"Stimmungsvolle Weihnachtsfeier - B\u00fcrgerbus Steinfurt % %","og_description":"Gruppenfoto des Fahrer-Teams mit Vorstand Steinfurt. Zur traditionellen Weihnachtsfeier trafen sich die Fahrerinnen und Fahrer sowie der Vorstand des B\u00fcrgerbusvereins Steinfurt in diesem Jahr in der Gastst\u00e4tte Nossa Terra. Vorsitzender ...","og_url":"https:\/\/buergerbus-steinfurt.de\/?p=4569","og_site_name":"B\u00fcrgerbus Steinfurt","article_published_time":"2023-12-07T09:06:32+00:00","article_modified_time":"2023-12-07T09:07:13+00:00","og_image":[{"width":1992,"height":1531,"url":"https:\/\/buergerbus-steinfurt.de\/wp-content\/uploads\/2023\/12\/IMG_4652-1-scaled-e1701939950421.jpg","type":"image\/jpeg"}],"author":"Reimar Bage","twitter_card":"summary_large_image","twitter_misc":{"Verfasst von":"Reimar Bage","Gesch\u00e4tzte Lesezeit":"1\u00a0Minute"},"schema":{"@context":"https:\/\/schema.org","@graph":[{"@type":"Article","@id":"https:\/\/buergerbus-steinfurt.de\/?p=4569#article","isPartOf":{"@id":"https:\/\/buergerbus-steinfurt.de\/?p=4569"},"author":{"name":"Reimar Bage","@id":"https:\/\/buergerbus-steinfurt.de\/#\/schema\/person\/d0df83117f05647dd427e2cec47c2195"},"headline":"Stimmungsvolle Weihnachtsfeier","datePublished":"2023-12-07T09:06:32+00:00","dateModified":"2023-12-07T09:07:13+00:00","mainEntityOfPage":{"@id":"https:\/\/buergerbus-steinfurt.de\/?p=4569"},"wordCount":189,"publisher":{"@id":"https:\/\/buergerbus-steinfurt.de\/#organization"},"image":{"@id":"https:\/\/buergerbus-steinfurt.de\/?p=4569#primaryimage"},"thumbnailUrl":"https:\/\/buergerbus-steinfurt.de\/wp-content\/uploads\/2023\/12\/IMG_4652-1-scaled-e1701939950421.jpg","articleSection":["Uncategorized"],"inLanguage":"de"},{"@type":"WebPage","@id":"https:\/\/buergerbus-steinfurt.de\/?p=4569","url":"https:\/\/buergerbus-steinfurt.de\/?p=4569","name":"Stimmungsvolle Weihnachtsfeier - B\u00fcrgerbus Steinfurt % %","isPartOf":{"@id":"https:\/\/buergerbus-steinfurt.de\/#website"},"primaryImageOfPage":{"@id":"https:\/\/buergerbus-steinfurt.de\/?p=4569#primaryimage"},"image":{"@id":"https:\/\/buergerbus-steinfurt.de\/?p=4569#primaryimage"},"thumbnailUrl":"https:\/\/buergerbus-steinfurt.de\/wp-content\/uploads\/2023\/12\/IMG_4652-1-scaled-e1701939950421.jpg","datePublished":"2023-12-07T09:06:32+00:00","dateModified":"2023-12-07T09:07:13+00:00","breadcrumb":{"@id":"https:\/\/buergerbus-steinfurt.de\/?p=4569#breadcrumb"},"inLanguage":"de","potentialAction":[{"@type":"ReadAction","target":["https:\/\/buergerbus-steinfurt.de\/?p=4569"]}]},{"@type":"ImageObject","inLanguage":"de","@id":"https:\/\/buergerbus-steinfurt.de\/?p=4569#primaryimage","url":"https:\/\/buergerbus-steinfurt.de\/wp-content\/uploads\/2023\/12\/IMG_4652-1-scaled-e1701939950421.jpg","contentUrl":"https:\/\/buergerbus-steinfurt.de\/wp-content\/uploads\/2023\/12\/IMG_4652-1-scaled-e1701939950421.jpg","width":1992,"height":1531},{"@type":"BreadcrumbList","@id":"https:\/\/buergerbus-steinfurt.de\/?p=4569#breadcrumb","itemListElement":[{"@type":"ListItem","position":1,"name":"Startseite","item":"https:\/\/buergerbus-steinfurt.de\/"},{"@type":"ListItem","position":2,"name":"Stimmungsvolle Weihnachtsfeier"}]},{"@type":"WebSite","@id":"https:\/\/buergerbus-steinfurt.de\/#website","url":"https:\/\/buergerbus-steinfurt.de\/","name":"B\u00dcRGERBUS STEINFURT","description":"","publisher":{"@id":"https:\/\/buergerbus-steinfurt.de\/#organization"},"potentialAction":[{"@type":"SearchAction","target":{"@type":"EntryPoint","urlTemplate":"https:\/\/buergerbus-steinfurt.de\/?s={search_term_string}"},"query-input":{"@type":"PropertyValueSpecification","valueRequired":true,"valueName":"search_term_string"}}],"inLanguage":"de"},{"@type":"Organization","@id":"https:\/\/buergerbus-steinfurt.de\/#organization","name":"B\u00fcrgerbus Steinfurt e.V.","url":"https:\/\/buergerbus-steinfurt.de\/","logo":{"@type":"ImageObject","inLanguage":"de","@id":"https:\/\/buergerbus-steinfurt.de\/#\/schema\/logo\/image\/","url":"https:\/\/buergerbus-steinfurt.de\/wp-content\/uploads\/2022\/08\/2bb-steinfurt-logo-neu.png","contentUrl":"https:\/\/buergerbus-steinfurt.de\/wp-content\/uploads\/2022\/08\/2bb-steinfurt-logo-neu.png","width":293,"height":75,"caption":"B\u00fcrgerbus Steinfurt e.V."},"image":{"@id":"https:\/\/buergerbus-steinfurt.de\/#\/schema\/logo\/image\/"}},{"@type":"Person","@id":"https:\/\/buergerbus-steinfurt.de\/#\/schema\/person\/d0df83117f05647dd427e2cec47c2195","name":"Reimar Bage","image":{"@type":"ImageObject","inLanguage":"de","@id":"https:\/\/secure.gravatar.com\/avatar\/39763b5f1cf57f5fba11a8cef91d12bcd5b654814054b4c246daa1f3737f8a35?s=96&d=mm&r=g","url":"https:\/\/secure.gravatar.com\/avatar\/39763b5f1cf57f5fba11a8cef91d12bcd5b654814054b4c246daa1f3737f8a35?s=96&d=mm&r=g","contentUrl":"https:\/\/secure.gravatar.com\/avatar\/39763b5f1cf57f5fba11a8cef91d12bcd5b654814054b4c246daa1f3737f8a35?s=96&d=mm&r=g","caption":"Reimar Bage"},"url":"https:\/\/buergerbus-steinfurt.de\/?author=3"}]}},"_links":{"self":[{"href":"https:\/\/buergerbus-steinfurt.de\/index.php?rest_route=\/wp\/v2\/posts\/4569","targetHints":{"allow":["GET"]}}],"collection":[{"href":"https:\/\/buergerbus-steinfurt.de\/index.php?rest_route=\/wp\/v2\/posts"}],"about":[{"href":"https:\/\/buergerbus-steinfurt.de\/index.php?rest_route=\/wp\/v2\/types\/post"}],"author":[{"embeddable":true,"href":"https:\/\/buergerbus-steinfurt.de\/index.php?rest_route=\/wp\/v2\/users\/3"}],"replies":[{"embeddable":true,"href":"https:\/\/buergerbus-steinfurt.de\/index.php?rest_route=%2Fwp%2Fv2%2Fcomments&post=4569"}],"version-history":[{"count":3,"href":"https:\/\/buergerbus-steinfurt.de\/index.php?rest_route=\/wp\/v2\/posts\/4569\/revisions"}],"predecessor-version":[{"id":4581,"href":"https:\/\/buergerbus-steinfurt.de\/index.php?rest_route=\/wp\/v2\/posts\/4569\/revisions\/4581"}],"wp:featuredmedia":[{"embeddable":true,"href":"https:\/\/buergerbus-steinfurt.de\/index.php?rest_route=\/wp\/v2\/media\/4578"}],"wp:attachment":[{"href":"https:\/\/buergerbus-steinfurt.de\/index.php?rest_route=%2Fwp%2Fv2%2Fmedia&parent=4569"}],"wp:term":[{"taxonomy":"category","embeddable":true,"href":"https:\/\/buergerbus-steinfurt.de\/index.php?rest_route=%2Fwp%2Fv2%2Fcategories&post=4569"},{"taxonomy":"post_tag","embeddable":true,"href":"https:\/\/buergerbus-steinfurt.de\/index.php?rest_route=%2Fwp%2Fv2%2Ftags&post=4569"}],"curies":[{"name":"wp","href":"https:\/\/api.w.org\/{rel}","templated":true}]}}