{"id":4406,"date":"2023-05-23T09:40:29","date_gmt":"2023-05-23T09:40:29","guid":{"rendered":"https:\/\/buergerbus-steinfurt.de\/?p=4406"},"modified":"2023-05-23T09:42:21","modified_gmt":"2023-05-23T09:42:21","slug":"sparschwein-inhalt-wurde-leckeres-spargelessen","status":"publish","type":"post","link":"https:\/\/buergerbus-steinfurt.de\/?p=4406","title":{"rendered":"Sparschwein-Inhalt wurde leckeres Spargelessen"},"content":{"rendered":"<p><strong>\u00a0<\/strong><\/p>\n<p>Erneut haben die Fahrerinnen und Fahrer des B\u00fcrgerbusses Steinfurt &#8222;Schlachtfest&#8220; gefeiert. Viele Fahrg\u00e4ste hatten nach Wiederaufnahme des Fahrbetriebs nach der Corona-Pandemie aus verschiedensten Gr\u00fcnden &#8211; vorrangig aber wegen der freundliche Hilfe und des uneigenn\u00fctzigen Einsatzes &#8211; das Sparschwein mit Spenden &#8222;gef\u00fcttert&#8220;, das auf dem Fahrertisch steht. Jetzt hatte das Team Gelegenheit, den Inhalt in kulinarische K\u00f6stlichkeiten zu verwandeln. Dazu traf man sich traditionell zu einem Spargelb\u00fcfett im Caf\u00e9 Probst in Burgsteinfurt. Dort begr\u00fc\u00dfte Vorsitzender Josef Greive Fahrerinnen und Fahrer und dankten allen f\u00fcr den ehrenamtlichen Einsatz. Zugleich hatte er einige Termine f\u00fcr die n\u00e4chsten Monate parat. Berthold Probst hie\u00df die G\u00e4ste willkommen und w\u00fcnschten guten Appetit. Nach der Spargelcremesuppe zum Auftakt gab es anschlie\u00dfend Spargel satt mit verschiedensten Beilagen und So\u00dfen. Und zum Abschluss konnte man noch ein leckeres Dessert-B\u00fcfett pl\u00fcndern. Bei verschiedenen Getr\u00e4nken verbrachten die Frauen und M\u00e4nner des B\u00fcrgerbus-Teams noch einige harmonische Stunden.<\/p>\n<p><img loading=\"lazy\" decoding=\"async\" class=\"aligncenter size-full wp-image-4407\" src=\"https:\/\/buergerbus-steinfurt.de\/wp-content\/uploads\/2023\/05\/IMG_4635-scaled.jpg\" alt=\"\" width=\"2560\" height=\"1707\" srcset=\"https:\/\/buergerbus-steinfurt.de\/wp-content\/uploads\/2023\/05\/IMG_4635-scaled.jpg 2560w, https:\/\/buergerbus-steinfurt.de\/wp-content\/uploads\/2023\/05\/IMG_4635-300x200.jpg 300w, https:\/\/buergerbus-steinfurt.de\/wp-content\/uploads\/2023\/05\/IMG_4635-1024x683.jpg 1024w, https:\/\/buergerbus-steinfurt.de\/wp-content\/uploads\/2023\/05\/IMG_4635-768x512.jpg 768w, https:\/\/buergerbus-steinfurt.de\/wp-content\/uploads\/2023\/05\/IMG_4635-1536x1024.jpg 1536w, https:\/\/buergerbus-steinfurt.de\/wp-content\/uploads\/2023\/05\/IMG_4635-2048x1365.jpg 2048w\" sizes=\"auto, (max-width: 2560px) 100vw, 2560px\" \/><\/p>\n<p>B\u00fcrgerbus-Vorsitzender Josef Greive (Bildmitte) hie\u00df zahlreiche Fahrerinnen und Fahrer im Caf\u00e9 Probst zum \u201eSchlachtfest\u201c willkommen<\/p>\n<p><img loading=\"lazy\" decoding=\"async\" class=\"size-full wp-image-4412 alignnone\" src=\"https:\/\/buergerbus-steinfurt.de\/wp-content\/uploads\/2023\/05\/IMG_4640-scaled.jpg\" alt=\"\" width=\"2560\" height=\"1707\" srcset=\"https:\/\/buergerbus-steinfurt.de\/wp-content\/uploads\/2023\/05\/IMG_4640-scaled.jpg 2560w, https:\/\/buergerbus-steinfurt.de\/wp-content\/uploads\/2023\/05\/IMG_4640-300x200.jpg 300w, https:\/\/buergerbus-steinfurt.de\/wp-content\/uploads\/2023\/05\/IMG_4640-1024x683.jpg 1024w, https:\/\/buergerbus-steinfurt.de\/wp-content\/uploads\/2023\/05\/IMG_4640-768x512.jpg 768w, https:\/\/buergerbus-steinfurt.de\/wp-content\/uploads\/2023\/05\/IMG_4640-1536x1024.jpg 1536w, https:\/\/buergerbus-steinfurt.de\/wp-content\/uploads\/2023\/05\/IMG_4640-2048x1365.jpg 2048w\" sizes=\"auto, (max-width: 2560px) 100vw, 2560px\" \/><\/p>\n<p><img loading=\"lazy\" decoding=\"async\" class=\"aligncenter size-full wp-image-4411\" src=\"https:\/\/buergerbus-steinfurt.de\/wp-content\/uploads\/2023\/05\/IMG_4639-scaled.jpg\" alt=\"\" width=\"2560\" height=\"1707\" srcset=\"https:\/\/buergerbus-steinfurt.de\/wp-content\/uploads\/2023\/05\/IMG_4639-scaled.jpg 2560w, https:\/\/buergerbus-steinfurt.de\/wp-content\/uploads\/2023\/05\/IMG_4639-300x200.jpg 300w, https:\/\/buergerbus-steinfurt.de\/wp-content\/uploads\/2023\/05\/IMG_4639-1024x683.jpg 1024w, https:\/\/buergerbus-steinfurt.de\/wp-content\/uploads\/2023\/05\/IMG_4639-768x512.jpg 768w, https:\/\/buergerbus-steinfurt.de\/wp-content\/uploads\/2023\/05\/IMG_4639-1536x1024.jpg 1536w, https:\/\/buergerbus-steinfurt.de\/wp-content\/uploads\/2023\/05\/IMG_4639-2048x1365.jpg 2048w\" sizes=\"auto, (max-width: 2560px) 100vw, 2560px\" \/><\/p>\n<p><img loading=\"lazy\" decoding=\"async\" class=\"aligncenter size-full wp-image-4410\" src=\"https:\/\/buergerbus-steinfurt.de\/wp-content\/uploads\/2023\/05\/IMG_4638-scaled.jpg\" alt=\"\" width=\"2560\" height=\"1707\" srcset=\"https:\/\/buergerbus-steinfurt.de\/wp-content\/uploads\/2023\/05\/IMG_4638-scaled.jpg 2560w, https:\/\/buergerbus-steinfurt.de\/wp-content\/uploads\/2023\/05\/IMG_4638-300x200.jpg 300w, https:\/\/buergerbus-steinfurt.de\/wp-content\/uploads\/2023\/05\/IMG_4638-1024x683.jpg 1024w, https:\/\/buergerbus-steinfurt.de\/wp-content\/uploads\/2023\/05\/IMG_4638-768x512.jpg 768w, https:\/\/buergerbus-steinfurt.de\/wp-content\/uploads\/2023\/05\/IMG_4638-1536x1024.jpg 1536w, https:\/\/buergerbus-steinfurt.de\/wp-content\/uploads\/2023\/05\/IMG_4638-2048x1365.jpg 2048w\" sizes=\"auto, (max-width: 2560px) 100vw, 2560px\" \/><\/p>\n<p><img loading=\"lazy\" decoding=\"async\" class=\"aligncenter size-full wp-image-4413\" src=\"https:\/\/buergerbus-steinfurt.de\/wp-content\/uploads\/2023\/05\/IMG_4641-Kopie-2-scaled.jpg\" alt=\"\" width=\"2560\" height=\"1707\" srcset=\"https:\/\/buergerbus-steinfurt.de\/wp-content\/uploads\/2023\/05\/IMG_4641-Kopie-2-scaled.jpg 2560w, https:\/\/buergerbus-steinfurt.de\/wp-content\/uploads\/2023\/05\/IMG_4641-Kopie-2-300x200.jpg 300w, https:\/\/buergerbus-steinfurt.de\/wp-content\/uploads\/2023\/05\/IMG_4641-Kopie-2-1024x683.jpg 1024w, https:\/\/buergerbus-steinfurt.de\/wp-content\/uploads\/2023\/05\/IMG_4641-Kopie-2-768x512.jpg 768w, https:\/\/buergerbus-steinfurt.de\/wp-content\/uploads\/2023\/05\/IMG_4641-Kopie-2-1536x1024.jpg 1536w, https:\/\/buergerbus-steinfurt.de\/wp-content\/uploads\/2023\/05\/IMG_4641-Kopie-2-2048x1365.jpg 2048w\" sizes=\"auto, (max-width: 2560px) 100vw, 2560px\" \/><\/p>\n","protected":false},"excerpt":{"rendered":"<p>\u00a0 Erneut haben die Fahrerinnen und Fahrer des B\u00fcrgerbusses Steinfurt &#8222;Schlachtfest&#8220; gefeiert. Viele Fahrg\u00e4ste hatten nach Wiederaufnahme des Fahrbetriebs nach der Corona-Pandemie aus verschiedensten Gr\u00fcnden &#8211; vorrangig aber wegen der &#8230;<\/p>\n","protected":false},"author":3,"featured_media":4410,"comment_status":"closed","ping_status":"closed","sticky":false,"template":"","format":"standard","meta":{"footnotes":""},"categories":[1],"tags":[],"class_list":["post-4406","post","type-post","status-publish","format-standard","has-post-thumbnail","hentry","category-uncategorized"],"yoast_head":"<!-- This site is optimized with the Yoast SEO plugin v27.5 - https:\/\/yoast.com\/product\/yoast-seo-wordpress\/ -->\n<title>Sparschwein-Inhalt wurde leckeres Spargelessen - B\u00fcrgerbus Steinfurt %<\/title>\n<meta name=\"robots\" content=\"index, follow, max-snippet:-1, max-image-preview:large, max-video-preview:-1\" \/>\n<link rel=\"canonical\" href=\"https:\/\/buergerbus-steinfurt.de\/?p=4406\" \/>\n<meta property=\"og:locale\" content=\"de_DE\" \/>\n<meta property=\"og:type\" content=\"article\" \/>\n<meta property=\"og:title\" content=\"Sparschwein-Inhalt wurde leckeres Spargelessen - B\u00fcrgerbus Steinfurt %\" \/>\n<meta property=\"og:description\" content=\"\u00a0 Erneut haben die Fahrerinnen und Fahrer des B\u00fcrgerbusses Steinfurt &#8222;Schlachtfest&#8220; gefeiert. Viele Fahrg\u00e4ste hatten nach Wiederaufnahme des Fahrbetriebs nach der Corona-Pandemie aus verschiedensten Gr\u00fcnden &#8211; vorrangig aber wegen der ...\" \/>\n<meta property=\"og:url\" content=\"https:\/\/buergerbus-steinfurt.de\/?p=4406\" \/>\n<meta property=\"og:site_name\" content=\"B\u00fcrgerbus Steinfurt\" \/>\n<meta property=\"article:published_time\" content=\"2023-05-23T09:40:29+00:00\" \/>\n<meta property=\"article:modified_time\" content=\"2023-05-23T09:42:21+00:00\" \/>\n<meta property=\"og:image\" content=\"https:\/\/buergerbus-steinfurt.de\/wp-content\/uploads\/2023\/05\/IMG_4638-scaled.jpg\" \/>\n\t<meta property=\"og:image:width\" content=\"2560\" \/>\n\t<meta property=\"og:image:height\" content=\"1707\" \/>\n\t<meta property=\"og:image:type\" content=\"image\/jpeg\" \/>\n<meta name=\"author\" content=\"Reimar Bage\" \/>\n<meta name=\"twitter:card\" content=\"summary_large_image\" \/>\n<meta name=\"twitter:label1\" content=\"Verfasst von\" \/>\n\t<meta name=\"twitter:data1\" content=\"Reimar Bage\" \/>\n\t<meta name=\"twitter:label2\" content=\"Gesch\u00e4tzte Lesezeit\" \/>\n\t<meta name=\"twitter:data2\" content=\"1\u00a0Minute\" \/>\n<script type=\"application\/ld+json\" class=\"yoast-schema-graph\">{\"@context\":\"https:\\\/\\\/schema.org\",\"@graph\":[{\"@type\":\"Article\",\"@id\":\"https:\\\/\\\/buergerbus-steinfurt.de\\\/?p=4406#article\",\"isPartOf\":{\"@id\":\"https:\\\/\\\/buergerbus-steinfurt.de\\\/?p=4406\"},\"author\":{\"name\":\"Reimar Bage\",\"@id\":\"https:\\\/\\\/buergerbus-steinfurt.de\\\/#\\\/schema\\\/person\\\/d0df83117f05647dd427e2cec47c2195\"},\"headline\":\"Sparschwein-Inhalt wurde leckeres Spargelessen\",\"datePublished\":\"2023-05-23T09:40:29+00:00\",\"dateModified\":\"2023-05-23T09:42:21+00:00\",\"mainEntityOfPage\":{\"@id\":\"https:\\\/\\\/buergerbus-steinfurt.de\\\/?p=4406\"},\"wordCount\":185,\"publisher\":{\"@id\":\"https:\\\/\\\/buergerbus-steinfurt.de\\\/#organization\"},\"image\":{\"@id\":\"https:\\\/\\\/buergerbus-steinfurt.de\\\/?p=4406#primaryimage\"},\"thumbnailUrl\":\"https:\\\/\\\/buergerbus-steinfurt.de\\\/wp-content\\\/uploads\\\/2023\\\/05\\\/IMG_4638-scaled.jpg\",\"articleSection\":[\"Uncategorized\"],\"inLanguage\":\"de\"},{\"@type\":\"WebPage\",\"@id\":\"https:\\\/\\\/buergerbus-steinfurt.de\\\/?p=4406\",\"url\":\"https:\\\/\\\/buergerbus-steinfurt.de\\\/?p=4406\",\"name\":\"Sparschwein-Inhalt wurde leckeres Spargelessen - B\u00fcrgerbus Steinfurt %\",\"isPartOf\":{\"@id\":\"https:\\\/\\\/buergerbus-steinfurt.de\\\/#website\"},\"primaryImageOfPage\":{\"@id\":\"https:\\\/\\\/buergerbus-steinfurt.de\\\/?p=4406#primaryimage\"},\"image\":{\"@id\":\"https:\\\/\\\/buergerbus-steinfurt.de\\\/?p=4406#primaryimage\"},\"thumbnailUrl\":\"https:\\\/\\\/buergerbus-steinfurt.de\\\/wp-content\\\/uploads\\\/2023\\\/05\\\/IMG_4638-scaled.jpg\",\"datePublished\":\"2023-05-23T09:40:29+00:00\",\"dateModified\":\"2023-05-23T09:42:21+00:00\",\"breadcrumb\":{\"@id\":\"https:\\\/\\\/buergerbus-steinfurt.de\\\/?p=4406#breadcrumb\"},\"inLanguage\":\"de\",\"potentialAction\":[{\"@type\":\"ReadAction\",\"target\":[\"https:\\\/\\\/buergerbus-steinfurt.de\\\/?p=4406\"]}]},{\"@type\":\"ImageObject\",\"inLanguage\":\"de\",\"@id\":\"https:\\\/\\\/buergerbus-steinfurt.de\\\/?p=4406#primaryimage\",\"url\":\"https:\\\/\\\/buergerbus-steinfurt.de\\\/wp-content\\\/uploads\\\/2023\\\/05\\\/IMG_4638-scaled.jpg\",\"contentUrl\":\"https:\\\/\\\/buergerbus-steinfurt.de\\\/wp-content\\\/uploads\\\/2023\\\/05\\\/IMG_4638-scaled.jpg\",\"width\":2560,\"height\":1707},{\"@type\":\"BreadcrumbList\",\"@id\":\"https:\\\/\\\/buergerbus-steinfurt.de\\\/?p=4406#breadcrumb\",\"itemListElement\":[{\"@type\":\"ListItem\",\"position\":1,\"name\":\"Startseite\",\"item\":\"https:\\\/\\\/buergerbus-steinfurt.de\\\/\"},{\"@type\":\"ListItem\",\"position\":2,\"name\":\"Sparschwein-Inhalt wurde leckeres Spargelessen\"}]},{\"@type\":\"WebSite\",\"@id\":\"https:\\\/\\\/buergerbus-steinfurt.de\\\/#website\",\"url\":\"https:\\\/\\\/buergerbus-steinfurt.de\\\/\",\"name\":\"B\u00dcRGERBUS STEINFURT\",\"description\":\"\",\"publisher\":{\"@id\":\"https:\\\/\\\/buergerbus-steinfurt.de\\\/#organization\"},\"potentialAction\":[{\"@type\":\"SearchAction\",\"target\":{\"@type\":\"EntryPoint\",\"urlTemplate\":\"https:\\\/\\\/buergerbus-steinfurt.de\\\/?s={search_term_string}\"},\"query-input\":{\"@type\":\"PropertyValueSpecification\",\"valueRequired\":true,\"valueName\":\"search_term_string\"}}],\"inLanguage\":\"de\"},{\"@type\":\"Organization\",\"@id\":\"https:\\\/\\\/buergerbus-steinfurt.de\\\/#organization\",\"name\":\"B\u00fcrgerbus Steinfurt e.V.\",\"url\":\"https:\\\/\\\/buergerbus-steinfurt.de\\\/\",\"logo\":{\"@type\":\"ImageObject\",\"inLanguage\":\"de\",\"@id\":\"https:\\\/\\\/buergerbus-steinfurt.de\\\/#\\\/schema\\\/logo\\\/image\\\/\",\"url\":\"https:\\\/\\\/buergerbus-steinfurt.de\\\/wp-content\\\/uploads\\\/2022\\\/08\\\/2bb-steinfurt-logo-neu.png\",\"contentUrl\":\"https:\\\/\\\/buergerbus-steinfurt.de\\\/wp-content\\\/uploads\\\/2022\\\/08\\\/2bb-steinfurt-logo-neu.png\",\"width\":293,\"height\":75,\"caption\":\"B\u00fcrgerbus Steinfurt e.V.\"},\"image\":{\"@id\":\"https:\\\/\\\/buergerbus-steinfurt.de\\\/#\\\/schema\\\/logo\\\/image\\\/\"}},{\"@type\":\"Person\",\"@id\":\"https:\\\/\\\/buergerbus-steinfurt.de\\\/#\\\/schema\\\/person\\\/d0df83117f05647dd427e2cec47c2195\",\"name\":\"Reimar Bage\",\"image\":{\"@type\":\"ImageObject\",\"inLanguage\":\"de\",\"@id\":\"https:\\\/\\\/secure.gravatar.com\\\/avatar\\\/39763b5f1cf57f5fba11a8cef91d12bcd5b654814054b4c246daa1f3737f8a35?s=96&d=mm&r=g\",\"url\":\"https:\\\/\\\/secure.gravatar.com\\\/avatar\\\/39763b5f1cf57f5fba11a8cef91d12bcd5b654814054b4c246daa1f3737f8a35?s=96&d=mm&r=g\",\"contentUrl\":\"https:\\\/\\\/secure.gravatar.com\\\/avatar\\\/39763b5f1cf57f5fba11a8cef91d12bcd5b654814054b4c246daa1f3737f8a35?s=96&d=mm&r=g\",\"caption\":\"Reimar Bage\"},\"url\":\"https:\\\/\\\/buergerbus-steinfurt.de\\\/?author=3\"}]}<\/script>\n<!-- \/ Yoast SEO plugin. -->","yoast_head_json":{"title":"Sparschwein-Inhalt wurde leckeres Spargelessen - B\u00fcrgerbus Steinfurt %","robots":{"index":"index","follow":"follow","max-snippet":"max-snippet:-1","max-image-preview":"max-image-preview:large","max-video-preview":"max-video-preview:-1"},"canonical":"https:\/\/buergerbus-steinfurt.de\/?p=4406","og_locale":"de_DE","og_type":"article","og_title":"Sparschwein-Inhalt wurde leckeres Spargelessen - B\u00fcrgerbus Steinfurt %","og_description":"\u00a0 Erneut haben die Fahrerinnen und Fahrer des B\u00fcrgerbusses Steinfurt &#8222;Schlachtfest&#8220; gefeiert. Viele Fahrg\u00e4ste hatten nach Wiederaufnahme des Fahrbetriebs nach der Corona-Pandemie aus verschiedensten Gr\u00fcnden &#8211; vorrangig aber wegen der ...","og_url":"https:\/\/buergerbus-steinfurt.de\/?p=4406","og_site_name":"B\u00fcrgerbus Steinfurt","article_published_time":"2023-05-23T09:40:29+00:00","article_modified_time":"2023-05-23T09:42:21+00:00","og_image":[{"width":2560,"height":1707,"url":"https:\/\/buergerbus-steinfurt.de\/wp-content\/uploads\/2023\/05\/IMG_4638-scaled.jpg","type":"image\/jpeg"}],"author":"Reimar Bage","twitter_card":"summary_large_image","twitter_misc":{"Verfasst von":"Reimar Bage","Gesch\u00e4tzte Lesezeit":"1\u00a0Minute"},"schema":{"@context":"https:\/\/schema.org","@graph":[{"@type":"Article","@id":"https:\/\/buergerbus-steinfurt.de\/?p=4406#article","isPartOf":{"@id":"https:\/\/buergerbus-steinfurt.de\/?p=4406"},"author":{"name":"Reimar Bage","@id":"https:\/\/buergerbus-steinfurt.de\/#\/schema\/person\/d0df83117f05647dd427e2cec47c2195"},"headline":"Sparschwein-Inhalt wurde leckeres Spargelessen","datePublished":"2023-05-23T09:40:29+00:00","dateModified":"2023-05-23T09:42:21+00:00","mainEntityOfPage":{"@id":"https:\/\/buergerbus-steinfurt.de\/?p=4406"},"wordCount":185,"publisher":{"@id":"https:\/\/buergerbus-steinfurt.de\/#organization"},"image":{"@id":"https:\/\/buergerbus-steinfurt.de\/?p=4406#primaryimage"},"thumbnailUrl":"https:\/\/buergerbus-steinfurt.de\/wp-content\/uploads\/2023\/05\/IMG_4638-scaled.jpg","articleSection":["Uncategorized"],"inLanguage":"de"},{"@type":"WebPage","@id":"https:\/\/buergerbus-steinfurt.de\/?p=4406","url":"https:\/\/buergerbus-steinfurt.de\/?p=4406","name":"Sparschwein-Inhalt wurde leckeres Spargelessen - B\u00fcrgerbus Steinfurt %","isPartOf":{"@id":"https:\/\/buergerbus-steinfurt.de\/#website"},"primaryImageOfPage":{"@id":"https:\/\/buergerbus-steinfurt.de\/?p=4406#primaryimage"},"image":{"@id":"https:\/\/buergerbus-steinfurt.de\/?p=4406#primaryimage"},"thumbnailUrl":"https:\/\/buergerbus-steinfurt.de\/wp-content\/uploads\/2023\/05\/IMG_4638-scaled.jpg","datePublished":"2023-05-23T09:40:29+00:00","dateModified":"2023-05-23T09:42:21+00:00","breadcrumb":{"@id":"https:\/\/buergerbus-steinfurt.de\/?p=4406#breadcrumb"},"inLanguage":"de","potentialAction":[{"@type":"ReadAction","target":["https:\/\/buergerbus-steinfurt.de\/?p=4406"]}]},{"@type":"ImageObject","inLanguage":"de","@id":"https:\/\/buergerbus-steinfurt.de\/?p=4406#primaryimage","url":"https:\/\/buergerbus-steinfurt.de\/wp-content\/uploads\/2023\/05\/IMG_4638-scaled.jpg","contentUrl":"https:\/\/buergerbus-steinfurt.de\/wp-content\/uploads\/2023\/05\/IMG_4638-scaled.jpg","width":2560,"height":1707},{"@type":"BreadcrumbList","@id":"https:\/\/buergerbus-steinfurt.de\/?p=4406#breadcrumb","itemListElement":[{"@type":"ListItem","position":1,"name":"Startseite","item":"https:\/\/buergerbus-steinfurt.de\/"},{"@type":"ListItem","position":2,"name":"Sparschwein-Inhalt wurde leckeres Spargelessen"}]},{"@type":"WebSite","@id":"https:\/\/buergerbus-steinfurt.de\/#website","url":"https:\/\/buergerbus-steinfurt.de\/","name":"B\u00dcRGERBUS STEINFURT","description":"","publisher":{"@id":"https:\/\/buergerbus-steinfurt.de\/#organization"},"potentialAction":[{"@type":"SearchAction","target":{"@type":"EntryPoint","urlTemplate":"https:\/\/buergerbus-steinfurt.de\/?s={search_term_string}"},"query-input":{"@type":"PropertyValueSpecification","valueRequired":true,"valueName":"search_term_string"}}],"inLanguage":"de"},{"@type":"Organization","@id":"https:\/\/buergerbus-steinfurt.de\/#organization","name":"B\u00fcrgerbus Steinfurt e.V.","url":"https:\/\/buergerbus-steinfurt.de\/","logo":{"@type":"ImageObject","inLanguage":"de","@id":"https:\/\/buergerbus-steinfurt.de\/#\/schema\/logo\/image\/","url":"https:\/\/buergerbus-steinfurt.de\/wp-content\/uploads\/2022\/08\/2bb-steinfurt-logo-neu.png","contentUrl":"https:\/\/buergerbus-steinfurt.de\/wp-content\/uploads\/2022\/08\/2bb-steinfurt-logo-neu.png","width":293,"height":75,"caption":"B\u00fcrgerbus Steinfurt e.V."},"image":{"@id":"https:\/\/buergerbus-steinfurt.de\/#\/schema\/logo\/image\/"}},{"@type":"Person","@id":"https:\/\/buergerbus-steinfurt.de\/#\/schema\/person\/d0df83117f05647dd427e2cec47c2195","name":"Reimar Bage","image":{"@type":"ImageObject","inLanguage":"de","@id":"https:\/\/secure.gravatar.com\/avatar\/39763b5f1cf57f5fba11a8cef91d12bcd5b654814054b4c246daa1f3737f8a35?s=96&d=mm&r=g","url":"https:\/\/secure.gravatar.com\/avatar\/39763b5f1cf57f5fba11a8cef91d12bcd5b654814054b4c246daa1f3737f8a35?s=96&d=mm&r=g","contentUrl":"https:\/\/secure.gravatar.com\/avatar\/39763b5f1cf57f5fba11a8cef91d12bcd5b654814054b4c246daa1f3737f8a35?s=96&d=mm&r=g","caption":"Reimar Bage"},"url":"https:\/\/buergerbus-steinfurt.de\/?author=3"}]}},"_links":{"self":[{"href":"https:\/\/buergerbus-steinfurt.de\/index.php?rest_route=\/wp\/v2\/posts\/4406","targetHints":{"allow":["GET"]}}],"collection":[{"href":"https:\/\/buergerbus-steinfurt.de\/index.php?rest_route=\/wp\/v2\/posts"}],"about":[{"href":"https:\/\/buergerbus-steinfurt.de\/index.php?rest_route=\/wp\/v2\/types\/post"}],"author":[{"embeddable":true,"href":"https:\/\/buergerbus-steinfurt.de\/index.php?rest_route=\/wp\/v2\/users\/3"}],"replies":[{"embeddable":true,"href":"https:\/\/buergerbus-steinfurt.de\/index.php?rest_route=%2Fwp%2Fv2%2Fcomments&post=4406"}],"version-history":[{"count":3,"href":"https:\/\/buergerbus-steinfurt.de\/index.php?rest_route=\/wp\/v2\/posts\/4406\/revisions"}],"predecessor-version":[{"id":4416,"href":"https:\/\/buergerbus-steinfurt.de\/index.php?rest_route=\/wp\/v2\/posts\/4406\/revisions\/4416"}],"wp:featuredmedia":[{"embeddable":true,"href":"https:\/\/buergerbus-steinfurt.de\/index.php?rest_route=\/wp\/v2\/media\/4410"}],"wp:attachment":[{"href":"https:\/\/buergerbus-steinfurt.de\/index.php?rest_route=%2Fwp%2Fv2%2Fmedia&parent=4406"}],"wp:term":[{"taxonomy":"category","embeddable":true,"href":"https:\/\/buergerbus-steinfurt.de\/index.php?rest_route=%2Fwp%2Fv2%2Fcategories&post=4406"},{"taxonomy":"post_tag","embeddable":true,"href":"https:\/\/buergerbus-steinfurt.de\/index.php?rest_route=%2Fwp%2Fv2%2Ftags&post=4406"}],"curies":[{"name":"wp","href":"https:\/\/api.w.org\/{rel}","templated":true}]}}