{"id":4353,"date":"2023-02-28T19:28:27","date_gmt":"2023-02-28T19:28:27","guid":{"rendered":"https:\/\/buergerbus-steinfurt.de\/?p=4353"},"modified":"2023-03-01T05:41:08","modified_gmt":"2023-03-01T05:41:08","slug":"buergerbus-ist-wieder-in-der-spur","status":"publish","type":"post","link":"https:\/\/buergerbus-steinfurt.de\/?p=4353","title":{"rendered":"B\u00fcrgerbus ist wieder in der Spur"},"content":{"rendered":"<blockquote><p><strong>\u00a0<\/strong><\/p><\/blockquote>\n<p><strong> <img loading=\"lazy\" decoding=\"async\" class=\"aligncenter size-full wp-image-4360\" src=\"https:\/\/buergerbus-steinfurt.de\/wp-content\/uploads\/2023\/02\/IMG_4633-scaled.jpg\" alt=\"\" width=\"2560\" height=\"1173\" srcset=\"https:\/\/buergerbus-steinfurt.de\/wp-content\/uploads\/2023\/02\/IMG_4633-scaled.jpg 2560w, https:\/\/buergerbus-steinfurt.de\/wp-content\/uploads\/2023\/02\/IMG_4633-300x137.jpg 300w, https:\/\/buergerbus-steinfurt.de\/wp-content\/uploads\/2023\/02\/IMG_4633-1024x469.jpg 1024w, https:\/\/buergerbus-steinfurt.de\/wp-content\/uploads\/2023\/02\/IMG_4633-768x352.jpg 768w, https:\/\/buergerbus-steinfurt.de\/wp-content\/uploads\/2023\/02\/IMG_4633-1536x704.jpg 1536w, https:\/\/buergerbus-steinfurt.de\/wp-content\/uploads\/2023\/02\/IMG_4633-2048x939.jpg 2048w\" sizes=\"auto, (max-width: 2560px) 100vw, 2560px\" \/><\/strong><\/p>\n<p><strong><em>Mit einem Pr\u00e4sentkorb bedankten sich (v.l.) Fahrdienstleiter Klaassen, Gesch\u00e4ftsf\u00fchrer Diegner, stv. Vorsitzender Zellerhoff und Vorsitzender Greive bei Erich H\u00fclsey (Mitte)<\/em><\/strong><\/p>\n<p><strong>Steinfurt.<\/strong> Mit beeindruckenden Fakten und Zahlen f\u00fcr das Jahr 2022 warteten der Vorsitzenden des B\u00fcrgerbusvereins, Josef Greive, und Fahrdienstleiter Wilhelm Klaassen auf der j\u00fcngsten Jahreshauptversarmmlung in der Gastst\u00e4tte B\u00f6rger auf. \u201eDer Einfluss von Corona war nur noch von untergeordneter Bedeutung, die Maskenpflicht ist inzwischen ganz entfallen und die Fahrgastzahlen steigen wieder auf ein gutes Niveau\u201c \u00a0freute sich Greive.<\/p>\n<p>Als G\u00e4ste begr\u00fc\u00dfte er stellvertretenden B\u00fcrgermeister\u00a0 Hahn, der Dank und Gr\u00fc\u00dfe von Rat und Verwaltung \u00fcberbrachte, Bereichsleiterin Katja Eckmann vom Regionalverkehr M\u00fcnsterland sowie den Ehrenvorsitzenden Ferdi Brust und Ehrenmitglied Manfred Entrup.<\/p>\n<p>Der Verein hat 116 Mitglieder, darunter 45 ehrenamtliche Fahrerinnen und Fahrer. Erfreut ist man auch \u00fcber vier neue Sponsoren. Ihnen allen galt der Dank des Vereins f\u00fcr die wertvolle Unterst\u00fctzung.<\/p>\n<p>Mit einer gelungenen PowerPoint-Pr\u00e4sentation berichtete Vorsitzender Greive \u00fcber die zahlreichen Aktivit\u00e4ten und Ereignisse des vergangenen Jahres. Dazu z\u00e4hlten auch Besuche bei interessierten Vereinen und Gruppen sowie Infost\u00e4nde in Borghorst und Burgsteinfurter eine Vorstellung des B\u00fcrgerbusvereins im \u201eAusschuss f\u00fcr Stadtentwicklung, Mobilit\u00e4t und digitale Infrastruktur\u201c des Stadtrats.<\/p>\n<p>Fahrdienstleiter Wilhelm Klaasen berichtete, dass 9500 Fahrg\u00e4ste im vergangenen Jahr bef\u00f6rdert wurden und insgesamt 57323 zur\u00fcckgelegt worden sind. \u201cSeit dem Start am 1. Dezember 2011 entspricht die gesamte Fahrleistung des Busses bis heute eine Strecke von 13 mal rund um die Welt\u201c.<\/p>\n<p>Vor den Vorstandswahlen legte\u00a0 Kassenwartin Helga Diegner den Finanzbericht vor, der eine gesunde Kassenlage aufwies, von den Kassenpr\u00fcfer gelobt wurde und dem die einstimmige Entlastung des Vorstands folgte.<\/p>\n<p>Zwei Ehrungen von M\u00e4nnern der ersten Stunde galt es dann vorzunehmen: Alfred Serafin wurde mit einer Urkunde und Ehrennadel f\u00fcr seinen langj\u00e4hrigen Einsatz als stellvertretender Fahrdienstleiter und Fahrer ausgezeichnet. Und Erich H\u00fclsey, der sich nicht mehr zur Wiederwahl als stellvertretender Kassenwart zur Verf\u00fcgung stellte, erhielt einen Pr\u00e4sentkorb f\u00fcr seine langj\u00e4hrige T\u00e4tigkeit.<\/p>\n<p>Die satzungsgem\u00e4\u00dfen Neuwahlen gingen einstimmig \u00fcber die B\u00fchne: Herbert Zellerhoff als stellvertretender Vorsitzender, Wilhelm Klaassen als Fahrdienstleiter, Michael Diegner als Gesch\u00e4ftsf\u00fchrer und Rudolf Diekmann als Justiziar wurden in ihren \u00c4mtern best\u00e4tigt. Neuer Kassenpr\u00fcfer wurde Heiner M\u00fcller.<\/p>\n<p>&nbsp;<\/p>\n<p><img loading=\"lazy\" decoding=\"async\" class=\"aligncenter size-full wp-image-4361\" src=\"https:\/\/buergerbus-steinfurt.de\/wp-content\/uploads\/2023\/02\/IMG_4630-scaled.jpg\" alt=\"\" width=\"2560\" height=\"1830\" srcset=\"https:\/\/buergerbus-steinfurt.de\/wp-content\/uploads\/2023\/02\/IMG_4630-scaled.jpg 2560w, https:\/\/buergerbus-steinfurt.de\/wp-content\/uploads\/2023\/02\/IMG_4630-300x214.jpg 300w, https:\/\/buergerbus-steinfurt.de\/wp-content\/uploads\/2023\/02\/IMG_4630-1024x732.jpg 1024w, https:\/\/buergerbus-steinfurt.de\/wp-content\/uploads\/2023\/02\/IMG_4630-768x549.jpg 768w, https:\/\/buergerbus-steinfurt.de\/wp-content\/uploads\/2023\/02\/IMG_4630-1536x1098.jpg 1536w, https:\/\/buergerbus-steinfurt.de\/wp-content\/uploads\/2023\/02\/IMG_4630-2048x1464.jpg 2048w\" sizes=\"auto, (max-width: 2560px) 100vw, 2560px\" \/><\/p>\n<p><strong><em>Alfred Serafin (links) bekommt von Fahrdienstleiter Wilm Klaassen die Ehrennadel angesteckt. Rechts Vorsitzender Josef Greive<\/em><\/strong><\/p>\n<p><img loading=\"lazy\" decoding=\"async\" class=\"aligncenter size-full wp-image-4357\" src=\"https:\/\/buergerbus-steinfurt.de\/wp-content\/uploads\/2023\/02\/IMG_4626-scaled.jpg\" alt=\"\" width=\"2560\" height=\"1707\" srcset=\"https:\/\/buergerbus-steinfurt.de\/wp-content\/uploads\/2023\/02\/IMG_4626-scaled.jpg 2560w, https:\/\/buergerbus-steinfurt.de\/wp-content\/uploads\/2023\/02\/IMG_4626-300x200.jpg 300w, https:\/\/buergerbus-steinfurt.de\/wp-content\/uploads\/2023\/02\/IMG_4626-1024x683.jpg 1024w, https:\/\/buergerbus-steinfurt.de\/wp-content\/uploads\/2023\/02\/IMG_4626-768x512.jpg 768w, https:\/\/buergerbus-steinfurt.de\/wp-content\/uploads\/2023\/02\/IMG_4626-1536x1024.jpg 1536w, https:\/\/buergerbus-steinfurt.de\/wp-content\/uploads\/2023\/02\/IMG_4626-2048x1365.jpg 2048w\" sizes=\"auto, (max-width: 2560px) 100vw, 2560px\" \/><\/p>\n<p><em><strong>Blick in die gut besuchte Jahreshauptversammlung<\/strong><\/em><\/p>\n<p><img loading=\"lazy\" decoding=\"async\" class=\"aligncenter size-full wp-image-4362\" src=\"https:\/\/buergerbus-steinfurt.de\/wp-content\/uploads\/2023\/02\/IMG_4623-scaled.jpg\" alt=\"\" width=\"2560\" height=\"1707\" srcset=\"https:\/\/buergerbus-steinfurt.de\/wp-content\/uploads\/2023\/02\/IMG_4623-scaled.jpg 2560w, https:\/\/buergerbus-steinfurt.de\/wp-content\/uploads\/2023\/02\/IMG_4623-300x200.jpg 300w, https:\/\/buergerbus-steinfurt.de\/wp-content\/uploads\/2023\/02\/IMG_4623-1024x683.jpg 1024w, https:\/\/buergerbus-steinfurt.de\/wp-content\/uploads\/2023\/02\/IMG_4623-768x512.jpg 768w, https:\/\/buergerbus-steinfurt.de\/wp-content\/uploads\/2023\/02\/IMG_4623-1536x1024.jpg 1536w, https:\/\/buergerbus-steinfurt.de\/wp-content\/uploads\/2023\/02\/IMG_4623-2048x1365.jpg 2048w\" sizes=\"auto, (max-width: 2560px) 100vw, 2560px\" \/><\/p>\n","protected":false},"excerpt":{"rendered":"<p>\u00a0 Mit einem Pr\u00e4sentkorb bedankten sich (v.l.) Fahrdienstleiter Klaassen, Gesch\u00e4ftsf\u00fchrer Diegner, stv. Vorsitzender Zellerhoff und Vorsitzender Greive bei Erich H\u00fclsey (Mitte) Steinfurt. Mit beeindruckenden Fakten und Zahlen f\u00fcr das Jahr &#8230;<\/p>\n","protected":false},"author":3,"featured_media":4364,"comment_status":"closed","ping_status":"closed","sticky":false,"template":"","format":"standard","meta":{"footnotes":""},"categories":[1],"tags":[],"class_list":["post-4353","post","type-post","status-publish","format-standard","has-post-thumbnail","hentry","category-uncategorized"],"yoast_head":"<!-- This site is optimized with the Yoast SEO plugin v27.5 - https:\/\/yoast.com\/product\/yoast-seo-wordpress\/ -->\n<title>B\u00fcrgerbus ist wieder in der Spur - B\u00fcrgerbus Steinfurt %<\/title>\n<meta name=\"robots\" content=\"index, follow, max-snippet:-1, max-image-preview:large, max-video-preview:-1\" \/>\n<link rel=\"canonical\" href=\"https:\/\/buergerbus-steinfurt.de\/?p=4353\" \/>\n<meta property=\"og:locale\" content=\"de_DE\" \/>\n<meta property=\"og:type\" content=\"article\" \/>\n<meta property=\"og:title\" content=\"B\u00fcrgerbus ist wieder in der Spur - B\u00fcrgerbus Steinfurt %\" \/>\n<meta property=\"og:description\" content=\"\u00a0 Mit einem Pr\u00e4sentkorb bedankten sich (v.l.) Fahrdienstleiter Klaassen, Gesch\u00e4ftsf\u00fchrer Diegner, stv. Vorsitzender Zellerhoff und Vorsitzender Greive bei Erich H\u00fclsey (Mitte) Steinfurt. Mit beeindruckenden Fakten und Zahlen f\u00fcr das Jahr ...\" \/>\n<meta property=\"og:url\" content=\"https:\/\/buergerbus-steinfurt.de\/?p=4353\" \/>\n<meta property=\"og:site_name\" content=\"B\u00fcrgerbus Steinfurt\" \/>\n<meta property=\"article:published_time\" content=\"2023-02-28T19:28:27+00:00\" \/>\n<meta property=\"article:modified_time\" content=\"2023-03-01T05:41:08+00:00\" \/>\n<meta property=\"og:image\" content=\"https:\/\/buergerbus-steinfurt.de\/wp-content\/uploads\/2023\/02\/IMG_4619-1-scaled.jpg\" \/>\n\t<meta property=\"og:image:width\" content=\"2560\" \/>\n\t<meta property=\"og:image:height\" content=\"1707\" \/>\n\t<meta property=\"og:image:type\" content=\"image\/jpeg\" \/>\n<meta name=\"author\" content=\"Reimar Bage\" \/>\n<meta name=\"twitter:card\" content=\"summary_large_image\" \/>\n<meta name=\"twitter:label1\" content=\"Verfasst von\" \/>\n\t<meta name=\"twitter:data1\" content=\"Reimar Bage\" \/>\n\t<meta name=\"twitter:label2\" content=\"Gesch\u00e4tzte Lesezeit\" \/>\n\t<meta name=\"twitter:data2\" content=\"2\u00a0Minuten\" \/>\n<script type=\"application\/ld+json\" class=\"yoast-schema-graph\">{\"@context\":\"https:\\\/\\\/schema.org\",\"@graph\":[{\"@type\":\"Article\",\"@id\":\"https:\\\/\\\/buergerbus-steinfurt.de\\\/?p=4353#article\",\"isPartOf\":{\"@id\":\"https:\\\/\\\/buergerbus-steinfurt.de\\\/?p=4353\"},\"author\":{\"name\":\"Reimar Bage\",\"@id\":\"https:\\\/\\\/buergerbus-steinfurt.de\\\/#\\\/schema\\\/person\\\/d0df83117f05647dd427e2cec47c2195\"},\"headline\":\"B\u00fcrgerbus ist wieder in der Spur\",\"datePublished\":\"2023-02-28T19:28:27+00:00\",\"dateModified\":\"2023-03-01T05:41:08+00:00\",\"mainEntityOfPage\":{\"@id\":\"https:\\\/\\\/buergerbus-steinfurt.de\\\/?p=4353\"},\"wordCount\":406,\"publisher\":{\"@id\":\"https:\\\/\\\/buergerbus-steinfurt.de\\\/#organization\"},\"image\":{\"@id\":\"https:\\\/\\\/buergerbus-steinfurt.de\\\/?p=4353#primaryimage\"},\"thumbnailUrl\":\"https:\\\/\\\/buergerbus-steinfurt.de\\\/wp-content\\\/uploads\\\/2023\\\/02\\\/IMG_4619-1-scaled.jpg\",\"articleSection\":[\"Uncategorized\"],\"inLanguage\":\"de\"},{\"@type\":\"WebPage\",\"@id\":\"https:\\\/\\\/buergerbus-steinfurt.de\\\/?p=4353\",\"url\":\"https:\\\/\\\/buergerbus-steinfurt.de\\\/?p=4353\",\"name\":\"B\u00fcrgerbus ist wieder in der Spur - B\u00fcrgerbus Steinfurt %\",\"isPartOf\":{\"@id\":\"https:\\\/\\\/buergerbus-steinfurt.de\\\/#website\"},\"primaryImageOfPage\":{\"@id\":\"https:\\\/\\\/buergerbus-steinfurt.de\\\/?p=4353#primaryimage\"},\"image\":{\"@id\":\"https:\\\/\\\/buergerbus-steinfurt.de\\\/?p=4353#primaryimage\"},\"thumbnailUrl\":\"https:\\\/\\\/buergerbus-steinfurt.de\\\/wp-content\\\/uploads\\\/2023\\\/02\\\/IMG_4619-1-scaled.jpg\",\"datePublished\":\"2023-02-28T19:28:27+00:00\",\"dateModified\":\"2023-03-01T05:41:08+00:00\",\"breadcrumb\":{\"@id\":\"https:\\\/\\\/buergerbus-steinfurt.de\\\/?p=4353#breadcrumb\"},\"inLanguage\":\"de\",\"potentialAction\":[{\"@type\":\"ReadAction\",\"target\":[\"https:\\\/\\\/buergerbus-steinfurt.de\\\/?p=4353\"]}]},{\"@type\":\"ImageObject\",\"inLanguage\":\"de\",\"@id\":\"https:\\\/\\\/buergerbus-steinfurt.de\\\/?p=4353#primaryimage\",\"url\":\"https:\\\/\\\/buergerbus-steinfurt.de\\\/wp-content\\\/uploads\\\/2023\\\/02\\\/IMG_4619-1-scaled.jpg\",\"contentUrl\":\"https:\\\/\\\/buergerbus-steinfurt.de\\\/wp-content\\\/uploads\\\/2023\\\/02\\\/IMG_4619-1-scaled.jpg\",\"width\":2560,\"height\":1707},{\"@type\":\"BreadcrumbList\",\"@id\":\"https:\\\/\\\/buergerbus-steinfurt.de\\\/?p=4353#breadcrumb\",\"itemListElement\":[{\"@type\":\"ListItem\",\"position\":1,\"name\":\"Startseite\",\"item\":\"https:\\\/\\\/buergerbus-steinfurt.de\\\/\"},{\"@type\":\"ListItem\",\"position\":2,\"name\":\"B\u00fcrgerbus ist wieder in der Spur\"}]},{\"@type\":\"WebSite\",\"@id\":\"https:\\\/\\\/buergerbus-steinfurt.de\\\/#website\",\"url\":\"https:\\\/\\\/buergerbus-steinfurt.de\\\/\",\"name\":\"B\u00dcRGERBUS STEINFURT\",\"description\":\"\",\"publisher\":{\"@id\":\"https:\\\/\\\/buergerbus-steinfurt.de\\\/#organization\"},\"potentialAction\":[{\"@type\":\"SearchAction\",\"target\":{\"@type\":\"EntryPoint\",\"urlTemplate\":\"https:\\\/\\\/buergerbus-steinfurt.de\\\/?s={search_term_string}\"},\"query-input\":{\"@type\":\"PropertyValueSpecification\",\"valueRequired\":true,\"valueName\":\"search_term_string\"}}],\"inLanguage\":\"de\"},{\"@type\":\"Organization\",\"@id\":\"https:\\\/\\\/buergerbus-steinfurt.de\\\/#organization\",\"name\":\"B\u00fcrgerbus Steinfurt e.V.\",\"url\":\"https:\\\/\\\/buergerbus-steinfurt.de\\\/\",\"logo\":{\"@type\":\"ImageObject\",\"inLanguage\":\"de\",\"@id\":\"https:\\\/\\\/buergerbus-steinfurt.de\\\/#\\\/schema\\\/logo\\\/image\\\/\",\"url\":\"https:\\\/\\\/buergerbus-steinfurt.de\\\/wp-content\\\/uploads\\\/2022\\\/08\\\/2bb-steinfurt-logo-neu.png\",\"contentUrl\":\"https:\\\/\\\/buergerbus-steinfurt.de\\\/wp-content\\\/uploads\\\/2022\\\/08\\\/2bb-steinfurt-logo-neu.png\",\"width\":293,\"height\":75,\"caption\":\"B\u00fcrgerbus Steinfurt e.V.\"},\"image\":{\"@id\":\"https:\\\/\\\/buergerbus-steinfurt.de\\\/#\\\/schema\\\/logo\\\/image\\\/\"}},{\"@type\":\"Person\",\"@id\":\"https:\\\/\\\/buergerbus-steinfurt.de\\\/#\\\/schema\\\/person\\\/d0df83117f05647dd427e2cec47c2195\",\"name\":\"Reimar Bage\",\"image\":{\"@type\":\"ImageObject\",\"inLanguage\":\"de\",\"@id\":\"https:\\\/\\\/secure.gravatar.com\\\/avatar\\\/39763b5f1cf57f5fba11a8cef91d12bcd5b654814054b4c246daa1f3737f8a35?s=96&d=mm&r=g\",\"url\":\"https:\\\/\\\/secure.gravatar.com\\\/avatar\\\/39763b5f1cf57f5fba11a8cef91d12bcd5b654814054b4c246daa1f3737f8a35?s=96&d=mm&r=g\",\"contentUrl\":\"https:\\\/\\\/secure.gravatar.com\\\/avatar\\\/39763b5f1cf57f5fba11a8cef91d12bcd5b654814054b4c246daa1f3737f8a35?s=96&d=mm&r=g\",\"caption\":\"Reimar Bage\"},\"url\":\"https:\\\/\\\/buergerbus-steinfurt.de\\\/?author=3\"}]}<\/script>\n<!-- \/ Yoast SEO plugin. -->","yoast_head_json":{"title":"B\u00fcrgerbus ist wieder in der Spur - B\u00fcrgerbus Steinfurt %","robots":{"index":"index","follow":"follow","max-snippet":"max-snippet:-1","max-image-preview":"max-image-preview:large","max-video-preview":"max-video-preview:-1"},"canonical":"https:\/\/buergerbus-steinfurt.de\/?p=4353","og_locale":"de_DE","og_type":"article","og_title":"B\u00fcrgerbus ist wieder in der Spur - B\u00fcrgerbus Steinfurt %","og_description":"\u00a0 Mit einem Pr\u00e4sentkorb bedankten sich (v.l.) Fahrdienstleiter Klaassen, Gesch\u00e4ftsf\u00fchrer Diegner, stv. Vorsitzender Zellerhoff und Vorsitzender Greive bei Erich H\u00fclsey (Mitte) Steinfurt. Mit beeindruckenden Fakten und Zahlen f\u00fcr das Jahr ...","og_url":"https:\/\/buergerbus-steinfurt.de\/?p=4353","og_site_name":"B\u00fcrgerbus Steinfurt","article_published_time":"2023-02-28T19:28:27+00:00","article_modified_time":"2023-03-01T05:41:08+00:00","og_image":[{"width":2560,"height":1707,"url":"https:\/\/buergerbus-steinfurt.de\/wp-content\/uploads\/2023\/02\/IMG_4619-1-scaled.jpg","type":"image\/jpeg"}],"author":"Reimar Bage","twitter_card":"summary_large_image","twitter_misc":{"Verfasst von":"Reimar Bage","Gesch\u00e4tzte Lesezeit":"2\u00a0Minuten"},"schema":{"@context":"https:\/\/schema.org","@graph":[{"@type":"Article","@id":"https:\/\/buergerbus-steinfurt.de\/?p=4353#article","isPartOf":{"@id":"https:\/\/buergerbus-steinfurt.de\/?p=4353"},"author":{"name":"Reimar Bage","@id":"https:\/\/buergerbus-steinfurt.de\/#\/schema\/person\/d0df83117f05647dd427e2cec47c2195"},"headline":"B\u00fcrgerbus ist wieder in der Spur","datePublished":"2023-02-28T19:28:27+00:00","dateModified":"2023-03-01T05:41:08+00:00","mainEntityOfPage":{"@id":"https:\/\/buergerbus-steinfurt.de\/?p=4353"},"wordCount":406,"publisher":{"@id":"https:\/\/buergerbus-steinfurt.de\/#organization"},"image":{"@id":"https:\/\/buergerbus-steinfurt.de\/?p=4353#primaryimage"},"thumbnailUrl":"https:\/\/buergerbus-steinfurt.de\/wp-content\/uploads\/2023\/02\/IMG_4619-1-scaled.jpg","articleSection":["Uncategorized"],"inLanguage":"de"},{"@type":"WebPage","@id":"https:\/\/buergerbus-steinfurt.de\/?p=4353","url":"https:\/\/buergerbus-steinfurt.de\/?p=4353","name":"B\u00fcrgerbus ist wieder in der Spur - B\u00fcrgerbus Steinfurt %","isPartOf":{"@id":"https:\/\/buergerbus-steinfurt.de\/#website"},"primaryImageOfPage":{"@id":"https:\/\/buergerbus-steinfurt.de\/?p=4353#primaryimage"},"image":{"@id":"https:\/\/buergerbus-steinfurt.de\/?p=4353#primaryimage"},"thumbnailUrl":"https:\/\/buergerbus-steinfurt.de\/wp-content\/uploads\/2023\/02\/IMG_4619-1-scaled.jpg","datePublished":"2023-02-28T19:28:27+00:00","dateModified":"2023-03-01T05:41:08+00:00","breadcrumb":{"@id":"https:\/\/buergerbus-steinfurt.de\/?p=4353#breadcrumb"},"inLanguage":"de","potentialAction":[{"@type":"ReadAction","target":["https:\/\/buergerbus-steinfurt.de\/?p=4353"]}]},{"@type":"ImageObject","inLanguage":"de","@id":"https:\/\/buergerbus-steinfurt.de\/?p=4353#primaryimage","url":"https:\/\/buergerbus-steinfurt.de\/wp-content\/uploads\/2023\/02\/IMG_4619-1-scaled.jpg","contentUrl":"https:\/\/buergerbus-steinfurt.de\/wp-content\/uploads\/2023\/02\/IMG_4619-1-scaled.jpg","width":2560,"height":1707},{"@type":"BreadcrumbList","@id":"https:\/\/buergerbus-steinfurt.de\/?p=4353#breadcrumb","itemListElement":[{"@type":"ListItem","position":1,"name":"Startseite","item":"https:\/\/buergerbus-steinfurt.de\/"},{"@type":"ListItem","position":2,"name":"B\u00fcrgerbus ist wieder in der Spur"}]},{"@type":"WebSite","@id":"https:\/\/buergerbus-steinfurt.de\/#website","url":"https:\/\/buergerbus-steinfurt.de\/","name":"B\u00dcRGERBUS STEINFURT","description":"","publisher":{"@id":"https:\/\/buergerbus-steinfurt.de\/#organization"},"potentialAction":[{"@type":"SearchAction","target":{"@type":"EntryPoint","urlTemplate":"https:\/\/buergerbus-steinfurt.de\/?s={search_term_string}"},"query-input":{"@type":"PropertyValueSpecification","valueRequired":true,"valueName":"search_term_string"}}],"inLanguage":"de"},{"@type":"Organization","@id":"https:\/\/buergerbus-steinfurt.de\/#organization","name":"B\u00fcrgerbus Steinfurt e.V.","url":"https:\/\/buergerbus-steinfurt.de\/","logo":{"@type":"ImageObject","inLanguage":"de","@id":"https:\/\/buergerbus-steinfurt.de\/#\/schema\/logo\/image\/","url":"https:\/\/buergerbus-steinfurt.de\/wp-content\/uploads\/2022\/08\/2bb-steinfurt-logo-neu.png","contentUrl":"https:\/\/buergerbus-steinfurt.de\/wp-content\/uploads\/2022\/08\/2bb-steinfurt-logo-neu.png","width":293,"height":75,"caption":"B\u00fcrgerbus Steinfurt e.V."},"image":{"@id":"https:\/\/buergerbus-steinfurt.de\/#\/schema\/logo\/image\/"}},{"@type":"Person","@id":"https:\/\/buergerbus-steinfurt.de\/#\/schema\/person\/d0df83117f05647dd427e2cec47c2195","name":"Reimar Bage","image":{"@type":"ImageObject","inLanguage":"de","@id":"https:\/\/secure.gravatar.com\/avatar\/39763b5f1cf57f5fba11a8cef91d12bcd5b654814054b4c246daa1f3737f8a35?s=96&d=mm&r=g","url":"https:\/\/secure.gravatar.com\/avatar\/39763b5f1cf57f5fba11a8cef91d12bcd5b654814054b4c246daa1f3737f8a35?s=96&d=mm&r=g","contentUrl":"https:\/\/secure.gravatar.com\/avatar\/39763b5f1cf57f5fba11a8cef91d12bcd5b654814054b4c246daa1f3737f8a35?s=96&d=mm&r=g","caption":"Reimar Bage"},"url":"https:\/\/buergerbus-steinfurt.de\/?author=3"}]}},"_links":{"self":[{"href":"https:\/\/buergerbus-steinfurt.de\/index.php?rest_route=\/wp\/v2\/posts\/4353","targetHints":{"allow":["GET"]}}],"collection":[{"href":"https:\/\/buergerbus-steinfurt.de\/index.php?rest_route=\/wp\/v2\/posts"}],"about":[{"href":"https:\/\/buergerbus-steinfurt.de\/index.php?rest_route=\/wp\/v2\/types\/post"}],"author":[{"embeddable":true,"href":"https:\/\/buergerbus-steinfurt.de\/index.php?rest_route=\/wp\/v2\/users\/3"}],"replies":[{"embeddable":true,"href":"https:\/\/buergerbus-steinfurt.de\/index.php?rest_route=%2Fwp%2Fv2%2Fcomments&post=4353"}],"version-history":[{"count":3,"href":"https:\/\/buergerbus-steinfurt.de\/index.php?rest_route=\/wp\/v2\/posts\/4353\/revisions"}],"predecessor-version":[{"id":4367,"href":"https:\/\/buergerbus-steinfurt.de\/index.php?rest_route=\/wp\/v2\/posts\/4353\/revisions\/4367"}],"wp:featuredmedia":[{"embeddable":true,"href":"https:\/\/buergerbus-steinfurt.de\/index.php?rest_route=\/wp\/v2\/media\/4364"}],"wp:attachment":[{"href":"https:\/\/buergerbus-steinfurt.de\/index.php?rest_route=%2Fwp%2Fv2%2Fmedia&parent=4353"}],"wp:term":[{"taxonomy":"category","embeddable":true,"href":"https:\/\/buergerbus-steinfurt.de\/index.php?rest_route=%2Fwp%2Fv2%2Fcategories&post=4353"},{"taxonomy":"post_tag","embeddable":true,"href":"https:\/\/buergerbus-steinfurt.de\/index.php?rest_route=%2Fwp%2Fv2%2Ftags&post=4353"}],"curies":[{"name":"wp","href":"https:\/\/api.w.org\/{rel}","templated":true}]}}