{"id":4221,"date":"2022-12-06T19:25:52","date_gmt":"2022-12-06T19:25:52","guid":{"rendered":"https:\/\/buergerbus-steinfurt.de\/?p=4221"},"modified":"2022-12-08T11:40:33","modified_gmt":"2022-12-08T11:40:33","slug":"harmonische-weihnachtsfeier","status":"publish","type":"post","link":"https:\/\/buergerbus-steinfurt.de\/?p=4221","title":{"rendered":"Harmonische Weihnachtsfeier"},"content":{"rendered":"<ol>\n<li><img loading=\"lazy\" decoding=\"async\" class=\"alignnone wp-image-4240 size-full\" src=\"https:\/\/buergerbus-steinfurt.de\/wp-content\/uploads\/2022\/12\/Gruppenfoto-Augen-offen.09-scaled.jpg\" alt=\"\" width=\"2560\" height=\"668\" srcset=\"https:\/\/buergerbus-steinfurt.de\/wp-content\/uploads\/2022\/12\/Gruppenfoto-Augen-offen.09-scaled.jpg 2560w, https:\/\/buergerbus-steinfurt.de\/wp-content\/uploads\/2022\/12\/Gruppenfoto-Augen-offen.09-300x78.jpg 300w, https:\/\/buergerbus-steinfurt.de\/wp-content\/uploads\/2022\/12\/Gruppenfoto-Augen-offen.09-1024x267.jpg 1024w, https:\/\/buergerbus-steinfurt.de\/wp-content\/uploads\/2022\/12\/Gruppenfoto-Augen-offen.09-768x201.jpg 768w, https:\/\/buergerbus-steinfurt.de\/wp-content\/uploads\/2022\/12\/Gruppenfoto-Augen-offen.09-1536x401.jpg 1536w, https:\/\/buergerbus-steinfurt.de\/wp-content\/uploads\/2022\/12\/Gruppenfoto-Augen-offen.09-2048x535.jpg 2048w\" sizes=\"auto, (max-width: 2560px) 100vw, 2560px\" \/><\/li>\n<\/ol>\n<p><span class=\"s2\"><span class=\"bumpedFont15\">Steinfurt.<\/span><\/span><span class=\"s3\"><span class=\"bumpedFont15\"> Passender konnte der Termin nicht gew\u00e4hlt sein: <\/span><\/span><span class=\"s3\"><span class=\"bumpedFont15\">Am \u201e<\/span><\/span><span class=\"s3\"><span class=\"bumpedFont15\">Tag des Ehrenamt<\/span><\/span><span class=\"s3\"><span class=\"bumpedFont15\">s\u201c<\/span><\/span> <span class=\"s3\"><span class=\"bumpedFont15\">beging\u00a0<\/span><\/span><span class=\"s3\"><span class=\"bumpedFont15\">der B\u00fcrgerbus<\/span><\/span><span class=\"s3\"><span class=\"bumpedFont15\">&#8211;<\/span><\/span><span class=\"s3\"><span class=\"bumpedFont15\">Verein Steinfurt seine Weihnachtsfeier 2022 nach zweij\u00e4hriger coronabedingter Pause. Vorsitzender Jos<\/span><\/span><span class=\"s3\"><span class=\"bumpedFont15\">ef\u00a0<\/span><\/span><span class=\"s3\"><span class=\"bumpedFont15\">Grei<\/span><\/span><span class=\"s3\"><span class=\"bumpedFont15\">v<\/span><\/span><span class=\"s3\"><span class=\"bumpedFont15\">e hie\u00df <\/span><\/span><span class=\"s3\"><span class=\"bumpedFont15\">namens <\/span><\/span><span class=\"s3\"><span class=\"bumpedFont15\">des Vorstands<\/span><\/span> <span class=\"s3\"><span class=\"bumpedFont15\">die Fahrerinnen und Fahrer<\/span><\/span> <span class=\"s3\"><span class=\"bumpedFont15\">in der<\/span><\/span><span class=\"s3\"><span class=\"bumpedFont15\"> Gastst\u00e4tte <\/span><\/span><span class=\"s3\"><span class=\"bumpedFont15\">B\u00f6<\/span><\/span><span class=\"s3\"><span class=\"bumpedFont15\">rger herzlich willkommen und freute sich \u00fcber die gute Beteiligung. <\/span><\/span><span class=\"s3\"><span class=\"bumpedFont15\">Er<\/span><\/span><span class=\"s3\"><span class=\"bumpedFont15\"> richtete Gr\u00fc\u00dfe von B\u00fcrgermeisterin B\u00f6gel Hoyer und<\/span><\/span><span class=\"s3\"><span class=\"bumpedFont15\"> des Leiters Verkehrsmanagement RVM,<\/span><\/span><span class=\"s3\"><span class=\"bumpedFont15\"> K<\/span><\/span><span class=\"s3\"><span class=\"bumpedFont15\">l<\/span><\/span><span class=\"s3\"><span class=\"bumpedFont15\">\u00fcp<\/span><\/span><span class=\"s3\"><span class=\"bumpedFont15\">pels<\/span><\/span><span class=\"s3\"><span class=\"bumpedFont15\">, <\/span><\/span><span class=\"s3\"><span class=\"bumpedFont15\">a<\/span><\/span><span class=\"s3\"><span class=\"bumpedFont15\">u<\/span><\/span><span class=\"s3\"><span class=\"bumpedFont15\">s, der ihn k\u00fcrzlich nach dem Erfolgsrezept des Vereins gefragt hatte. Seine Antwort: <\/span><\/span><span class=\"s3\"><span class=\"bumpedFont15\">\u201e<\/span><\/span><span class=\"s3\"><span class=\"bumpedFont15\">Das seid ihr<\/span><\/span><span class=\"s3\"><span class=\"bumpedFont15\">, <\/span><\/span><span class=\"s3\"><span class=\"bumpedFont15\">die <\/span><\/span><span class=\"s3\"><span class=\"bumpedFont15\">Fahrerinnen und Fahrer<\/span><\/span><span class=\"s3\"><span class=\"bumpedFont15\">. Alle organisatorischen Hilfsmittel n\u00fctzen nichts, wenn sie nicht mit Leben erf\u00fcllt werden. Viele hatten Gr\u00fcnde, eine Tour abzusagen. Und immer ist einer von euch eingesprungen. Keine Tour <\/span><\/span><span class=\"s3\"><span class=\"bumpedFont15\">des B\u00fcrgerbusses<\/span><\/span><span class=\"s3\"><span class=\"bumpedFont15\">Steinfurt ist <\/span><\/span><span class=\"s3\"><span class=\"bumpedFont15\">ausgefallen. Ich bin stolz auf euch und jeder von euch kann auch stolz auf sich sein, dass er dazu beigetragen hat.\u201c<\/span><\/span><\/p>\n<p><span class=\"s3\"><span class=\"bumpedFont15\">Besonders erfreut waren Vorsitzender Grei<\/span><\/span><span class=\"s3\"><span class=\"bumpedFont15\">v<\/span><\/span><span class=\"s3\"><span class=\"bumpedFont15\">e und Fahrdienst<\/span><\/span><span class=\"s3\"><span class=\"bumpedFont15\">l<\/span><\/span><span class=\"s3\"><span class=\"bumpedFont15\">eiter <\/span><\/span><span class=\"s3\"><span class=\"bumpedFont15\">Wilhelm Klaassen <\/span><\/span><span class=\"s3\"><span class=\"bumpedFont15\">bei dieser Gelegenheit <\/span><\/span><span class=\"s3\"><span class=\"bumpedFont15\">vier<\/span><\/span><span class=\"s3\"><span class=\"bumpedFont15\"> neue Fahrer im Team begr\u00fc\u00dfen zu k\u00f6nnen:<\/span><\/span><span class=\"s3\"><span class=\"bumpedFont15\"> Peter Borowiak, Friedhelm Breul, Heinz Robrook und J\u00fcrgen Stahlhut.<\/span><\/span><\/p>\n<p><span class=\"s3\"><span class=\"bumpedFont15\">Als Dankesch\u00f6n bekamen<\/span><\/span> <span class=\"s3\"><span class=\"bumpedFont15\">alle <\/span><\/span><span class=\"s3\"><span class=\"bumpedFont15\">Fahrerinnen und Fahrer eine T\u00fcte mit weihnachtlichen Leckereien und eine Flasche Rotwein<\/span><\/span><span class=\"s3\"><span class=\"bumpedFont15\"> sowie ein blaues T-Shirt mit roter Stickerei \u201eB\u00fcrgerbus Steinfurt\u201c<\/span><\/span><span class=\"s3\"><span class=\"bumpedFont15\">. Bevor es dann zum schmackhaften Abendessen<\/span><\/span><span class=\"s3\"><span class=\"bumpedFont15\">ging<\/span><\/span><span class=\"s3\"><span class=\"bumpedFont15\">,<\/span><\/span> <span class=\"s3\"><span class=\"bumpedFont15\">erschien der <\/span><\/span><span class=\"s3\"><span class=\"bumpedFont15\">\u201e<\/span><\/span><span class=\"s3\"><span class=\"bumpedFont15\">Engel des Herrn<\/span><\/span><span class=\"s3\"><span class=\"bumpedFont15\">\u201c<\/span><\/span><span class=\"s3\"><span class=\"bumpedFont15\"> und erfreute die Runde mit einer kleinen Weihnachtsgeschichte <\/span><\/span><span class=\"s3\"><span class=\"bumpedFont15\">Au\u00dferdem <\/span><\/span><span class=\"s3\"><span class=\"bumpedFont15\">wurde wieder einmal ein neues Gruppenfoto mit dem aktuellen Vorstand und dem Fahrpersonal gemacht<\/span><\/span><span class=\"s3\"><span class=\"bumpedFont15\">.<\/span><\/span><\/p>\n<p><img loading=\"lazy\" decoding=\"async\" class=\"alignright wp-image-4243 size-large\" src=\"https:\/\/buergerbus-steinfurt.de\/wp-content\/uploads\/2022\/12\/2022-12-05-20.04.48-1024x683.jpg\" alt=\"\" width=\"800\" height=\"534\" srcset=\"https:\/\/buergerbus-steinfurt.de\/wp-content\/uploads\/2022\/12\/2022-12-05-20.04.48-1024x683.jpg 1024w, https:\/\/buergerbus-steinfurt.de\/wp-content\/uploads\/2022\/12\/2022-12-05-20.04.48-300x200.jpg 300w, https:\/\/buergerbus-steinfurt.de\/wp-content\/uploads\/2022\/12\/2022-12-05-20.04.48-768x512.jpg 768w, https:\/\/buergerbus-steinfurt.de\/wp-content\/uploads\/2022\/12\/2022-12-05-20.04.48-1536x1024.jpg 1536w, https:\/\/buergerbus-steinfurt.de\/wp-content\/uploads\/2022\/12\/2022-12-05-20.04.48-2048x1365.jpg 2048w\" sizes=\"auto, (max-width: 800px) 100vw, 800px\" \/><\/p>\n<p>&nbsp;<\/p>\n<p><img loading=\"lazy\" decoding=\"async\" class=\"wp-image-4250 size-large alignnone\" src=\"https:\/\/buergerbus-steinfurt.de\/wp-content\/uploads\/2022\/12\/2022-12-05-20.06.41-1024x683.jpg\" alt=\"\" width=\"800\" height=\"534\" srcset=\"https:\/\/buergerbus-steinfurt.de\/wp-content\/uploads\/2022\/12\/2022-12-05-20.06.41-1024x683.jpg 1024w, https:\/\/buergerbus-steinfurt.de\/wp-content\/uploads\/2022\/12\/2022-12-05-20.06.41-300x200.jpg 300w, https:\/\/buergerbus-steinfurt.de\/wp-content\/uploads\/2022\/12\/2022-12-05-20.06.41-768x512.jpg 768w, https:\/\/buergerbus-steinfurt.de\/wp-content\/uploads\/2022\/12\/2022-12-05-20.06.41-1536x1024.jpg 1536w, https:\/\/buergerbus-steinfurt.de\/wp-content\/uploads\/2022\/12\/2022-12-05-20.06.41-2048x1365.jpg 2048w\" sizes=\"auto, (max-width: 800px) 100vw, 800px\" \/><img loading=\"lazy\" decoding=\"async\" class=\"wp-image-4249 size-large alignright\" src=\"https:\/\/buergerbus-steinfurt.de\/wp-content\/uploads\/2022\/12\/2022-12-05-20.06.36-1024x683.jpg\" alt=\"\" width=\"800\" height=\"534\" srcset=\"https:\/\/buergerbus-steinfurt.de\/wp-content\/uploads\/2022\/12\/2022-12-05-20.06.36-1024x683.jpg 1024w, https:\/\/buergerbus-steinfurt.de\/wp-content\/uploads\/2022\/12\/2022-12-05-20.06.36-300x200.jpg 300w, https:\/\/buergerbus-steinfurt.de\/wp-content\/uploads\/2022\/12\/2022-12-05-20.06.36-768x512.jpg 768w, https:\/\/buergerbus-steinfurt.de\/wp-content\/uploads\/2022\/12\/2022-12-05-20.06.36-1536x1024.jpg 1536w, https:\/\/buergerbus-steinfurt.de\/wp-content\/uploads\/2022\/12\/2022-12-05-20.06.36-2048x1365.jpg 2048w\" sizes=\"auto, (max-width: 800px) 100vw, 800px\" \/><\/p>\n<p><img loading=\"lazy\" decoding=\"async\" class=\"wp-image-4246 size-large alignleft\" src=\"https:\/\/buergerbus-steinfurt.de\/wp-content\/uploads\/2022\/12\/2022-12-05-20.05.42-1024x683.jpg\" alt=\"\" width=\"800\" height=\"534\" srcset=\"https:\/\/buergerbus-steinfurt.de\/wp-content\/uploads\/2022\/12\/2022-12-05-20.05.42-1024x683.jpg 1024w, https:\/\/buergerbus-steinfurt.de\/wp-content\/uploads\/2022\/12\/2022-12-05-20.05.42-300x200.jpg 300w, https:\/\/buergerbus-steinfurt.de\/wp-content\/uploads\/2022\/12\/2022-12-05-20.05.42-768x512.jpg 768w, https:\/\/buergerbus-steinfurt.de\/wp-content\/uploads\/2022\/12\/2022-12-05-20.05.42-1536x1024.jpg 1536w, https:\/\/buergerbus-steinfurt.de\/wp-content\/uploads\/2022\/12\/2022-12-05-20.05.42-2048x1365.jpg 2048w\" sizes=\"auto, (max-width: 800px) 100vw, 800px\" \/><\/p>\n<p><img loading=\"lazy\" decoding=\"async\" class=\"wp-image-4245 size-large alignright\" src=\"https:\/\/buergerbus-steinfurt.de\/wp-content\/uploads\/2022\/12\/2022-12-05-20.05.32-1024x683.jpg\" alt=\"\" width=\"800\" height=\"534\" srcset=\"https:\/\/buergerbus-steinfurt.de\/wp-content\/uploads\/2022\/12\/2022-12-05-20.05.32-1024x683.jpg 1024w, https:\/\/buergerbus-steinfurt.de\/wp-content\/uploads\/2022\/12\/2022-12-05-20.05.32-300x200.jpg 300w, https:\/\/buergerbus-steinfurt.de\/wp-content\/uploads\/2022\/12\/2022-12-05-20.05.32-768x512.jpg 768w, https:\/\/buergerbus-steinfurt.de\/wp-content\/uploads\/2022\/12\/2022-12-05-20.05.32-1536x1024.jpg 1536w, https:\/\/buergerbus-steinfurt.de\/wp-content\/uploads\/2022\/12\/2022-12-05-20.05.32-2048x1365.jpg 2048w\" sizes=\"auto, (max-width: 800px) 100vw, 800px\" \/><\/p>\n","protected":false},"excerpt":{"rendered":"<p>Steinfurt. Passender konnte der Termin nicht gew\u00e4hlt sein: Am \u201eTag des Ehrenamts\u201c beging\u00a0der B\u00fcrgerbus&#8211;Verein Steinfurt seine Weihnachtsfeier 2022 nach zweij\u00e4hriger coronabedingter Pause. Vorsitzender Josef\u00a0Greive hie\u00df namens des Vorstands die Fahrerinnen &#8230;<\/p>\n","protected":false},"author":3,"featured_media":4228,"comment_status":"closed","ping_status":"closed","sticky":false,"template":"","format":"standard","meta":{"footnotes":""},"categories":[1],"tags":[],"class_list":["post-4221","post","type-post","status-publish","format-standard","has-post-thumbnail","hentry","category-uncategorized"],"yoast_head":"<!-- This site is optimized with the Yoast SEO plugin v27.5 - https:\/\/yoast.com\/product\/yoast-seo-wordpress\/ -->\n<title>Harmonische Weihnachtsfeier - B\u00fcrgerbus Steinfurt %<\/title>\n<meta name=\"robots\" content=\"index, follow, max-snippet:-1, max-image-preview:large, max-video-preview:-1\" \/>\n<link rel=\"canonical\" href=\"https:\/\/buergerbus-steinfurt.de\/?p=4221\" \/>\n<meta property=\"og:locale\" content=\"de_DE\" \/>\n<meta property=\"og:type\" content=\"article\" \/>\n<meta property=\"og:title\" content=\"Harmonische Weihnachtsfeier - B\u00fcrgerbus Steinfurt %\" \/>\n<meta property=\"og:description\" content=\"Steinfurt. Passender konnte der Termin nicht gew\u00e4hlt sein: Am \u201eTag des Ehrenamts\u201c beging\u00a0der B\u00fcrgerbus&#8211;Verein Steinfurt seine Weihnachtsfeier 2022 nach zweij\u00e4hriger coronabedingter Pause. Vorsitzender Josef\u00a0Greive hie\u00df namens des Vorstands die Fahrerinnen ...\" \/>\n<meta property=\"og:url\" content=\"https:\/\/buergerbus-steinfurt.de\/?p=4221\" \/>\n<meta property=\"og:site_name\" content=\"B\u00fcrgerbus Steinfurt\" \/>\n<meta property=\"article:published_time\" content=\"2022-12-06T19:25:52+00:00\" \/>\n<meta property=\"article:modified_time\" content=\"2022-12-08T11:40:33+00:00\" \/>\n<meta property=\"og:image\" content=\"https:\/\/buergerbus-steinfurt.de\/wp-content\/uploads\/2022\/12\/B99FE0CE-48C1-40CF-B179-D7B4BFD7C519-scaled.jpeg\" \/>\n\t<meta property=\"og:image:width\" content=\"2560\" \/>\n\t<meta property=\"og:image:height\" content=\"1707\" \/>\n\t<meta property=\"og:image:type\" content=\"image\/jpeg\" \/>\n<meta name=\"author\" content=\"Reimar Bage\" \/>\n<meta name=\"twitter:card\" content=\"summary_large_image\" \/>\n<meta name=\"twitter:label1\" content=\"Verfasst von\" \/>\n\t<meta name=\"twitter:data1\" content=\"Reimar Bage\" \/>\n\t<meta name=\"twitter:label2\" content=\"Gesch\u00e4tzte Lesezeit\" \/>\n\t<meta name=\"twitter:data2\" content=\"3\u00a0Minuten\" \/>\n<script type=\"application\/ld+json\" class=\"yoast-schema-graph\">{\"@context\":\"https:\\\/\\\/schema.org\",\"@graph\":[{\"@type\":\"Article\",\"@id\":\"https:\\\/\\\/buergerbus-steinfurt.de\\\/?p=4221#article\",\"isPartOf\":{\"@id\":\"https:\\\/\\\/buergerbus-steinfurt.de\\\/?p=4221\"},\"author\":{\"name\":\"Reimar Bage\",\"@id\":\"https:\\\/\\\/buergerbus-steinfurt.de\\\/#\\\/schema\\\/person\\\/d0df83117f05647dd427e2cec47c2195\"},\"headline\":\"Harmonische Weihnachtsfeier\",\"datePublished\":\"2022-12-06T19:25:52+00:00\",\"dateModified\":\"2022-12-08T11:40:33+00:00\",\"mainEntityOfPage\":{\"@id\":\"https:\\\/\\\/buergerbus-steinfurt.de\\\/?p=4221\"},\"wordCount\":258,\"publisher\":{\"@id\":\"https:\\\/\\\/buergerbus-steinfurt.de\\\/#organization\"},\"image\":{\"@id\":\"https:\\\/\\\/buergerbus-steinfurt.de\\\/?p=4221#primaryimage\"},\"thumbnailUrl\":\"https:\\\/\\\/buergerbus-steinfurt.de\\\/wp-content\\\/uploads\\\/2022\\\/12\\\/B99FE0CE-48C1-40CF-B179-D7B4BFD7C519-scaled.jpeg\",\"articleSection\":[\"Uncategorized\"],\"inLanguage\":\"de\"},{\"@type\":\"WebPage\",\"@id\":\"https:\\\/\\\/buergerbus-steinfurt.de\\\/?p=4221\",\"url\":\"https:\\\/\\\/buergerbus-steinfurt.de\\\/?p=4221\",\"name\":\"Harmonische Weihnachtsfeier - B\u00fcrgerbus Steinfurt %\",\"isPartOf\":{\"@id\":\"https:\\\/\\\/buergerbus-steinfurt.de\\\/#website\"},\"primaryImageOfPage\":{\"@id\":\"https:\\\/\\\/buergerbus-steinfurt.de\\\/?p=4221#primaryimage\"},\"image\":{\"@id\":\"https:\\\/\\\/buergerbus-steinfurt.de\\\/?p=4221#primaryimage\"},\"thumbnailUrl\":\"https:\\\/\\\/buergerbus-steinfurt.de\\\/wp-content\\\/uploads\\\/2022\\\/12\\\/B99FE0CE-48C1-40CF-B179-D7B4BFD7C519-scaled.jpeg\",\"datePublished\":\"2022-12-06T19:25:52+00:00\",\"dateModified\":\"2022-12-08T11:40:33+00:00\",\"breadcrumb\":{\"@id\":\"https:\\\/\\\/buergerbus-steinfurt.de\\\/?p=4221#breadcrumb\"},\"inLanguage\":\"de\",\"potentialAction\":[{\"@type\":\"ReadAction\",\"target\":[\"https:\\\/\\\/buergerbus-steinfurt.de\\\/?p=4221\"]}]},{\"@type\":\"ImageObject\",\"inLanguage\":\"de\",\"@id\":\"https:\\\/\\\/buergerbus-steinfurt.de\\\/?p=4221#primaryimage\",\"url\":\"https:\\\/\\\/buergerbus-steinfurt.de\\\/wp-content\\\/uploads\\\/2022\\\/12\\\/B99FE0CE-48C1-40CF-B179-D7B4BFD7C519-scaled.jpeg\",\"contentUrl\":\"https:\\\/\\\/buergerbus-steinfurt.de\\\/wp-content\\\/uploads\\\/2022\\\/12\\\/B99FE0CE-48C1-40CF-B179-D7B4BFD7C519-scaled.jpeg\",\"width\":2560,\"height\":1707},{\"@type\":\"BreadcrumbList\",\"@id\":\"https:\\\/\\\/buergerbus-steinfurt.de\\\/?p=4221#breadcrumb\",\"itemListElement\":[{\"@type\":\"ListItem\",\"position\":1,\"name\":\"Startseite\",\"item\":\"https:\\\/\\\/buergerbus-steinfurt.de\\\/\"},{\"@type\":\"ListItem\",\"position\":2,\"name\":\"Harmonische Weihnachtsfeier\"}]},{\"@type\":\"WebSite\",\"@id\":\"https:\\\/\\\/buergerbus-steinfurt.de\\\/#website\",\"url\":\"https:\\\/\\\/buergerbus-steinfurt.de\\\/\",\"name\":\"B\u00dcRGERBUS STEINFURT\",\"description\":\"\",\"publisher\":{\"@id\":\"https:\\\/\\\/buergerbus-steinfurt.de\\\/#organization\"},\"potentialAction\":[{\"@type\":\"SearchAction\",\"target\":{\"@type\":\"EntryPoint\",\"urlTemplate\":\"https:\\\/\\\/buergerbus-steinfurt.de\\\/?s={search_term_string}\"},\"query-input\":{\"@type\":\"PropertyValueSpecification\",\"valueRequired\":true,\"valueName\":\"search_term_string\"}}],\"inLanguage\":\"de\"},{\"@type\":\"Organization\",\"@id\":\"https:\\\/\\\/buergerbus-steinfurt.de\\\/#organization\",\"name\":\"B\u00fcrgerbus Steinfurt e.V.\",\"url\":\"https:\\\/\\\/buergerbus-steinfurt.de\\\/\",\"logo\":{\"@type\":\"ImageObject\",\"inLanguage\":\"de\",\"@id\":\"https:\\\/\\\/buergerbus-steinfurt.de\\\/#\\\/schema\\\/logo\\\/image\\\/\",\"url\":\"https:\\\/\\\/buergerbus-steinfurt.de\\\/wp-content\\\/uploads\\\/2022\\\/08\\\/2bb-steinfurt-logo-neu.png\",\"contentUrl\":\"https:\\\/\\\/buergerbus-steinfurt.de\\\/wp-content\\\/uploads\\\/2022\\\/08\\\/2bb-steinfurt-logo-neu.png\",\"width\":293,\"height\":75,\"caption\":\"B\u00fcrgerbus Steinfurt e.V.\"},\"image\":{\"@id\":\"https:\\\/\\\/buergerbus-steinfurt.de\\\/#\\\/schema\\\/logo\\\/image\\\/\"}},{\"@type\":\"Person\",\"@id\":\"https:\\\/\\\/buergerbus-steinfurt.de\\\/#\\\/schema\\\/person\\\/d0df83117f05647dd427e2cec47c2195\",\"name\":\"Reimar Bage\",\"image\":{\"@type\":\"ImageObject\",\"inLanguage\":\"de\",\"@id\":\"https:\\\/\\\/secure.gravatar.com\\\/avatar\\\/39763b5f1cf57f5fba11a8cef91d12bcd5b654814054b4c246daa1f3737f8a35?s=96&d=mm&r=g\",\"url\":\"https:\\\/\\\/secure.gravatar.com\\\/avatar\\\/39763b5f1cf57f5fba11a8cef91d12bcd5b654814054b4c246daa1f3737f8a35?s=96&d=mm&r=g\",\"contentUrl\":\"https:\\\/\\\/secure.gravatar.com\\\/avatar\\\/39763b5f1cf57f5fba11a8cef91d12bcd5b654814054b4c246daa1f3737f8a35?s=96&d=mm&r=g\",\"caption\":\"Reimar Bage\"},\"url\":\"https:\\\/\\\/buergerbus-steinfurt.de\\\/?author=3\"}]}<\/script>\n<!-- \/ Yoast SEO plugin. -->","yoast_head_json":{"title":"Harmonische Weihnachtsfeier - B\u00fcrgerbus Steinfurt %","robots":{"index":"index","follow":"follow","max-snippet":"max-snippet:-1","max-image-preview":"max-image-preview:large","max-video-preview":"max-video-preview:-1"},"canonical":"https:\/\/buergerbus-steinfurt.de\/?p=4221","og_locale":"de_DE","og_type":"article","og_title":"Harmonische Weihnachtsfeier - B\u00fcrgerbus Steinfurt %","og_description":"Steinfurt. Passender konnte der Termin nicht gew\u00e4hlt sein: Am \u201eTag des Ehrenamts\u201c beging\u00a0der B\u00fcrgerbus&#8211;Verein Steinfurt seine Weihnachtsfeier 2022 nach zweij\u00e4hriger coronabedingter Pause. Vorsitzender Josef\u00a0Greive hie\u00df namens des Vorstands die Fahrerinnen ...","og_url":"https:\/\/buergerbus-steinfurt.de\/?p=4221","og_site_name":"B\u00fcrgerbus Steinfurt","article_published_time":"2022-12-06T19:25:52+00:00","article_modified_time":"2022-12-08T11:40:33+00:00","og_image":[{"width":2560,"height":1707,"url":"https:\/\/buergerbus-steinfurt.de\/wp-content\/uploads\/2022\/12\/B99FE0CE-48C1-40CF-B179-D7B4BFD7C519-scaled.jpeg","type":"image\/jpeg"}],"author":"Reimar Bage","twitter_card":"summary_large_image","twitter_misc":{"Verfasst von":"Reimar Bage","Gesch\u00e4tzte Lesezeit":"3\u00a0Minuten"},"schema":{"@context":"https:\/\/schema.org","@graph":[{"@type":"Article","@id":"https:\/\/buergerbus-steinfurt.de\/?p=4221#article","isPartOf":{"@id":"https:\/\/buergerbus-steinfurt.de\/?p=4221"},"author":{"name":"Reimar Bage","@id":"https:\/\/buergerbus-steinfurt.de\/#\/schema\/person\/d0df83117f05647dd427e2cec47c2195"},"headline":"Harmonische Weihnachtsfeier","datePublished":"2022-12-06T19:25:52+00:00","dateModified":"2022-12-08T11:40:33+00:00","mainEntityOfPage":{"@id":"https:\/\/buergerbus-steinfurt.de\/?p=4221"},"wordCount":258,"publisher":{"@id":"https:\/\/buergerbus-steinfurt.de\/#organization"},"image":{"@id":"https:\/\/buergerbus-steinfurt.de\/?p=4221#primaryimage"},"thumbnailUrl":"https:\/\/buergerbus-steinfurt.de\/wp-content\/uploads\/2022\/12\/B99FE0CE-48C1-40CF-B179-D7B4BFD7C519-scaled.jpeg","articleSection":["Uncategorized"],"inLanguage":"de"},{"@type":"WebPage","@id":"https:\/\/buergerbus-steinfurt.de\/?p=4221","url":"https:\/\/buergerbus-steinfurt.de\/?p=4221","name":"Harmonische Weihnachtsfeier - B\u00fcrgerbus Steinfurt %","isPartOf":{"@id":"https:\/\/buergerbus-steinfurt.de\/#website"},"primaryImageOfPage":{"@id":"https:\/\/buergerbus-steinfurt.de\/?p=4221#primaryimage"},"image":{"@id":"https:\/\/buergerbus-steinfurt.de\/?p=4221#primaryimage"},"thumbnailUrl":"https:\/\/buergerbus-steinfurt.de\/wp-content\/uploads\/2022\/12\/B99FE0CE-48C1-40CF-B179-D7B4BFD7C519-scaled.jpeg","datePublished":"2022-12-06T19:25:52+00:00","dateModified":"2022-12-08T11:40:33+00:00","breadcrumb":{"@id":"https:\/\/buergerbus-steinfurt.de\/?p=4221#breadcrumb"},"inLanguage":"de","potentialAction":[{"@type":"ReadAction","target":["https:\/\/buergerbus-steinfurt.de\/?p=4221"]}]},{"@type":"ImageObject","inLanguage":"de","@id":"https:\/\/buergerbus-steinfurt.de\/?p=4221#primaryimage","url":"https:\/\/buergerbus-steinfurt.de\/wp-content\/uploads\/2022\/12\/B99FE0CE-48C1-40CF-B179-D7B4BFD7C519-scaled.jpeg","contentUrl":"https:\/\/buergerbus-steinfurt.de\/wp-content\/uploads\/2022\/12\/B99FE0CE-48C1-40CF-B179-D7B4BFD7C519-scaled.jpeg","width":2560,"height":1707},{"@type":"BreadcrumbList","@id":"https:\/\/buergerbus-steinfurt.de\/?p=4221#breadcrumb","itemListElement":[{"@type":"ListItem","position":1,"name":"Startseite","item":"https:\/\/buergerbus-steinfurt.de\/"},{"@type":"ListItem","position":2,"name":"Harmonische Weihnachtsfeier"}]},{"@type":"WebSite","@id":"https:\/\/buergerbus-steinfurt.de\/#website","url":"https:\/\/buergerbus-steinfurt.de\/","name":"B\u00dcRGERBUS STEINFURT","description":"","publisher":{"@id":"https:\/\/buergerbus-steinfurt.de\/#organization"},"potentialAction":[{"@type":"SearchAction","target":{"@type":"EntryPoint","urlTemplate":"https:\/\/buergerbus-steinfurt.de\/?s={search_term_string}"},"query-input":{"@type":"PropertyValueSpecification","valueRequired":true,"valueName":"search_term_string"}}],"inLanguage":"de"},{"@type":"Organization","@id":"https:\/\/buergerbus-steinfurt.de\/#organization","name":"B\u00fcrgerbus Steinfurt e.V.","url":"https:\/\/buergerbus-steinfurt.de\/","logo":{"@type":"ImageObject","inLanguage":"de","@id":"https:\/\/buergerbus-steinfurt.de\/#\/schema\/logo\/image\/","url":"https:\/\/buergerbus-steinfurt.de\/wp-content\/uploads\/2022\/08\/2bb-steinfurt-logo-neu.png","contentUrl":"https:\/\/buergerbus-steinfurt.de\/wp-content\/uploads\/2022\/08\/2bb-steinfurt-logo-neu.png","width":293,"height":75,"caption":"B\u00fcrgerbus Steinfurt e.V."},"image":{"@id":"https:\/\/buergerbus-steinfurt.de\/#\/schema\/logo\/image\/"}},{"@type":"Person","@id":"https:\/\/buergerbus-steinfurt.de\/#\/schema\/person\/d0df83117f05647dd427e2cec47c2195","name":"Reimar Bage","image":{"@type":"ImageObject","inLanguage":"de","@id":"https:\/\/secure.gravatar.com\/avatar\/39763b5f1cf57f5fba11a8cef91d12bcd5b654814054b4c246daa1f3737f8a35?s=96&d=mm&r=g","url":"https:\/\/secure.gravatar.com\/avatar\/39763b5f1cf57f5fba11a8cef91d12bcd5b654814054b4c246daa1f3737f8a35?s=96&d=mm&r=g","contentUrl":"https:\/\/secure.gravatar.com\/avatar\/39763b5f1cf57f5fba11a8cef91d12bcd5b654814054b4c246daa1f3737f8a35?s=96&d=mm&r=g","caption":"Reimar Bage"},"url":"https:\/\/buergerbus-steinfurt.de\/?author=3"}]}},"_links":{"self":[{"href":"https:\/\/buergerbus-steinfurt.de\/index.php?rest_route=\/wp\/v2\/posts\/4221","targetHints":{"allow":["GET"]}}],"collection":[{"href":"https:\/\/buergerbus-steinfurt.de\/index.php?rest_route=\/wp\/v2\/posts"}],"about":[{"href":"https:\/\/buergerbus-steinfurt.de\/index.php?rest_route=\/wp\/v2\/types\/post"}],"author":[{"embeddable":true,"href":"https:\/\/buergerbus-steinfurt.de\/index.php?rest_route=\/wp\/v2\/users\/3"}],"replies":[{"embeddable":true,"href":"https:\/\/buergerbus-steinfurt.de\/index.php?rest_route=%2Fwp%2Fv2%2Fcomments&post=4221"}],"version-history":[{"count":8,"href":"https:\/\/buergerbus-steinfurt.de\/index.php?rest_route=\/wp\/v2\/posts\/4221\/revisions"}],"predecessor-version":[{"id":4255,"href":"https:\/\/buergerbus-steinfurt.de\/index.php?rest_route=\/wp\/v2\/posts\/4221\/revisions\/4255"}],"wp:featuredmedia":[{"embeddable":true,"href":"https:\/\/buergerbus-steinfurt.de\/index.php?rest_route=\/wp\/v2\/media\/4228"}],"wp:attachment":[{"href":"https:\/\/buergerbus-steinfurt.de\/index.php?rest_route=%2Fwp%2Fv2%2Fmedia&parent=4221"}],"wp:term":[{"taxonomy":"category","embeddable":true,"href":"https:\/\/buergerbus-steinfurt.de\/index.php?rest_route=%2Fwp%2Fv2%2Fcategories&post=4221"},{"taxonomy":"post_tag","embeddable":true,"href":"https:\/\/buergerbus-steinfurt.de\/index.php?rest_route=%2Fwp%2Fv2%2Ftags&post=4221"}],"curies":[{"name":"wp","href":"https:\/\/api.w.org\/{rel}","templated":true}]}}