{"id":4198,"date":"2022-12-02T10:15:26","date_gmt":"2022-12-02T10:15:26","guid":{"rendered":"https:\/\/buergerbus-steinfurt.de\/?p=4198"},"modified":"2022-12-02T10:51:26","modified_gmt":"2022-12-02T10:51:26","slug":"fahrplanuebergabe-an-die-buergermeisterin","status":"publish","type":"post","link":"https:\/\/buergerbus-steinfurt.de\/?p=4198","title":{"rendered":"Fahrplan\u00fcbergabe an die B\u00fcrgermeisterin"},"content":{"rendered":"<p><img loading=\"lazy\" decoding=\"async\" class=\"alignnone wp-image-4200 size-full\" src=\"https:\/\/buergerbus-steinfurt.de\/wp-content\/uploads\/2022\/12\/Neuer-Fahrplan-scaled-e1669976233833.jpg\" alt=\"\" width=\"2560\" height=\"1920\" srcset=\"https:\/\/buergerbus-steinfurt.de\/wp-content\/uploads\/2022\/12\/Neuer-Fahrplan-scaled-e1669976233833.jpg 2560w, https:\/\/buergerbus-steinfurt.de\/wp-content\/uploads\/2022\/12\/Neuer-Fahrplan-scaled-e1669976233833-300x225.jpg 300w, https:\/\/buergerbus-steinfurt.de\/wp-content\/uploads\/2022\/12\/Neuer-Fahrplan-scaled-e1669976233833-1024x768.jpg 1024w, https:\/\/buergerbus-steinfurt.de\/wp-content\/uploads\/2022\/12\/Neuer-Fahrplan-scaled-e1669976233833-768x576.jpg 768w, https:\/\/buergerbus-steinfurt.de\/wp-content\/uploads\/2022\/12\/Neuer-Fahrplan-scaled-e1669976233833-1536x1152.jpg 1536w, https:\/\/buergerbus-steinfurt.de\/wp-content\/uploads\/2022\/12\/Neuer-Fahrplan-scaled-e1669976233833-2048x1536.jpg 2048w\" sizes=\"auto, (max-width: 2560px) 100vw, 2560px\" \/><\/p>\n<p><em>B\u00fcrgermeisterin Claudia B\u00f6gel-Hoyer (Mitte) erhielt vom Vorsitzenden Josef Greive (r) und seinem Stellvertreter Herbert Zellerhoff (l) den neuen Fahrplan des B\u00fcrgerbusses f\u00fcr das Jahr 2023<\/em><\/p>\n<p><strong>Steinfurt.<\/strong> Am Tag der elften Wiederkehr des Starts des B\u00fcrgerbusses Steinfurt (1. Dezember) \u00fcbergaben jetzt Vorsitzender Josef Greive und sein Stellvertreter Herbert Zellerhoff das druckfrische Exemplar des Fahrplans 2023 an B\u00fcrgermeisterin Claudia B\u00f6gel-Hoyer. Greive betonte, dass es im Jahr 2022 nach dem R\u00fcckgang wegen Corona mit den Fahrgastzahlen wieder aufw\u00e4rts geht. Es werden fast 10.000 sein, die dritth\u00f6chste Zahl in der Geschichte des B\u00fcrgerbusses Steinfurt e.V. Nur die Zahlen aus der Vor-Corona-Zeit 2018 und 2019 waren h\u00f6her.<\/p>\n<p>Bei der Fahrstrecke und beim Fahrplan bleibt im neuen Jahr alles beim Alten. Auch die Fahrpreise im B\u00fcrgerbus werden im Jahr 2023 nicht erh\u00f6ht. Viele der Fahrg\u00e4ste werden sehr durch stark steigende Preise bei Strom, Heizung, Lebensmitteln und Dingen des t\u00e4glichen Lebens betroffen sein. Der B\u00fcrgerbus Steinfurt e.V. will hier ein Zeichen setzen und es weiterhin erm\u00f6glichen, den B\u00fcrgerbus preiswert zu nutzen.<\/p>\n<p>B\u00fcrgermeisterin und Vorsitzender schreiben im gemeinsamen Vorwort: \u201eUnser besonderer Dank gilt allen Fahrerinnen und Fahrern, die ihre Arbeit unentgeltlich als Ehrenamt einbringen. Vier neue Fahrer konnten erfreulicherweise gewonnen werden. Aber auch die Mitglieder des Vereins, die zahlreichen Sponsoren und nat\u00fcrlich die t\u00e4glichen Fahrg\u00e4ste tragen zum Fortbestand des B\u00fcrgerbusses Steinfurt e.V. bei. Wir freuen uns auf viele weitere erfolgreiche Jahre des B\u00fcrgerbusses und w\u00fcnschen Ihnen immer eine gute Fahrt!\u201c<\/p>\n<p>Die neuen Fahrpl\u00e4ne sind an den \u00fcblichen Stellen ausgelegt und bei der n\u00e4chsten Fahrt im B\u00fcrgerbus erh\u00e4ltlich<\/p>\n<p>&nbsp;<\/p>\n<p><strong>\u00a0<\/strong><\/p>\n<p>&nbsp;<\/p>\n","protected":false},"excerpt":{"rendered":"<p>B\u00fcrgermeisterin Claudia B\u00f6gel-Hoyer (Mitte) erhielt vom Vorsitzenden Josef Greive (r) und seinem Stellvertreter Herbert Zellerhoff (l) den neuen Fahrplan des B\u00fcrgerbusses f\u00fcr das Jahr 2023 Steinfurt. Am Tag der elften &#8230;<\/p>\n","protected":false},"author":3,"featured_media":4208,"comment_status":"closed","ping_status":"closed","sticky":false,"template":"","format":"standard","meta":{"footnotes":""},"categories":[1],"tags":[],"class_list":["post-4198","post","type-post","status-publish","format-standard","has-post-thumbnail","hentry","category-uncategorized"],"yoast_head":"<!-- This site is optimized with the Yoast SEO plugin v27.5 - https:\/\/yoast.com\/product\/yoast-seo-wordpress\/ -->\n<title>Fahrplan\u00fcbergabe an die B\u00fcrgermeisterin - B\u00fcrgerbus Steinfurt %<\/title>\n<meta name=\"robots\" content=\"index, follow, max-snippet:-1, max-image-preview:large, max-video-preview:-1\" \/>\n<link rel=\"canonical\" href=\"https:\/\/buergerbus-steinfurt.de\/?p=4198\" \/>\n<meta property=\"og:locale\" content=\"de_DE\" \/>\n<meta property=\"og:type\" content=\"article\" \/>\n<meta property=\"og:title\" content=\"Fahrplan\u00fcbergabe an die B\u00fcrgermeisterin - B\u00fcrgerbus Steinfurt %\" \/>\n<meta property=\"og:description\" content=\"B\u00fcrgermeisterin Claudia B\u00f6gel-Hoyer (Mitte) erhielt vom Vorsitzenden Josef Greive (r) und seinem Stellvertreter Herbert Zellerhoff (l) den neuen Fahrplan des B\u00fcrgerbusses f\u00fcr das Jahr 2023 Steinfurt. Am Tag der elften ...\" \/>\n<meta property=\"og:url\" content=\"https:\/\/buergerbus-steinfurt.de\/?p=4198\" \/>\n<meta property=\"og:site_name\" content=\"B\u00fcrgerbus Steinfurt\" \/>\n<meta property=\"article:published_time\" content=\"2022-12-02T10:15:26+00:00\" \/>\n<meta property=\"article:modified_time\" content=\"2022-12-02T10:51:26+00:00\" \/>\n<meta property=\"og:image\" content=\"https:\/\/buergerbus-steinfurt.de\/wp-content\/uploads\/2022\/12\/Titelseite-Fahrplan.jpg\" \/>\n\t<meta property=\"og:image:width\" content=\"1930\" \/>\n\t<meta property=\"og:image:height\" content=\"1147\" \/>\n\t<meta property=\"og:image:type\" content=\"image\/jpeg\" \/>\n<meta name=\"author\" content=\"Reimar Bage\" \/>\n<meta name=\"twitter:card\" content=\"summary_large_image\" \/>\n<meta name=\"twitter:label1\" content=\"Verfasst von\" \/>\n\t<meta name=\"twitter:data1\" content=\"Reimar Bage\" \/>\n\t<meta name=\"twitter:label2\" content=\"Gesch\u00e4tzte Lesezeit\" \/>\n\t<meta name=\"twitter:data2\" content=\"2\u00a0Minuten\" \/>\n<script type=\"application\/ld+json\" class=\"yoast-schema-graph\">{\"@context\":\"https:\\\/\\\/schema.org\",\"@graph\":[{\"@type\":\"Article\",\"@id\":\"https:\\\/\\\/buergerbus-steinfurt.de\\\/?p=4198#article\",\"isPartOf\":{\"@id\":\"https:\\\/\\\/buergerbus-steinfurt.de\\\/?p=4198\"},\"author\":{\"name\":\"Reimar Bage\",\"@id\":\"https:\\\/\\\/buergerbus-steinfurt.de\\\/#\\\/schema\\\/person\\\/d0df83117f05647dd427e2cec47c2195\"},\"headline\":\"Fahrplan\u00fcbergabe an die B\u00fcrgermeisterin\",\"datePublished\":\"2022-12-02T10:15:26+00:00\",\"dateModified\":\"2022-12-02T10:51:26+00:00\",\"mainEntityOfPage\":{\"@id\":\"https:\\\/\\\/buergerbus-steinfurt.de\\\/?p=4198\"},\"wordCount\":282,\"publisher\":{\"@id\":\"https:\\\/\\\/buergerbus-steinfurt.de\\\/#organization\"},\"image\":{\"@id\":\"https:\\\/\\\/buergerbus-steinfurt.de\\\/?p=4198#primaryimage\"},\"thumbnailUrl\":\"https:\\\/\\\/buergerbus-steinfurt.de\\\/wp-content\\\/uploads\\\/2022\\\/12\\\/Titelseite-Fahrplan.jpg\",\"articleSection\":[\"Uncategorized\"],\"inLanguage\":\"de\"},{\"@type\":\"WebPage\",\"@id\":\"https:\\\/\\\/buergerbus-steinfurt.de\\\/?p=4198\",\"url\":\"https:\\\/\\\/buergerbus-steinfurt.de\\\/?p=4198\",\"name\":\"Fahrplan\u00fcbergabe an die B\u00fcrgermeisterin - B\u00fcrgerbus Steinfurt %\",\"isPartOf\":{\"@id\":\"https:\\\/\\\/buergerbus-steinfurt.de\\\/#website\"},\"primaryImageOfPage\":{\"@id\":\"https:\\\/\\\/buergerbus-steinfurt.de\\\/?p=4198#primaryimage\"},\"image\":{\"@id\":\"https:\\\/\\\/buergerbus-steinfurt.de\\\/?p=4198#primaryimage\"},\"thumbnailUrl\":\"https:\\\/\\\/buergerbus-steinfurt.de\\\/wp-content\\\/uploads\\\/2022\\\/12\\\/Titelseite-Fahrplan.jpg\",\"datePublished\":\"2022-12-02T10:15:26+00:00\",\"dateModified\":\"2022-12-02T10:51:26+00:00\",\"breadcrumb\":{\"@id\":\"https:\\\/\\\/buergerbus-steinfurt.de\\\/?p=4198#breadcrumb\"},\"inLanguage\":\"de\",\"potentialAction\":[{\"@type\":\"ReadAction\",\"target\":[\"https:\\\/\\\/buergerbus-steinfurt.de\\\/?p=4198\"]}]},{\"@type\":\"ImageObject\",\"inLanguage\":\"de\",\"@id\":\"https:\\\/\\\/buergerbus-steinfurt.de\\\/?p=4198#primaryimage\",\"url\":\"https:\\\/\\\/buergerbus-steinfurt.de\\\/wp-content\\\/uploads\\\/2022\\\/12\\\/Titelseite-Fahrplan.jpg\",\"contentUrl\":\"https:\\\/\\\/buergerbus-steinfurt.de\\\/wp-content\\\/uploads\\\/2022\\\/12\\\/Titelseite-Fahrplan.jpg\",\"width\":1930,\"height\":1147},{\"@type\":\"BreadcrumbList\",\"@id\":\"https:\\\/\\\/buergerbus-steinfurt.de\\\/?p=4198#breadcrumb\",\"itemListElement\":[{\"@type\":\"ListItem\",\"position\":1,\"name\":\"Startseite\",\"item\":\"https:\\\/\\\/buergerbus-steinfurt.de\\\/\"},{\"@type\":\"ListItem\",\"position\":2,\"name\":\"Fahrplan\u00fcbergabe an die B\u00fcrgermeisterin\"}]},{\"@type\":\"WebSite\",\"@id\":\"https:\\\/\\\/buergerbus-steinfurt.de\\\/#website\",\"url\":\"https:\\\/\\\/buergerbus-steinfurt.de\\\/\",\"name\":\"B\u00dcRGERBUS STEINFURT\",\"description\":\"\",\"publisher\":{\"@id\":\"https:\\\/\\\/buergerbus-steinfurt.de\\\/#organization\"},\"potentialAction\":[{\"@type\":\"SearchAction\",\"target\":{\"@type\":\"EntryPoint\",\"urlTemplate\":\"https:\\\/\\\/buergerbus-steinfurt.de\\\/?s={search_term_string}\"},\"query-input\":{\"@type\":\"PropertyValueSpecification\",\"valueRequired\":true,\"valueName\":\"search_term_string\"}}],\"inLanguage\":\"de\"},{\"@type\":\"Organization\",\"@id\":\"https:\\\/\\\/buergerbus-steinfurt.de\\\/#organization\",\"name\":\"B\u00fcrgerbus Steinfurt e.V.\",\"url\":\"https:\\\/\\\/buergerbus-steinfurt.de\\\/\",\"logo\":{\"@type\":\"ImageObject\",\"inLanguage\":\"de\",\"@id\":\"https:\\\/\\\/buergerbus-steinfurt.de\\\/#\\\/schema\\\/logo\\\/image\\\/\",\"url\":\"https:\\\/\\\/buergerbus-steinfurt.de\\\/wp-content\\\/uploads\\\/2022\\\/08\\\/2bb-steinfurt-logo-neu.png\",\"contentUrl\":\"https:\\\/\\\/buergerbus-steinfurt.de\\\/wp-content\\\/uploads\\\/2022\\\/08\\\/2bb-steinfurt-logo-neu.png\",\"width\":293,\"height\":75,\"caption\":\"B\u00fcrgerbus Steinfurt e.V.\"},\"image\":{\"@id\":\"https:\\\/\\\/buergerbus-steinfurt.de\\\/#\\\/schema\\\/logo\\\/image\\\/\"}},{\"@type\":\"Person\",\"@id\":\"https:\\\/\\\/buergerbus-steinfurt.de\\\/#\\\/schema\\\/person\\\/d0df83117f05647dd427e2cec47c2195\",\"name\":\"Reimar Bage\",\"image\":{\"@type\":\"ImageObject\",\"inLanguage\":\"de\",\"@id\":\"https:\\\/\\\/secure.gravatar.com\\\/avatar\\\/39763b5f1cf57f5fba11a8cef91d12bcd5b654814054b4c246daa1f3737f8a35?s=96&d=mm&r=g\",\"url\":\"https:\\\/\\\/secure.gravatar.com\\\/avatar\\\/39763b5f1cf57f5fba11a8cef91d12bcd5b654814054b4c246daa1f3737f8a35?s=96&d=mm&r=g\",\"contentUrl\":\"https:\\\/\\\/secure.gravatar.com\\\/avatar\\\/39763b5f1cf57f5fba11a8cef91d12bcd5b654814054b4c246daa1f3737f8a35?s=96&d=mm&r=g\",\"caption\":\"Reimar Bage\"},\"url\":\"https:\\\/\\\/buergerbus-steinfurt.de\\\/?author=3\"}]}<\/script>\n<!-- \/ Yoast SEO plugin. -->","yoast_head_json":{"title":"Fahrplan\u00fcbergabe an die B\u00fcrgermeisterin - B\u00fcrgerbus Steinfurt %","robots":{"index":"index","follow":"follow","max-snippet":"max-snippet:-1","max-image-preview":"max-image-preview:large","max-video-preview":"max-video-preview:-1"},"canonical":"https:\/\/buergerbus-steinfurt.de\/?p=4198","og_locale":"de_DE","og_type":"article","og_title":"Fahrplan\u00fcbergabe an die B\u00fcrgermeisterin - B\u00fcrgerbus Steinfurt %","og_description":"B\u00fcrgermeisterin Claudia B\u00f6gel-Hoyer (Mitte) erhielt vom Vorsitzenden Josef Greive (r) und seinem Stellvertreter Herbert Zellerhoff (l) den neuen Fahrplan des B\u00fcrgerbusses f\u00fcr das Jahr 2023 Steinfurt. Am Tag der elften ...","og_url":"https:\/\/buergerbus-steinfurt.de\/?p=4198","og_site_name":"B\u00fcrgerbus Steinfurt","article_published_time":"2022-12-02T10:15:26+00:00","article_modified_time":"2022-12-02T10:51:26+00:00","og_image":[{"width":1930,"height":1147,"url":"https:\/\/buergerbus-steinfurt.de\/wp-content\/uploads\/2022\/12\/Titelseite-Fahrplan.jpg","type":"image\/jpeg"}],"author":"Reimar Bage","twitter_card":"summary_large_image","twitter_misc":{"Verfasst von":"Reimar Bage","Gesch\u00e4tzte Lesezeit":"2\u00a0Minuten"},"schema":{"@context":"https:\/\/schema.org","@graph":[{"@type":"Article","@id":"https:\/\/buergerbus-steinfurt.de\/?p=4198#article","isPartOf":{"@id":"https:\/\/buergerbus-steinfurt.de\/?p=4198"},"author":{"name":"Reimar Bage","@id":"https:\/\/buergerbus-steinfurt.de\/#\/schema\/person\/d0df83117f05647dd427e2cec47c2195"},"headline":"Fahrplan\u00fcbergabe an die B\u00fcrgermeisterin","datePublished":"2022-12-02T10:15:26+00:00","dateModified":"2022-12-02T10:51:26+00:00","mainEntityOfPage":{"@id":"https:\/\/buergerbus-steinfurt.de\/?p=4198"},"wordCount":282,"publisher":{"@id":"https:\/\/buergerbus-steinfurt.de\/#organization"},"image":{"@id":"https:\/\/buergerbus-steinfurt.de\/?p=4198#primaryimage"},"thumbnailUrl":"https:\/\/buergerbus-steinfurt.de\/wp-content\/uploads\/2022\/12\/Titelseite-Fahrplan.jpg","articleSection":["Uncategorized"],"inLanguage":"de"},{"@type":"WebPage","@id":"https:\/\/buergerbus-steinfurt.de\/?p=4198","url":"https:\/\/buergerbus-steinfurt.de\/?p=4198","name":"Fahrplan\u00fcbergabe an die B\u00fcrgermeisterin - B\u00fcrgerbus Steinfurt %","isPartOf":{"@id":"https:\/\/buergerbus-steinfurt.de\/#website"},"primaryImageOfPage":{"@id":"https:\/\/buergerbus-steinfurt.de\/?p=4198#primaryimage"},"image":{"@id":"https:\/\/buergerbus-steinfurt.de\/?p=4198#primaryimage"},"thumbnailUrl":"https:\/\/buergerbus-steinfurt.de\/wp-content\/uploads\/2022\/12\/Titelseite-Fahrplan.jpg","datePublished":"2022-12-02T10:15:26+00:00","dateModified":"2022-12-02T10:51:26+00:00","breadcrumb":{"@id":"https:\/\/buergerbus-steinfurt.de\/?p=4198#breadcrumb"},"inLanguage":"de","potentialAction":[{"@type":"ReadAction","target":["https:\/\/buergerbus-steinfurt.de\/?p=4198"]}]},{"@type":"ImageObject","inLanguage":"de","@id":"https:\/\/buergerbus-steinfurt.de\/?p=4198#primaryimage","url":"https:\/\/buergerbus-steinfurt.de\/wp-content\/uploads\/2022\/12\/Titelseite-Fahrplan.jpg","contentUrl":"https:\/\/buergerbus-steinfurt.de\/wp-content\/uploads\/2022\/12\/Titelseite-Fahrplan.jpg","width":1930,"height":1147},{"@type":"BreadcrumbList","@id":"https:\/\/buergerbus-steinfurt.de\/?p=4198#breadcrumb","itemListElement":[{"@type":"ListItem","position":1,"name":"Startseite","item":"https:\/\/buergerbus-steinfurt.de\/"},{"@type":"ListItem","position":2,"name":"Fahrplan\u00fcbergabe an die B\u00fcrgermeisterin"}]},{"@type":"WebSite","@id":"https:\/\/buergerbus-steinfurt.de\/#website","url":"https:\/\/buergerbus-steinfurt.de\/","name":"B\u00dcRGERBUS STEINFURT","description":"","publisher":{"@id":"https:\/\/buergerbus-steinfurt.de\/#organization"},"potentialAction":[{"@type":"SearchAction","target":{"@type":"EntryPoint","urlTemplate":"https:\/\/buergerbus-steinfurt.de\/?s={search_term_string}"},"query-input":{"@type":"PropertyValueSpecification","valueRequired":true,"valueName":"search_term_string"}}],"inLanguage":"de"},{"@type":"Organization","@id":"https:\/\/buergerbus-steinfurt.de\/#organization","name":"B\u00fcrgerbus Steinfurt e.V.","url":"https:\/\/buergerbus-steinfurt.de\/","logo":{"@type":"ImageObject","inLanguage":"de","@id":"https:\/\/buergerbus-steinfurt.de\/#\/schema\/logo\/image\/","url":"https:\/\/buergerbus-steinfurt.de\/wp-content\/uploads\/2022\/08\/2bb-steinfurt-logo-neu.png","contentUrl":"https:\/\/buergerbus-steinfurt.de\/wp-content\/uploads\/2022\/08\/2bb-steinfurt-logo-neu.png","width":293,"height":75,"caption":"B\u00fcrgerbus Steinfurt e.V."},"image":{"@id":"https:\/\/buergerbus-steinfurt.de\/#\/schema\/logo\/image\/"}},{"@type":"Person","@id":"https:\/\/buergerbus-steinfurt.de\/#\/schema\/person\/d0df83117f05647dd427e2cec47c2195","name":"Reimar Bage","image":{"@type":"ImageObject","inLanguage":"de","@id":"https:\/\/secure.gravatar.com\/avatar\/39763b5f1cf57f5fba11a8cef91d12bcd5b654814054b4c246daa1f3737f8a35?s=96&d=mm&r=g","url":"https:\/\/secure.gravatar.com\/avatar\/39763b5f1cf57f5fba11a8cef91d12bcd5b654814054b4c246daa1f3737f8a35?s=96&d=mm&r=g","contentUrl":"https:\/\/secure.gravatar.com\/avatar\/39763b5f1cf57f5fba11a8cef91d12bcd5b654814054b4c246daa1f3737f8a35?s=96&d=mm&r=g","caption":"Reimar Bage"},"url":"https:\/\/buergerbus-steinfurt.de\/?author=3"}]}},"_links":{"self":[{"href":"https:\/\/buergerbus-steinfurt.de\/index.php?rest_route=\/wp\/v2\/posts\/4198","targetHints":{"allow":["GET"]}}],"collection":[{"href":"https:\/\/buergerbus-steinfurt.de\/index.php?rest_route=\/wp\/v2\/posts"}],"about":[{"href":"https:\/\/buergerbus-steinfurt.de\/index.php?rest_route=\/wp\/v2\/types\/post"}],"author":[{"embeddable":true,"href":"https:\/\/buergerbus-steinfurt.de\/index.php?rest_route=\/wp\/v2\/users\/3"}],"replies":[{"embeddable":true,"href":"https:\/\/buergerbus-steinfurt.de\/index.php?rest_route=%2Fwp%2Fv2%2Fcomments&post=4198"}],"version-history":[{"count":5,"href":"https:\/\/buergerbus-steinfurt.de\/index.php?rest_route=\/wp\/v2\/posts\/4198\/revisions"}],"predecessor-version":[{"id":4209,"href":"https:\/\/buergerbus-steinfurt.de\/index.php?rest_route=\/wp\/v2\/posts\/4198\/revisions\/4209"}],"wp:featuredmedia":[{"embeddable":true,"href":"https:\/\/buergerbus-steinfurt.de\/index.php?rest_route=\/wp\/v2\/media\/4208"}],"wp:attachment":[{"href":"https:\/\/buergerbus-steinfurt.de\/index.php?rest_route=%2Fwp%2Fv2%2Fmedia&parent=4198"}],"wp:term":[{"taxonomy":"category","embeddable":true,"href":"https:\/\/buergerbus-steinfurt.de\/index.php?rest_route=%2Fwp%2Fv2%2Fcategories&post=4198"},{"taxonomy":"post_tag","embeddable":true,"href":"https:\/\/buergerbus-steinfurt.de\/index.php?rest_route=%2Fwp%2Fv2%2Ftags&post=4198"}],"curies":[{"name":"wp","href":"https:\/\/api.w.org\/{rel}","templated":true}]}}