{"id":4087,"date":"2022-09-10T08:19:43","date_gmt":"2022-09-10T08:19:43","guid":{"rendered":"https:\/\/buergerbus-steinfurt.de\/?p=4087"},"modified":"2022-09-10T08:20:44","modified_gmt":"2022-09-10T08:20:44","slug":"buergerbusverein-feierte-sommerfest-auf-dem-vorstaedter-schuetzenplatz","status":"publish","type":"post","link":"https:\/\/buergerbus-steinfurt.de\/?p=4087","title":{"rendered":"B\u00fcrgerbusverein feierte Sommerfest  auf dem Vorst\u00e4dter Sch\u00fctzenplatz"},"content":{"rendered":"<p><img loading=\"lazy\" decoding=\"async\" class=\"alignnone wp-image-3940 size-full\" src=\"https:\/\/buergerbus-steinfurt.de\/wp-content\/uploads\/2022\/07\/IMG_4559-scaled.jpg\" alt=\"\" width=\"2560\" height=\"1707\" srcset=\"https:\/\/buergerbus-steinfurt.de\/wp-content\/uploads\/2022\/07\/IMG_4559-scaled.jpg 2560w, https:\/\/buergerbus-steinfurt.de\/wp-content\/uploads\/2022\/07\/IMG_4559-300x200.jpg 300w, https:\/\/buergerbus-steinfurt.de\/wp-content\/uploads\/2022\/07\/IMG_4559-1024x683.jpg 1024w, https:\/\/buergerbus-steinfurt.de\/wp-content\/uploads\/2022\/07\/IMG_4559-768x512.jpg 768w, https:\/\/buergerbus-steinfurt.de\/wp-content\/uploads\/2022\/07\/IMG_4559-1536x1024.jpg 1536w, https:\/\/buergerbus-steinfurt.de\/wp-content\/uploads\/2022\/07\/IMG_4559-2048x1365.jpg 2048w\" sizes=\"auto, (max-width: 2560px) 100vw, 2560px\" \/><\/p>\n<p><em>Vorsitzender Josef Greive (links) begr\u00fc\u00dfte als Gast stv. B\u00fcrgermeisterin Karin K\u00f6nig (rechts) beim Sommerfest auf dem Vorst\u00e4dter Sch\u00fctzenplatzgel\u00e4nde in Burgsteinfurt<\/em><\/p>\n<p><strong>Steinfurt.<\/strong> Zu seinem diesj\u00e4hrigen Sommerfest hatte der B\u00fcrgerbusverein Steinfurt seine Mitglieder auf das Festplatzgel\u00e4nde der Vorst\u00e4dter Sch\u00fctzen in Burgsteinfurt eingeladen. Vorsitzender Josef Greive freute sich in seiner Begr\u00fc\u00dfung \u00fcber die gute Beteiligung und hie\u00df als Ehreng\u00e4ste stellvertretende B\u00fcrgermeisterin Karin K\u00f6nig sowie Katja Eckmann vom Regionalverkehr M\u00fcnsterland (RVM) willkommen. Ein besonderer Gru\u00df galt dem Ehrenvorsitzenden Ferdinand Brust und Ehrenmitglied Manfred Entrup. F\u00fcr Rat und Verwaltung dankte Karin K\u00f6nig dem Verein f\u00fcr die nun schon \u00fcber 10j\u00e4hrige ehrenamtliche T\u00e4tigkeit beim stadtteilverbindenden Busbetrieb.<\/p>\n<p>Auch in diesem Jahr hatten wieder einige Sponsoren zum Gelingen des Fests beigetragen, wof\u00fcr Greive herzlich dankte. Ein besonderes Lob galt Herbert Zellerhoff, der die Veranstaltung vorbereitet hatte.<\/p>\n<p>Danach verlebten die Teilnehmer auf der sch\u00f6nen Anlage einige Stunden bei Grillwurst, Salaten und k\u00fchlen Getr\u00e4nken<\/p>\n<p><img loading=\"lazy\" decoding=\"async\" class=\"alignnone wp-image-3938 size-full\" src=\"https:\/\/buergerbus-steinfurt.de\/wp-content\/uploads\/2022\/07\/IMG_4569-Kopie-Kopie-scaled.jpg\" alt=\"\" width=\"2560\" height=\"1707\" srcset=\"https:\/\/buergerbus-steinfurt.de\/wp-content\/uploads\/2022\/07\/IMG_4569-Kopie-Kopie-scaled.jpg 2560w, https:\/\/buergerbus-steinfurt.de\/wp-content\/uploads\/2022\/07\/IMG_4569-Kopie-Kopie-300x200.jpg 300w, https:\/\/buergerbus-steinfurt.de\/wp-content\/uploads\/2022\/07\/IMG_4569-Kopie-Kopie-1024x683.jpg 1024w, https:\/\/buergerbus-steinfurt.de\/wp-content\/uploads\/2022\/07\/IMG_4569-Kopie-Kopie-768x512.jpg 768w, https:\/\/buergerbus-steinfurt.de\/wp-content\/uploads\/2022\/07\/IMG_4569-Kopie-Kopie-1536x1024.jpg 1536w, https:\/\/buergerbus-steinfurt.de\/wp-content\/uploads\/2022\/07\/IMG_4569-Kopie-Kopie-2048x1365.jpg 2048w\" sizes=\"auto, (max-width: 2560px) 100vw, 2560px\" \/><\/p>\n<p><em>Herbert Zellerhoff (Bildmitte) erl\u00e4utert den Ablauf des Sommerfests<\/em><\/p>\n<p><img loading=\"lazy\" decoding=\"async\" class=\"wp-image-3943 size-full alignnone\" src=\"https:\/\/buergerbus-steinfurt.de\/wp-content\/uploads\/2022\/07\/IMG_4548-scaled.jpg\" alt=\"\" width=\"2560\" height=\"1707\" srcset=\"https:\/\/buergerbus-steinfurt.de\/wp-content\/uploads\/2022\/07\/IMG_4548-scaled.jpg 2560w, https:\/\/buergerbus-steinfurt.de\/wp-content\/uploads\/2022\/07\/IMG_4548-300x200.jpg 300w, https:\/\/buergerbus-steinfurt.de\/wp-content\/uploads\/2022\/07\/IMG_4548-1024x683.jpg 1024w, https:\/\/buergerbus-steinfurt.de\/wp-content\/uploads\/2022\/07\/IMG_4548-768x512.jpg 768w, https:\/\/buergerbus-steinfurt.de\/wp-content\/uploads\/2022\/07\/IMG_4548-1536x1024.jpg 1536w, https:\/\/buergerbus-steinfurt.de\/wp-content\/uploads\/2022\/07\/IMG_4548-2048x1365.jpg 2048w\" sizes=\"auto, (max-width: 2560px) 100vw, 2560px\" \/> <img loading=\"lazy\" decoding=\"async\" class=\"alignnone wp-image-3942 size-full\" src=\"https:\/\/buergerbus-steinfurt.de\/wp-content\/uploads\/2022\/07\/IMG_0760-scaled.jpg\" alt=\"\" width=\"2560\" height=\"1920\" srcset=\"https:\/\/buergerbus-steinfurt.de\/wp-content\/uploads\/2022\/07\/IMG_0760-scaled.jpg 2560w, https:\/\/buergerbus-steinfurt.de\/wp-content\/uploads\/2022\/07\/IMG_0760-300x225.jpg 300w, https:\/\/buergerbus-steinfurt.de\/wp-content\/uploads\/2022\/07\/IMG_0760-1024x768.jpg 1024w, https:\/\/buergerbus-steinfurt.de\/wp-content\/uploads\/2022\/07\/IMG_0760-768x576.jpg 768w, https:\/\/buergerbus-steinfurt.de\/wp-content\/uploads\/2022\/07\/IMG_0760-1536x1152.jpg 1536w, https:\/\/buergerbus-steinfurt.de\/wp-content\/uploads\/2022\/07\/IMG_0760-2048x1536.jpg 2048w\" sizes=\"auto, (max-width: 2560px) 100vw, 2560px\" \/> <img loading=\"lazy\" decoding=\"async\" class=\"alignnone wp-image-3941 size-full\" src=\"https:\/\/buergerbus-steinfurt.de\/wp-content\/uploads\/2022\/07\/IMG_0759-scaled.jpg\" alt=\"\" width=\"2560\" height=\"1920\" srcset=\"https:\/\/buergerbus-steinfurt.de\/wp-content\/uploads\/2022\/07\/IMG_0759-scaled.jpg 2560w, https:\/\/buergerbus-steinfurt.de\/wp-content\/uploads\/2022\/07\/IMG_0759-300x225.jpg 300w, https:\/\/buergerbus-steinfurt.de\/wp-content\/uploads\/2022\/07\/IMG_0759-1024x768.jpg 1024w, https:\/\/buergerbus-steinfurt.de\/wp-content\/uploads\/2022\/07\/IMG_0759-768x576.jpg 768w, https:\/\/buergerbus-steinfurt.de\/wp-content\/uploads\/2022\/07\/IMG_0759-1536x1152.jpg 1536w, https:\/\/buergerbus-steinfurt.de\/wp-content\/uploads\/2022\/07\/IMG_0759-2048x1536.jpg 2048w\" sizes=\"auto, (max-width: 2560px) 100vw, 2560px\" \/> <img loading=\"lazy\" decoding=\"async\" class=\"alignnone wp-image-3935 size-full\" src=\"https:\/\/buergerbus-steinfurt.de\/wp-content\/uploads\/2022\/07\/IMG_0757-Kopie-Kopie-scaled.jpg\" alt=\"\" width=\"2560\" height=\"1920\" srcset=\"https:\/\/buergerbus-steinfurt.de\/wp-content\/uploads\/2022\/07\/IMG_0757-Kopie-Kopie-scaled.jpg 2560w, https:\/\/buergerbus-steinfurt.de\/wp-content\/uploads\/2022\/07\/IMG_0757-Kopie-Kopie-300x225.jpg 300w, https:\/\/buergerbus-steinfurt.de\/wp-content\/uploads\/2022\/07\/IMG_0757-Kopie-Kopie-1024x768.jpg 1024w, https:\/\/buergerbus-steinfurt.de\/wp-content\/uploads\/2022\/07\/IMG_0757-Kopie-Kopie-768x576.jpg 768w, https:\/\/buergerbus-steinfurt.de\/wp-content\/uploads\/2022\/07\/IMG_0757-Kopie-Kopie-1536x1152.jpg 1536w, https:\/\/buergerbus-steinfurt.de\/wp-content\/uploads\/2022\/07\/IMG_0757-Kopie-Kopie-2048x1536.jpg 2048w\" sizes=\"auto, (max-width: 2560px) 100vw, 2560px\" \/><\/p>\n","protected":false},"excerpt":{"rendered":"<p>Vorsitzender Josef Greive (links) begr\u00fc\u00dfte als Gast stv. B\u00fcrgermeisterin Karin K\u00f6nig (rechts) beim Sommerfest auf dem Vorst\u00e4dter Sch\u00fctzenplatzgel\u00e4nde in Burgsteinfurt Steinfurt. Zu seinem diesj\u00e4hrigen Sommerfest hatte der B\u00fcrgerbusverein Steinfurt seine &#8230;<\/p>\n","protected":false},"author":3,"featured_media":3937,"comment_status":"closed","ping_status":"closed","sticky":false,"template":"","format":"standard","meta":{"footnotes":""},"categories":[1],"tags":[],"class_list":["post-4087","post","type-post","status-publish","format-standard","has-post-thumbnail","hentry","category-uncategorized"],"yoast_head":"<!-- This site is optimized with the Yoast SEO plugin v27.5 - https:\/\/yoast.com\/product\/yoast-seo-wordpress\/ -->\n<title>B\u00fcrgerbusverein feierte Sommerfest auf dem Vorst\u00e4dter Sch\u00fctzenplatz - B\u00fcrgerbus Steinfurt %<\/title>\n<meta name=\"robots\" content=\"index, follow, max-snippet:-1, max-image-preview:large, max-video-preview:-1\" \/>\n<link rel=\"canonical\" href=\"https:\/\/buergerbus-steinfurt.de\/?p=4087\" \/>\n<meta property=\"og:locale\" content=\"de_DE\" \/>\n<meta property=\"og:type\" content=\"article\" \/>\n<meta property=\"og:title\" content=\"B\u00fcrgerbusverein feierte Sommerfest auf dem Vorst\u00e4dter Sch\u00fctzenplatz - B\u00fcrgerbus Steinfurt %\" \/>\n<meta property=\"og:description\" content=\"Vorsitzender Josef Greive (links) begr\u00fc\u00dfte als Gast stv. B\u00fcrgermeisterin Karin K\u00f6nig (rechts) beim Sommerfest auf dem Vorst\u00e4dter Sch\u00fctzenplatzgel\u00e4nde in Burgsteinfurt Steinfurt. Zu seinem diesj\u00e4hrigen Sommerfest hatte der B\u00fcrgerbusverein Steinfurt seine ...\" \/>\n<meta property=\"og:url\" content=\"https:\/\/buergerbus-steinfurt.de\/?p=4087\" \/>\n<meta property=\"og:site_name\" content=\"B\u00fcrgerbus Steinfurt\" \/>\n<meta property=\"article:published_time\" content=\"2022-09-10T08:19:43+00:00\" \/>\n<meta property=\"article:modified_time\" content=\"2022-09-10T08:20:44+00:00\" \/>\n<meta property=\"og:image\" content=\"https:\/\/buergerbus-steinfurt.de\/wp-content\/uploads\/2022\/07\/IMG_4563-Kopie-Kopie-scaled.jpg\" \/>\n\t<meta property=\"og:image:width\" content=\"2560\" \/>\n\t<meta property=\"og:image:height\" content=\"1707\" \/>\n\t<meta property=\"og:image:type\" content=\"image\/jpeg\" \/>\n<meta name=\"author\" content=\"Reimar Bage\" \/>\n<meta name=\"twitter:card\" content=\"summary_large_image\" \/>\n<meta name=\"twitter:label1\" content=\"Verfasst von\" \/>\n\t<meta name=\"twitter:data1\" content=\"Reimar Bage\" \/>\n\t<meta name=\"twitter:label2\" content=\"Gesch\u00e4tzte Lesezeit\" \/>\n\t<meta name=\"twitter:data2\" content=\"3\u00a0Minuten\" \/>\n<script type=\"application\/ld+json\" class=\"yoast-schema-graph\">{\"@context\":\"https:\\\/\\\/schema.org\",\"@graph\":[{\"@type\":\"Article\",\"@id\":\"https:\\\/\\\/buergerbus-steinfurt.de\\\/?p=4087#article\",\"isPartOf\":{\"@id\":\"https:\\\/\\\/buergerbus-steinfurt.de\\\/?p=4087\"},\"author\":{\"name\":\"Reimar Bage\",\"@id\":\"https:\\\/\\\/buergerbus-steinfurt.de\\\/#\\\/schema\\\/person\\\/d0df83117f05647dd427e2cec47c2195\"},\"headline\":\"B\u00fcrgerbusverein feierte Sommerfest auf dem Vorst\u00e4dter Sch\u00fctzenplatz\",\"datePublished\":\"2022-09-10T08:19:43+00:00\",\"dateModified\":\"2022-09-10T08:20:44+00:00\",\"mainEntityOfPage\":{\"@id\":\"https:\\\/\\\/buergerbus-steinfurt.de\\\/?p=4087\"},\"wordCount\":188,\"publisher\":{\"@id\":\"https:\\\/\\\/buergerbus-steinfurt.de\\\/#organization\"},\"image\":{\"@id\":\"https:\\\/\\\/buergerbus-steinfurt.de\\\/?p=4087#primaryimage\"},\"thumbnailUrl\":\"https:\\\/\\\/buergerbus-steinfurt.de\\\/wp-content\\\/uploads\\\/2022\\\/07\\\/IMG_4563-Kopie-Kopie-scaled.jpg\",\"articleSection\":[\"Uncategorized\"],\"inLanguage\":\"de\"},{\"@type\":\"WebPage\",\"@id\":\"https:\\\/\\\/buergerbus-steinfurt.de\\\/?p=4087\",\"url\":\"https:\\\/\\\/buergerbus-steinfurt.de\\\/?p=4087\",\"name\":\"B\u00fcrgerbusverein feierte Sommerfest auf dem Vorst\u00e4dter Sch\u00fctzenplatz - B\u00fcrgerbus Steinfurt %\",\"isPartOf\":{\"@id\":\"https:\\\/\\\/buergerbus-steinfurt.de\\\/#website\"},\"primaryImageOfPage\":{\"@id\":\"https:\\\/\\\/buergerbus-steinfurt.de\\\/?p=4087#primaryimage\"},\"image\":{\"@id\":\"https:\\\/\\\/buergerbus-steinfurt.de\\\/?p=4087#primaryimage\"},\"thumbnailUrl\":\"https:\\\/\\\/buergerbus-steinfurt.de\\\/wp-content\\\/uploads\\\/2022\\\/07\\\/IMG_4563-Kopie-Kopie-scaled.jpg\",\"datePublished\":\"2022-09-10T08:19:43+00:00\",\"dateModified\":\"2022-09-10T08:20:44+00:00\",\"breadcrumb\":{\"@id\":\"https:\\\/\\\/buergerbus-steinfurt.de\\\/?p=4087#breadcrumb\"},\"inLanguage\":\"de\",\"potentialAction\":[{\"@type\":\"ReadAction\",\"target\":[\"https:\\\/\\\/buergerbus-steinfurt.de\\\/?p=4087\"]}]},{\"@type\":\"ImageObject\",\"inLanguage\":\"de\",\"@id\":\"https:\\\/\\\/buergerbus-steinfurt.de\\\/?p=4087#primaryimage\",\"url\":\"https:\\\/\\\/buergerbus-steinfurt.de\\\/wp-content\\\/uploads\\\/2022\\\/07\\\/IMG_4563-Kopie-Kopie-scaled.jpg\",\"contentUrl\":\"https:\\\/\\\/buergerbus-steinfurt.de\\\/wp-content\\\/uploads\\\/2022\\\/07\\\/IMG_4563-Kopie-Kopie-scaled.jpg\",\"width\":2560,\"height\":1707},{\"@type\":\"BreadcrumbList\",\"@id\":\"https:\\\/\\\/buergerbus-steinfurt.de\\\/?p=4087#breadcrumb\",\"itemListElement\":[{\"@type\":\"ListItem\",\"position\":1,\"name\":\"Startseite\",\"item\":\"https:\\\/\\\/buergerbus-steinfurt.de\\\/\"},{\"@type\":\"ListItem\",\"position\":2,\"name\":\"B\u00fcrgerbusverein feierte Sommerfest auf dem Vorst\u00e4dter Sch\u00fctzenplatz\"}]},{\"@type\":\"WebSite\",\"@id\":\"https:\\\/\\\/buergerbus-steinfurt.de\\\/#website\",\"url\":\"https:\\\/\\\/buergerbus-steinfurt.de\\\/\",\"name\":\"B\u00dcRGERBUS STEINFURT\",\"description\":\"\",\"publisher\":{\"@id\":\"https:\\\/\\\/buergerbus-steinfurt.de\\\/#organization\"},\"potentialAction\":[{\"@type\":\"SearchAction\",\"target\":{\"@type\":\"EntryPoint\",\"urlTemplate\":\"https:\\\/\\\/buergerbus-steinfurt.de\\\/?s={search_term_string}\"},\"query-input\":{\"@type\":\"PropertyValueSpecification\",\"valueRequired\":true,\"valueName\":\"search_term_string\"}}],\"inLanguage\":\"de\"},{\"@type\":\"Organization\",\"@id\":\"https:\\\/\\\/buergerbus-steinfurt.de\\\/#organization\",\"name\":\"B\u00fcrgerbus Steinfurt e.V.\",\"url\":\"https:\\\/\\\/buergerbus-steinfurt.de\\\/\",\"logo\":{\"@type\":\"ImageObject\",\"inLanguage\":\"de\",\"@id\":\"https:\\\/\\\/buergerbus-steinfurt.de\\\/#\\\/schema\\\/logo\\\/image\\\/\",\"url\":\"https:\\\/\\\/buergerbus-steinfurt.de\\\/wp-content\\\/uploads\\\/2022\\\/08\\\/2bb-steinfurt-logo-neu.png\",\"contentUrl\":\"https:\\\/\\\/buergerbus-steinfurt.de\\\/wp-content\\\/uploads\\\/2022\\\/08\\\/2bb-steinfurt-logo-neu.png\",\"width\":293,\"height\":75,\"caption\":\"B\u00fcrgerbus Steinfurt e.V.\"},\"image\":{\"@id\":\"https:\\\/\\\/buergerbus-steinfurt.de\\\/#\\\/schema\\\/logo\\\/image\\\/\"}},{\"@type\":\"Person\",\"@id\":\"https:\\\/\\\/buergerbus-steinfurt.de\\\/#\\\/schema\\\/person\\\/d0df83117f05647dd427e2cec47c2195\",\"name\":\"Reimar Bage\",\"image\":{\"@type\":\"ImageObject\",\"inLanguage\":\"de\",\"@id\":\"https:\\\/\\\/secure.gravatar.com\\\/avatar\\\/39763b5f1cf57f5fba11a8cef91d12bcd5b654814054b4c246daa1f3737f8a35?s=96&d=mm&r=g\",\"url\":\"https:\\\/\\\/secure.gravatar.com\\\/avatar\\\/39763b5f1cf57f5fba11a8cef91d12bcd5b654814054b4c246daa1f3737f8a35?s=96&d=mm&r=g\",\"contentUrl\":\"https:\\\/\\\/secure.gravatar.com\\\/avatar\\\/39763b5f1cf57f5fba11a8cef91d12bcd5b654814054b4c246daa1f3737f8a35?s=96&d=mm&r=g\",\"caption\":\"Reimar Bage\"},\"url\":\"https:\\\/\\\/buergerbus-steinfurt.de\\\/?author=3\"}]}<\/script>\n<!-- \/ Yoast SEO plugin. -->","yoast_head_json":{"title":"B\u00fcrgerbusverein feierte Sommerfest auf dem Vorst\u00e4dter Sch\u00fctzenplatz - B\u00fcrgerbus Steinfurt %","robots":{"index":"index","follow":"follow","max-snippet":"max-snippet:-1","max-image-preview":"max-image-preview:large","max-video-preview":"max-video-preview:-1"},"canonical":"https:\/\/buergerbus-steinfurt.de\/?p=4087","og_locale":"de_DE","og_type":"article","og_title":"B\u00fcrgerbusverein feierte Sommerfest auf dem Vorst\u00e4dter Sch\u00fctzenplatz - B\u00fcrgerbus Steinfurt %","og_description":"Vorsitzender Josef Greive (links) begr\u00fc\u00dfte als Gast stv. B\u00fcrgermeisterin Karin K\u00f6nig (rechts) beim Sommerfest auf dem Vorst\u00e4dter Sch\u00fctzenplatzgel\u00e4nde in Burgsteinfurt Steinfurt. Zu seinem diesj\u00e4hrigen Sommerfest hatte der B\u00fcrgerbusverein Steinfurt seine ...","og_url":"https:\/\/buergerbus-steinfurt.de\/?p=4087","og_site_name":"B\u00fcrgerbus Steinfurt","article_published_time":"2022-09-10T08:19:43+00:00","article_modified_time":"2022-09-10T08:20:44+00:00","og_image":[{"width":2560,"height":1707,"url":"https:\/\/buergerbus-steinfurt.de\/wp-content\/uploads\/2022\/07\/IMG_4563-Kopie-Kopie-scaled.jpg","type":"image\/jpeg"}],"author":"Reimar Bage","twitter_card":"summary_large_image","twitter_misc":{"Verfasst von":"Reimar Bage","Gesch\u00e4tzte Lesezeit":"3\u00a0Minuten"},"schema":{"@context":"https:\/\/schema.org","@graph":[{"@type":"Article","@id":"https:\/\/buergerbus-steinfurt.de\/?p=4087#article","isPartOf":{"@id":"https:\/\/buergerbus-steinfurt.de\/?p=4087"},"author":{"name":"Reimar Bage","@id":"https:\/\/buergerbus-steinfurt.de\/#\/schema\/person\/d0df83117f05647dd427e2cec47c2195"},"headline":"B\u00fcrgerbusverein feierte Sommerfest auf dem Vorst\u00e4dter Sch\u00fctzenplatz","datePublished":"2022-09-10T08:19:43+00:00","dateModified":"2022-09-10T08:20:44+00:00","mainEntityOfPage":{"@id":"https:\/\/buergerbus-steinfurt.de\/?p=4087"},"wordCount":188,"publisher":{"@id":"https:\/\/buergerbus-steinfurt.de\/#organization"},"image":{"@id":"https:\/\/buergerbus-steinfurt.de\/?p=4087#primaryimage"},"thumbnailUrl":"https:\/\/buergerbus-steinfurt.de\/wp-content\/uploads\/2022\/07\/IMG_4563-Kopie-Kopie-scaled.jpg","articleSection":["Uncategorized"],"inLanguage":"de"},{"@type":"WebPage","@id":"https:\/\/buergerbus-steinfurt.de\/?p=4087","url":"https:\/\/buergerbus-steinfurt.de\/?p=4087","name":"B\u00fcrgerbusverein feierte Sommerfest auf dem Vorst\u00e4dter Sch\u00fctzenplatz - B\u00fcrgerbus Steinfurt %","isPartOf":{"@id":"https:\/\/buergerbus-steinfurt.de\/#website"},"primaryImageOfPage":{"@id":"https:\/\/buergerbus-steinfurt.de\/?p=4087#primaryimage"},"image":{"@id":"https:\/\/buergerbus-steinfurt.de\/?p=4087#primaryimage"},"thumbnailUrl":"https:\/\/buergerbus-steinfurt.de\/wp-content\/uploads\/2022\/07\/IMG_4563-Kopie-Kopie-scaled.jpg","datePublished":"2022-09-10T08:19:43+00:00","dateModified":"2022-09-10T08:20:44+00:00","breadcrumb":{"@id":"https:\/\/buergerbus-steinfurt.de\/?p=4087#breadcrumb"},"inLanguage":"de","potentialAction":[{"@type":"ReadAction","target":["https:\/\/buergerbus-steinfurt.de\/?p=4087"]}]},{"@type":"ImageObject","inLanguage":"de","@id":"https:\/\/buergerbus-steinfurt.de\/?p=4087#primaryimage","url":"https:\/\/buergerbus-steinfurt.de\/wp-content\/uploads\/2022\/07\/IMG_4563-Kopie-Kopie-scaled.jpg","contentUrl":"https:\/\/buergerbus-steinfurt.de\/wp-content\/uploads\/2022\/07\/IMG_4563-Kopie-Kopie-scaled.jpg","width":2560,"height":1707},{"@type":"BreadcrumbList","@id":"https:\/\/buergerbus-steinfurt.de\/?p=4087#breadcrumb","itemListElement":[{"@type":"ListItem","position":1,"name":"Startseite","item":"https:\/\/buergerbus-steinfurt.de\/"},{"@type":"ListItem","position":2,"name":"B\u00fcrgerbusverein feierte Sommerfest auf dem Vorst\u00e4dter Sch\u00fctzenplatz"}]},{"@type":"WebSite","@id":"https:\/\/buergerbus-steinfurt.de\/#website","url":"https:\/\/buergerbus-steinfurt.de\/","name":"B\u00dcRGERBUS STEINFURT","description":"","publisher":{"@id":"https:\/\/buergerbus-steinfurt.de\/#organization"},"potentialAction":[{"@type":"SearchAction","target":{"@type":"EntryPoint","urlTemplate":"https:\/\/buergerbus-steinfurt.de\/?s={search_term_string}"},"query-input":{"@type":"PropertyValueSpecification","valueRequired":true,"valueName":"search_term_string"}}],"inLanguage":"de"},{"@type":"Organization","@id":"https:\/\/buergerbus-steinfurt.de\/#organization","name":"B\u00fcrgerbus Steinfurt e.V.","url":"https:\/\/buergerbus-steinfurt.de\/","logo":{"@type":"ImageObject","inLanguage":"de","@id":"https:\/\/buergerbus-steinfurt.de\/#\/schema\/logo\/image\/","url":"https:\/\/buergerbus-steinfurt.de\/wp-content\/uploads\/2022\/08\/2bb-steinfurt-logo-neu.png","contentUrl":"https:\/\/buergerbus-steinfurt.de\/wp-content\/uploads\/2022\/08\/2bb-steinfurt-logo-neu.png","width":293,"height":75,"caption":"B\u00fcrgerbus Steinfurt e.V."},"image":{"@id":"https:\/\/buergerbus-steinfurt.de\/#\/schema\/logo\/image\/"}},{"@type":"Person","@id":"https:\/\/buergerbus-steinfurt.de\/#\/schema\/person\/d0df83117f05647dd427e2cec47c2195","name":"Reimar Bage","image":{"@type":"ImageObject","inLanguage":"de","@id":"https:\/\/secure.gravatar.com\/avatar\/39763b5f1cf57f5fba11a8cef91d12bcd5b654814054b4c246daa1f3737f8a35?s=96&d=mm&r=g","url":"https:\/\/secure.gravatar.com\/avatar\/39763b5f1cf57f5fba11a8cef91d12bcd5b654814054b4c246daa1f3737f8a35?s=96&d=mm&r=g","contentUrl":"https:\/\/secure.gravatar.com\/avatar\/39763b5f1cf57f5fba11a8cef91d12bcd5b654814054b4c246daa1f3737f8a35?s=96&d=mm&r=g","caption":"Reimar Bage"},"url":"https:\/\/buergerbus-steinfurt.de\/?author=3"}]}},"_links":{"self":[{"href":"https:\/\/buergerbus-steinfurt.de\/index.php?rest_route=\/wp\/v2\/posts\/4087","targetHints":{"allow":["GET"]}}],"collection":[{"href":"https:\/\/buergerbus-steinfurt.de\/index.php?rest_route=\/wp\/v2\/posts"}],"about":[{"href":"https:\/\/buergerbus-steinfurt.de\/index.php?rest_route=\/wp\/v2\/types\/post"}],"author":[{"embeddable":true,"href":"https:\/\/buergerbus-steinfurt.de\/index.php?rest_route=\/wp\/v2\/users\/3"}],"replies":[{"embeddable":true,"href":"https:\/\/buergerbus-steinfurt.de\/index.php?rest_route=%2Fwp%2Fv2%2Fcomments&post=4087"}],"version-history":[{"count":2,"href":"https:\/\/buergerbus-steinfurt.de\/index.php?rest_route=\/wp\/v2\/posts\/4087\/revisions"}],"predecessor-version":[{"id":4089,"href":"https:\/\/buergerbus-steinfurt.de\/index.php?rest_route=\/wp\/v2\/posts\/4087\/revisions\/4089"}],"wp:featuredmedia":[{"embeddable":true,"href":"https:\/\/buergerbus-steinfurt.de\/index.php?rest_route=\/wp\/v2\/media\/3937"}],"wp:attachment":[{"href":"https:\/\/buergerbus-steinfurt.de\/index.php?rest_route=%2Fwp%2Fv2%2Fmedia&parent=4087"}],"wp:term":[{"taxonomy":"category","embeddable":true,"href":"https:\/\/buergerbus-steinfurt.de\/index.php?rest_route=%2Fwp%2Fv2%2Fcategories&post=4087"},{"taxonomy":"post_tag","embeddable":true,"href":"https:\/\/buergerbus-steinfurt.de\/index.php?rest_route=%2Fwp%2Fv2%2Ftags&post=4087"}],"curies":[{"name":"wp","href":"https:\/\/api.w.org\/{rel}","templated":true}]}}