{"id":3882,"date":"2022-05-31T09:11:18","date_gmt":"2022-05-31T09:11:18","guid":{"rendered":"https:\/\/buergerbus-steinfurt.de\/?p=3882"},"modified":"2022-09-09T11:41:36","modified_gmt":"2022-09-09T11:41:36","slug":"sparschwein-im-buergerbus-geschlachtet-2","status":"publish","type":"post","link":"https:\/\/buergerbus-steinfurt.de\/?p=3882","title":{"rendered":"Sparschwein im B\u00fcrgerbus \u201egeschlachtet\u201c"},"content":{"rendered":"<p><strong><img loading=\"lazy\" decoding=\"async\" class=\"alignnone wp-image-3884 size-full\" src=\"https:\/\/buergerbus-steinfurt.de\/wp-content\/uploads\/2022\/05\/Sparschwein-1-scaled.jpg\" alt=\"\" width=\"2560\" height=\"1326\" srcset=\"https:\/\/buergerbus-steinfurt.de\/wp-content\/uploads\/2022\/05\/Sparschwein-1-scaled.jpg 2560w, https:\/\/buergerbus-steinfurt.de\/wp-content\/uploads\/2022\/05\/Sparschwein-1-300x155.jpg 300w, https:\/\/buergerbus-steinfurt.de\/wp-content\/uploads\/2022\/05\/Sparschwein-1-1024x530.jpg 1024w, https:\/\/buergerbus-steinfurt.de\/wp-content\/uploads\/2022\/05\/Sparschwein-1-768x398.jpg 768w, https:\/\/buergerbus-steinfurt.de\/wp-content\/uploads\/2022\/05\/Sparschwein-1-1536x795.jpg 1536w, https:\/\/buergerbus-steinfurt.de\/wp-content\/uploads\/2022\/05\/Sparschwein-1-2048x1060.jpg 2048w\" sizes=\"auto, (max-width: 2560px) 100vw, 2560px\" \/>\u00a0<\/strong><\/p>\n<p>Erneut haben die Fahrerinnen und Fahrer des B\u00fcrgerbusses Steinfurt &#8222;Schlachtfest&#8220; gefeiert. Seit 2019 haben viele Fahrg\u00e4ste aus verschiedensten Gr\u00fcnden &#8211; vorrangig aber wegen der freundliche Hilfe und des uneigenn\u00fctzigen Einsatzes &#8211; das Sparschwein mit Spenden &#8222;gef\u00fcttert&#8220;, das auf dem Fahrertisch steht. Jetzt hatte das Team Gelegenheit, den ansehnlichen Inhalt in kulinarische K\u00f6stlichkeiten zu verwandeln. Dazu traf man sich zu einem Spargelb\u00fcfett im Caf\u00e9 Probst in Burgsteinfurt. Dort begr\u00fc\u00dfte Vorsitzender Ferdinand Brust Fahrerinnen und Fahrer und dankten allen f\u00fcr den ehrenamtlichen Einsatz. Nach der Spargelcremesuppe zum Auftakt gab es anschlie\u00dfend Spargel satt mit verschiedensten Beilagen und So\u00dfen. Und zum Abschluss konnte man noch ein leckeres Dessert-B\u00fcfett pl\u00fcndern. Bei verschiedenen Getr\u00e4nken verbrachten die Frauen und M\u00e4nner des B\u00fcrgerbus-Teams noch einige harmonische Stunden.<\/p>\n<p><img loading=\"lazy\" decoding=\"async\" class=\"alignnone wp-image-3886 size-full\" src=\"https:\/\/buergerbus-steinfurt.de\/wp-content\/uploads\/2022\/05\/Sparschwein4-scaled.jpg\" alt=\"\" width=\"2560\" height=\"1160\" srcset=\"https:\/\/buergerbus-steinfurt.de\/wp-content\/uploads\/2022\/05\/Sparschwein4-scaled.jpg 2560w, https:\/\/buergerbus-steinfurt.de\/wp-content\/uploads\/2022\/05\/Sparschwein4-300x136.jpg 300w, https:\/\/buergerbus-steinfurt.de\/wp-content\/uploads\/2022\/05\/Sparschwein4-1024x464.jpg 1024w, https:\/\/buergerbus-steinfurt.de\/wp-content\/uploads\/2022\/05\/Sparschwein4-768x348.jpg 768w, https:\/\/buergerbus-steinfurt.de\/wp-content\/uploads\/2022\/05\/Sparschwein4-1536x696.jpg 1536w, https:\/\/buergerbus-steinfurt.de\/wp-content\/uploads\/2022\/05\/Sparschwein4-2048x928.jpg 2048w\" sizes=\"auto, (max-width: 2560px) 100vw, 2560px\" \/><\/p>\n","protected":false},"excerpt":{"rendered":"<p>\u00a0 Erneut haben die Fahrerinnen und Fahrer des B\u00fcrgerbusses Steinfurt &#8222;Schlachtfest&#8220; gefeiert. Seit 2019 haben viele Fahrg\u00e4ste aus verschiedensten Gr\u00fcnden &#8211; vorrangig aber wegen der freundliche Hilfe und des uneigenn\u00fctzigen &#8230;<\/p>\n","protected":false},"author":3,"featured_media":3892,"comment_status":"closed","ping_status":"closed","sticky":false,"template":"","format":"standard","meta":{"footnotes":""},"categories":[1],"tags":[],"class_list":["post-3882","post","type-post","status-publish","format-standard","has-post-thumbnail","hentry","category-uncategorized"],"yoast_head":"<!-- This site is optimized with the Yoast SEO plugin v27.5 - https:\/\/yoast.com\/product\/yoast-seo-wordpress\/ -->\n<title>Sparschwein im B\u00fcrgerbus \u201egeschlachtet\u201c - B\u00fcrgerbus Steinfurt %<\/title>\n<meta name=\"robots\" content=\"index, follow, max-snippet:-1, max-image-preview:large, max-video-preview:-1\" \/>\n<link rel=\"canonical\" href=\"https:\/\/buergerbus-steinfurt.de\/?p=3882\" \/>\n<meta property=\"og:locale\" content=\"de_DE\" \/>\n<meta property=\"og:type\" content=\"article\" \/>\n<meta property=\"og:title\" content=\"Sparschwein im B\u00fcrgerbus \u201egeschlachtet\u201c - B\u00fcrgerbus Steinfurt %\" \/>\n<meta property=\"og:description\" content=\"\u00a0 Erneut haben die Fahrerinnen und Fahrer des B\u00fcrgerbusses Steinfurt &#8222;Schlachtfest&#8220; gefeiert. Seit 2019 haben viele Fahrg\u00e4ste aus verschiedensten Gr\u00fcnden &#8211; vorrangig aber wegen der freundliche Hilfe und des uneigenn\u00fctzigen ...\" \/>\n<meta property=\"og:url\" content=\"https:\/\/buergerbus-steinfurt.de\/?p=3882\" \/>\n<meta property=\"og:site_name\" content=\"B\u00fcrgerbus Steinfurt\" \/>\n<meta property=\"article:published_time\" content=\"2022-05-31T09:11:18+00:00\" \/>\n<meta property=\"article:modified_time\" content=\"2022-09-09T11:41:36+00:00\" \/>\n<meta property=\"og:image\" content=\"https:\/\/buergerbus-steinfurt.de\/wp-content\/uploads\/2022\/05\/Beitragsbild-Sparschwein-scaled.jpg\" \/>\n\t<meta property=\"og:image:width\" content=\"2560\" \/>\n\t<meta property=\"og:image:height\" content=\"1486\" \/>\n\t<meta property=\"og:image:type\" content=\"image\/jpeg\" \/>\n<meta name=\"author\" content=\"Reimar Bage\" \/>\n<meta name=\"twitter:card\" content=\"summary_large_image\" \/>\n<meta name=\"twitter:label1\" content=\"Verfasst von\" \/>\n\t<meta name=\"twitter:data1\" content=\"Reimar Bage\" \/>\n\t<meta name=\"twitter:label2\" content=\"Gesch\u00e4tzte Lesezeit\" \/>\n\t<meta name=\"twitter:data2\" content=\"2\u00a0Minuten\" \/>\n<script type=\"application\/ld+json\" class=\"yoast-schema-graph\">{\"@context\":\"https:\\\/\\\/schema.org\",\"@graph\":[{\"@type\":\"Article\",\"@id\":\"https:\\\/\\\/buergerbus-steinfurt.de\\\/?p=3882#article\",\"isPartOf\":{\"@id\":\"https:\\\/\\\/buergerbus-steinfurt.de\\\/?p=3882\"},\"author\":{\"name\":\"Reimar Bage\",\"@id\":\"https:\\\/\\\/buergerbus-steinfurt.de\\\/#\\\/schema\\\/person\\\/d0df83117f05647dd427e2cec47c2195\"},\"headline\":\"Sparschwein im B\u00fcrgerbus \u201egeschlachtet\u201c\",\"datePublished\":\"2022-05-31T09:11:18+00:00\",\"dateModified\":\"2022-09-09T11:41:36+00:00\",\"mainEntityOfPage\":{\"@id\":\"https:\\\/\\\/buergerbus-steinfurt.de\\\/?p=3882\"},\"wordCount\":140,\"publisher\":{\"@id\":\"https:\\\/\\\/buergerbus-steinfurt.de\\\/#organization\"},\"image\":{\"@id\":\"https:\\\/\\\/buergerbus-steinfurt.de\\\/?p=3882#primaryimage\"},\"thumbnailUrl\":\"https:\\\/\\\/buergerbus-steinfurt.de\\\/wp-content\\\/uploads\\\/2022\\\/05\\\/Beitragsbild-Sparschwein-scaled.jpg\",\"articleSection\":[\"Uncategorized\"],\"inLanguage\":\"de\"},{\"@type\":\"WebPage\",\"@id\":\"https:\\\/\\\/buergerbus-steinfurt.de\\\/?p=3882\",\"url\":\"https:\\\/\\\/buergerbus-steinfurt.de\\\/?p=3882\",\"name\":\"Sparschwein im B\u00fcrgerbus \u201egeschlachtet\u201c - B\u00fcrgerbus Steinfurt %\",\"isPartOf\":{\"@id\":\"https:\\\/\\\/buergerbus-steinfurt.de\\\/#website\"},\"primaryImageOfPage\":{\"@id\":\"https:\\\/\\\/buergerbus-steinfurt.de\\\/?p=3882#primaryimage\"},\"image\":{\"@id\":\"https:\\\/\\\/buergerbus-steinfurt.de\\\/?p=3882#primaryimage\"},\"thumbnailUrl\":\"https:\\\/\\\/buergerbus-steinfurt.de\\\/wp-content\\\/uploads\\\/2022\\\/05\\\/Beitragsbild-Sparschwein-scaled.jpg\",\"datePublished\":\"2022-05-31T09:11:18+00:00\",\"dateModified\":\"2022-09-09T11:41:36+00:00\",\"breadcrumb\":{\"@id\":\"https:\\\/\\\/buergerbus-steinfurt.de\\\/?p=3882#breadcrumb\"},\"inLanguage\":\"de\",\"potentialAction\":[{\"@type\":\"ReadAction\",\"target\":[\"https:\\\/\\\/buergerbus-steinfurt.de\\\/?p=3882\"]}]},{\"@type\":\"ImageObject\",\"inLanguage\":\"de\",\"@id\":\"https:\\\/\\\/buergerbus-steinfurt.de\\\/?p=3882#primaryimage\",\"url\":\"https:\\\/\\\/buergerbus-steinfurt.de\\\/wp-content\\\/uploads\\\/2022\\\/05\\\/Beitragsbild-Sparschwein-scaled.jpg\",\"contentUrl\":\"https:\\\/\\\/buergerbus-steinfurt.de\\\/wp-content\\\/uploads\\\/2022\\\/05\\\/Beitragsbild-Sparschwein-scaled.jpg\",\"width\":2560,\"height\":1486},{\"@type\":\"BreadcrumbList\",\"@id\":\"https:\\\/\\\/buergerbus-steinfurt.de\\\/?p=3882#breadcrumb\",\"itemListElement\":[{\"@type\":\"ListItem\",\"position\":1,\"name\":\"Startseite\",\"item\":\"https:\\\/\\\/buergerbus-steinfurt.de\\\/\"},{\"@type\":\"ListItem\",\"position\":2,\"name\":\"Sparschwein im B\u00fcrgerbus \u201egeschlachtet\u201c\"}]},{\"@type\":\"WebSite\",\"@id\":\"https:\\\/\\\/buergerbus-steinfurt.de\\\/#website\",\"url\":\"https:\\\/\\\/buergerbus-steinfurt.de\\\/\",\"name\":\"B\u00dcRGERBUS STEINFURT\",\"description\":\"\",\"publisher\":{\"@id\":\"https:\\\/\\\/buergerbus-steinfurt.de\\\/#organization\"},\"potentialAction\":[{\"@type\":\"SearchAction\",\"target\":{\"@type\":\"EntryPoint\",\"urlTemplate\":\"https:\\\/\\\/buergerbus-steinfurt.de\\\/?s={search_term_string}\"},\"query-input\":{\"@type\":\"PropertyValueSpecification\",\"valueRequired\":true,\"valueName\":\"search_term_string\"}}],\"inLanguage\":\"de\"},{\"@type\":\"Organization\",\"@id\":\"https:\\\/\\\/buergerbus-steinfurt.de\\\/#organization\",\"name\":\"B\u00fcrgerbus Steinfurt e.V.\",\"url\":\"https:\\\/\\\/buergerbus-steinfurt.de\\\/\",\"logo\":{\"@type\":\"ImageObject\",\"inLanguage\":\"de\",\"@id\":\"https:\\\/\\\/buergerbus-steinfurt.de\\\/#\\\/schema\\\/logo\\\/image\\\/\",\"url\":\"https:\\\/\\\/buergerbus-steinfurt.de\\\/wp-content\\\/uploads\\\/2022\\\/08\\\/2bb-steinfurt-logo-neu.png\",\"contentUrl\":\"https:\\\/\\\/buergerbus-steinfurt.de\\\/wp-content\\\/uploads\\\/2022\\\/08\\\/2bb-steinfurt-logo-neu.png\",\"width\":293,\"height\":75,\"caption\":\"B\u00fcrgerbus Steinfurt e.V.\"},\"image\":{\"@id\":\"https:\\\/\\\/buergerbus-steinfurt.de\\\/#\\\/schema\\\/logo\\\/image\\\/\"}},{\"@type\":\"Person\",\"@id\":\"https:\\\/\\\/buergerbus-steinfurt.de\\\/#\\\/schema\\\/person\\\/d0df83117f05647dd427e2cec47c2195\",\"name\":\"Reimar Bage\",\"image\":{\"@type\":\"ImageObject\",\"inLanguage\":\"de\",\"@id\":\"https:\\\/\\\/secure.gravatar.com\\\/avatar\\\/39763b5f1cf57f5fba11a8cef91d12bcd5b654814054b4c246daa1f3737f8a35?s=96&d=mm&r=g\",\"url\":\"https:\\\/\\\/secure.gravatar.com\\\/avatar\\\/39763b5f1cf57f5fba11a8cef91d12bcd5b654814054b4c246daa1f3737f8a35?s=96&d=mm&r=g\",\"contentUrl\":\"https:\\\/\\\/secure.gravatar.com\\\/avatar\\\/39763b5f1cf57f5fba11a8cef91d12bcd5b654814054b4c246daa1f3737f8a35?s=96&d=mm&r=g\",\"caption\":\"Reimar Bage\"},\"url\":\"https:\\\/\\\/buergerbus-steinfurt.de\\\/?author=3\"}]}<\/script>\n<!-- \/ Yoast SEO plugin. -->","yoast_head_json":{"title":"Sparschwein im B\u00fcrgerbus \u201egeschlachtet\u201c - B\u00fcrgerbus Steinfurt %","robots":{"index":"index","follow":"follow","max-snippet":"max-snippet:-1","max-image-preview":"max-image-preview:large","max-video-preview":"max-video-preview:-1"},"canonical":"https:\/\/buergerbus-steinfurt.de\/?p=3882","og_locale":"de_DE","og_type":"article","og_title":"Sparschwein im B\u00fcrgerbus \u201egeschlachtet\u201c - B\u00fcrgerbus Steinfurt %","og_description":"\u00a0 Erneut haben die Fahrerinnen und Fahrer des B\u00fcrgerbusses Steinfurt &#8222;Schlachtfest&#8220; gefeiert. Seit 2019 haben viele Fahrg\u00e4ste aus verschiedensten Gr\u00fcnden &#8211; vorrangig aber wegen der freundliche Hilfe und des uneigenn\u00fctzigen ...","og_url":"https:\/\/buergerbus-steinfurt.de\/?p=3882","og_site_name":"B\u00fcrgerbus Steinfurt","article_published_time":"2022-05-31T09:11:18+00:00","article_modified_time":"2022-09-09T11:41:36+00:00","og_image":[{"width":2560,"height":1486,"url":"https:\/\/buergerbus-steinfurt.de\/wp-content\/uploads\/2022\/05\/Beitragsbild-Sparschwein-scaled.jpg","type":"image\/jpeg"}],"author":"Reimar Bage","twitter_card":"summary_large_image","twitter_misc":{"Verfasst von":"Reimar Bage","Gesch\u00e4tzte Lesezeit":"2\u00a0Minuten"},"schema":{"@context":"https:\/\/schema.org","@graph":[{"@type":"Article","@id":"https:\/\/buergerbus-steinfurt.de\/?p=3882#article","isPartOf":{"@id":"https:\/\/buergerbus-steinfurt.de\/?p=3882"},"author":{"name":"Reimar Bage","@id":"https:\/\/buergerbus-steinfurt.de\/#\/schema\/person\/d0df83117f05647dd427e2cec47c2195"},"headline":"Sparschwein im B\u00fcrgerbus \u201egeschlachtet\u201c","datePublished":"2022-05-31T09:11:18+00:00","dateModified":"2022-09-09T11:41:36+00:00","mainEntityOfPage":{"@id":"https:\/\/buergerbus-steinfurt.de\/?p=3882"},"wordCount":140,"publisher":{"@id":"https:\/\/buergerbus-steinfurt.de\/#organization"},"image":{"@id":"https:\/\/buergerbus-steinfurt.de\/?p=3882#primaryimage"},"thumbnailUrl":"https:\/\/buergerbus-steinfurt.de\/wp-content\/uploads\/2022\/05\/Beitragsbild-Sparschwein-scaled.jpg","articleSection":["Uncategorized"],"inLanguage":"de"},{"@type":"WebPage","@id":"https:\/\/buergerbus-steinfurt.de\/?p=3882","url":"https:\/\/buergerbus-steinfurt.de\/?p=3882","name":"Sparschwein im B\u00fcrgerbus \u201egeschlachtet\u201c - B\u00fcrgerbus Steinfurt %","isPartOf":{"@id":"https:\/\/buergerbus-steinfurt.de\/#website"},"primaryImageOfPage":{"@id":"https:\/\/buergerbus-steinfurt.de\/?p=3882#primaryimage"},"image":{"@id":"https:\/\/buergerbus-steinfurt.de\/?p=3882#primaryimage"},"thumbnailUrl":"https:\/\/buergerbus-steinfurt.de\/wp-content\/uploads\/2022\/05\/Beitragsbild-Sparschwein-scaled.jpg","datePublished":"2022-05-31T09:11:18+00:00","dateModified":"2022-09-09T11:41:36+00:00","breadcrumb":{"@id":"https:\/\/buergerbus-steinfurt.de\/?p=3882#breadcrumb"},"inLanguage":"de","potentialAction":[{"@type":"ReadAction","target":["https:\/\/buergerbus-steinfurt.de\/?p=3882"]}]},{"@type":"ImageObject","inLanguage":"de","@id":"https:\/\/buergerbus-steinfurt.de\/?p=3882#primaryimage","url":"https:\/\/buergerbus-steinfurt.de\/wp-content\/uploads\/2022\/05\/Beitragsbild-Sparschwein-scaled.jpg","contentUrl":"https:\/\/buergerbus-steinfurt.de\/wp-content\/uploads\/2022\/05\/Beitragsbild-Sparschwein-scaled.jpg","width":2560,"height":1486},{"@type":"BreadcrumbList","@id":"https:\/\/buergerbus-steinfurt.de\/?p=3882#breadcrumb","itemListElement":[{"@type":"ListItem","position":1,"name":"Startseite","item":"https:\/\/buergerbus-steinfurt.de\/"},{"@type":"ListItem","position":2,"name":"Sparschwein im B\u00fcrgerbus \u201egeschlachtet\u201c"}]},{"@type":"WebSite","@id":"https:\/\/buergerbus-steinfurt.de\/#website","url":"https:\/\/buergerbus-steinfurt.de\/","name":"B\u00dcRGERBUS STEINFURT","description":"","publisher":{"@id":"https:\/\/buergerbus-steinfurt.de\/#organization"},"potentialAction":[{"@type":"SearchAction","target":{"@type":"EntryPoint","urlTemplate":"https:\/\/buergerbus-steinfurt.de\/?s={search_term_string}"},"query-input":{"@type":"PropertyValueSpecification","valueRequired":true,"valueName":"search_term_string"}}],"inLanguage":"de"},{"@type":"Organization","@id":"https:\/\/buergerbus-steinfurt.de\/#organization","name":"B\u00fcrgerbus Steinfurt e.V.","url":"https:\/\/buergerbus-steinfurt.de\/","logo":{"@type":"ImageObject","inLanguage":"de","@id":"https:\/\/buergerbus-steinfurt.de\/#\/schema\/logo\/image\/","url":"https:\/\/buergerbus-steinfurt.de\/wp-content\/uploads\/2022\/08\/2bb-steinfurt-logo-neu.png","contentUrl":"https:\/\/buergerbus-steinfurt.de\/wp-content\/uploads\/2022\/08\/2bb-steinfurt-logo-neu.png","width":293,"height":75,"caption":"B\u00fcrgerbus Steinfurt e.V."},"image":{"@id":"https:\/\/buergerbus-steinfurt.de\/#\/schema\/logo\/image\/"}},{"@type":"Person","@id":"https:\/\/buergerbus-steinfurt.de\/#\/schema\/person\/d0df83117f05647dd427e2cec47c2195","name":"Reimar Bage","image":{"@type":"ImageObject","inLanguage":"de","@id":"https:\/\/secure.gravatar.com\/avatar\/39763b5f1cf57f5fba11a8cef91d12bcd5b654814054b4c246daa1f3737f8a35?s=96&d=mm&r=g","url":"https:\/\/secure.gravatar.com\/avatar\/39763b5f1cf57f5fba11a8cef91d12bcd5b654814054b4c246daa1f3737f8a35?s=96&d=mm&r=g","contentUrl":"https:\/\/secure.gravatar.com\/avatar\/39763b5f1cf57f5fba11a8cef91d12bcd5b654814054b4c246daa1f3737f8a35?s=96&d=mm&r=g","caption":"Reimar Bage"},"url":"https:\/\/buergerbus-steinfurt.de\/?author=3"}]}},"_links":{"self":[{"href":"https:\/\/buergerbus-steinfurt.de\/index.php?rest_route=\/wp\/v2\/posts\/3882","targetHints":{"allow":["GET"]}}],"collection":[{"href":"https:\/\/buergerbus-steinfurt.de\/index.php?rest_route=\/wp\/v2\/posts"}],"about":[{"href":"https:\/\/buergerbus-steinfurt.de\/index.php?rest_route=\/wp\/v2\/types\/post"}],"author":[{"embeddable":true,"href":"https:\/\/buergerbus-steinfurt.de\/index.php?rest_route=\/wp\/v2\/users\/3"}],"replies":[{"embeddable":true,"href":"https:\/\/buergerbus-steinfurt.de\/index.php?rest_route=%2Fwp%2Fv2%2Fcomments&post=3882"}],"version-history":[{"count":4,"href":"https:\/\/buergerbus-steinfurt.de\/index.php?rest_route=\/wp\/v2\/posts\/3882\/revisions"}],"predecessor-version":[{"id":3889,"href":"https:\/\/buergerbus-steinfurt.de\/index.php?rest_route=\/wp\/v2\/posts\/3882\/revisions\/3889"}],"wp:featuredmedia":[{"embeddable":true,"href":"https:\/\/buergerbus-steinfurt.de\/index.php?rest_route=\/wp\/v2\/media\/3892"}],"wp:attachment":[{"href":"https:\/\/buergerbus-steinfurt.de\/index.php?rest_route=%2Fwp%2Fv2%2Fmedia&parent=3882"}],"wp:term":[{"taxonomy":"category","embeddable":true,"href":"https:\/\/buergerbus-steinfurt.de\/index.php?rest_route=%2Fwp%2Fv2%2Fcategories&post=3882"},{"taxonomy":"post_tag","embeddable":true,"href":"https:\/\/buergerbus-steinfurt.de\/index.php?rest_route=%2Fwp%2Fv2%2Ftags&post=3882"}],"curies":[{"name":"wp","href":"https:\/\/api.w.org\/{rel}","templated":true}]}}