{"id":2929,"date":"2019-12-05T17:11:20","date_gmt":"2019-12-05T17:11:20","guid":{"rendered":"https:\/\/buergerbus-steinfurt.de\/?p=2929"},"modified":"2019-12-05T17:11:20","modified_gmt":"2019-12-05T17:11:20","slug":"neuer-buergerbus-fahrplan-fuer-2020-ist-fertig","status":"publish","type":"post","link":"https:\/\/buergerbus-steinfurt.de\/?p=2929","title":{"rendered":"Neuer B\u00fcrgerbus-Fahrplan f\u00fcr 2020 ist fertig"},"content":{"rendered":"<p><strong><img loading=\"lazy\" decoding=\"async\" class=\"aligncenter size-large wp-image-2930\" src=\"https:\/\/buergerbus-steinfurt.de\/wp-content\/uploads\/2019\/12\/Fahrplan-B\u00fcBus-2020-1024x768.jpg\" alt=\"\" width=\"800\" height=\"600\" srcset=\"https:\/\/buergerbus-steinfurt.de\/wp-content\/uploads\/2019\/12\/Fahrplan-B\u00fcBus-2020-1024x768.jpg 1024w, https:\/\/buergerbus-steinfurt.de\/wp-content\/uploads\/2019\/12\/Fahrplan-B\u00fcBus-2020-300x225.jpg 300w, https:\/\/buergerbus-steinfurt.de\/wp-content\/uploads\/2019\/12\/Fahrplan-B\u00fcBus-2020-768x576.jpg 768w, https:\/\/buergerbus-steinfurt.de\/wp-content\/uploads\/2019\/12\/Fahrplan-B\u00fcBus-2020-1536x1152.jpg 1536w, https:\/\/buergerbus-steinfurt.de\/wp-content\/uploads\/2019\/12\/Fahrplan-B\u00fcBus-2020-2048x1536.jpg 2048w\" sizes=\"auto, (max-width: 800px) 100vw, 800px\" \/><\/strong><\/p>\n<p><em>B\u00fcrgermeisterin B\u00f6gel-Hoyer (2.v.r.) bekam als erste den neuen Fahrplan f\u00fcr 2020 von Vorsitzendem Brust (3.v.r.) \u00fcberreicht. Links im Bild 2. Vorsitzender Josef Greive und Fahrdienstleiter Wilhelm Klaassen, rechts Fahrer Klaus Joost.<\/em><\/p>\n<p>Steinfurt. Den druckfrischen Fahrplan 2020 des B\u00fcrgerbusses Steinfurt haben jetzt 1. Vorsitzender Ferdinand Brust, sein Stellvertreter Josef Greive und Fahrdienstleiter Wilhelm Klaassen im Beisein einiger Fahrer an B\u00fcrgermeisterin Claudia B\u00f6gel-Hoyer \u00fcberreicht. Sie dankte bei dieser Gelegenheit den 47 Fahrerinnen und Fahrern f\u00fcr ihren ehrenamtlichen Einsatz am Lenkrad des schmucken Mercedes-Sprinter. \u201eDas ist ein wunderbares Element der Verbindung zwischen unseren beiden Stadtteile\u201c betonte die B\u00fcrgermeisterin. Josef Greive hatte den Fahrplan optisch noch verfeinert und wies darauf hin, dass aufgrund der statistischen Erhebungen ab 2.Januar 2020 einige \u00c4nderungen eintreten: Der B\u00fcrgerbus h\u00e4lt dann an der Haltestelle \u201eBismarckstra\u00dfe\u201c an der Leerer Stra\u00dfe. Die Haltestelle \u201eAm Ludwigshaus\u201c entf\u00e4llt. Dadurch werde die Fahrtroute f\u00fcr die Fahrer und Fahrerinnen vereinfacht. Vorsitzender Brust und Fahrdienstleiter Klaassen erwarten, dass zum Jahresende 2019 die Zahl von 12.000 Fahrg\u00e4sten \u00fcberschritten wird. Damit setze der B\u00fcrgerbus seine Erfolgsfahrt der letzten Jahre fort.<\/p>\n","protected":false},"excerpt":{"rendered":"<p>B\u00fcrgermeisterin B\u00f6gel-Hoyer (2.v.r.) bekam als erste den neuen Fahrplan f\u00fcr 2020 von Vorsitzendem Brust (3.v.r.) \u00fcberreicht. Links im Bild 2. Vorsitzender Josef Greive und Fahrdienstleiter Wilhelm Klaassen, rechts Fahrer Klaus &#8230;<\/p>\n","protected":false},"author":3,"featured_media":2931,"comment_status":"closed","ping_status":"closed","sticky":false,"template":"","format":"standard","meta":{"footnotes":""},"categories":[1],"tags":[],"class_list":["post-2929","post","type-post","status-publish","format-standard","has-post-thumbnail","hentry","category-uncategorized"],"yoast_head":"<!-- This site is optimized with the Yoast SEO plugin v27.5 - https:\/\/yoast.com\/product\/yoast-seo-wordpress\/ -->\n<title>Neuer B\u00fcrgerbus-Fahrplan f\u00fcr 2020 ist fertig - B\u00fcrgerbus Steinfurt %<\/title>\n<meta name=\"robots\" content=\"index, follow, max-snippet:-1, max-image-preview:large, max-video-preview:-1\" \/>\n<link rel=\"canonical\" href=\"https:\/\/buergerbus-steinfurt.de\/?p=2929\" \/>\n<meta property=\"og:locale\" content=\"de_DE\" \/>\n<meta property=\"og:type\" content=\"article\" \/>\n<meta property=\"og:title\" content=\"Neuer B\u00fcrgerbus-Fahrplan f\u00fcr 2020 ist fertig - B\u00fcrgerbus Steinfurt %\" \/>\n<meta property=\"og:description\" content=\"B\u00fcrgermeisterin B\u00f6gel-Hoyer (2.v.r.) bekam als erste den neuen Fahrplan f\u00fcr 2020 von Vorsitzendem Brust (3.v.r.) \u00fcberreicht. Links im Bild 2. Vorsitzender Josef Greive und Fahrdienstleiter Wilhelm Klaassen, rechts Fahrer Klaus ...\" \/>\n<meta property=\"og:url\" content=\"https:\/\/buergerbus-steinfurt.de\/?p=2929\" \/>\n<meta property=\"og:site_name\" content=\"B\u00fcrgerbus Steinfurt\" \/>\n<meta property=\"article:published_time\" content=\"2019-12-05T17:11:20+00:00\" \/>\n<meta property=\"og:image\" content=\"https:\/\/buergerbus-steinfurt.de\/wp-content\/uploads\/2019\/12\/Fahrplan-2-scaled.jpg\" \/>\n\t<meta property=\"og:image:width\" content=\"2560\" \/>\n\t<meta property=\"og:image:height\" content=\"1920\" \/>\n\t<meta property=\"og:image:type\" content=\"image\/jpeg\" \/>\n<meta name=\"author\" content=\"Reimar Bage\" \/>\n<meta name=\"twitter:card\" content=\"summary_large_image\" \/>\n<meta name=\"twitter:label1\" content=\"Verfasst von\" \/>\n\t<meta name=\"twitter:data1\" content=\"Reimar Bage\" \/>\n\t<meta name=\"twitter:label2\" content=\"Gesch\u00e4tzte Lesezeit\" \/>\n\t<meta name=\"twitter:data2\" content=\"1\u00a0Minute\" \/>\n<script type=\"application\/ld+json\" class=\"yoast-schema-graph\">{\"@context\":\"https:\\\/\\\/schema.org\",\"@graph\":[{\"@type\":\"Article\",\"@id\":\"https:\\\/\\\/buergerbus-steinfurt.de\\\/?p=2929#article\",\"isPartOf\":{\"@id\":\"https:\\\/\\\/buergerbus-steinfurt.de\\\/?p=2929\"},\"author\":{\"name\":\"Reimar Bage\",\"@id\":\"https:\\\/\\\/buergerbus-steinfurt.de\\\/#\\\/schema\\\/person\\\/d0df83117f05647dd427e2cec47c2195\"},\"headline\":\"Neuer B\u00fcrgerbus-Fahrplan f\u00fcr 2020 ist fertig\",\"datePublished\":\"2019-12-05T17:11:20+00:00\",\"mainEntityOfPage\":{\"@id\":\"https:\\\/\\\/buergerbus-steinfurt.de\\\/?p=2929\"},\"wordCount\":189,\"publisher\":{\"@id\":\"https:\\\/\\\/buergerbus-steinfurt.de\\\/#organization\"},\"image\":{\"@id\":\"https:\\\/\\\/buergerbus-steinfurt.de\\\/?p=2929#primaryimage\"},\"thumbnailUrl\":\"https:\\\/\\\/buergerbus-steinfurt.de\\\/wp-content\\\/uploads\\\/2019\\\/12\\\/Fahrplan-2-scaled.jpg\",\"articleSection\":[\"Uncategorized\"],\"inLanguage\":\"de\"},{\"@type\":\"WebPage\",\"@id\":\"https:\\\/\\\/buergerbus-steinfurt.de\\\/?p=2929\",\"url\":\"https:\\\/\\\/buergerbus-steinfurt.de\\\/?p=2929\",\"name\":\"Neuer B\u00fcrgerbus-Fahrplan f\u00fcr 2020 ist fertig - B\u00fcrgerbus Steinfurt %\",\"isPartOf\":{\"@id\":\"https:\\\/\\\/buergerbus-steinfurt.de\\\/#website\"},\"primaryImageOfPage\":{\"@id\":\"https:\\\/\\\/buergerbus-steinfurt.de\\\/?p=2929#primaryimage\"},\"image\":{\"@id\":\"https:\\\/\\\/buergerbus-steinfurt.de\\\/?p=2929#primaryimage\"},\"thumbnailUrl\":\"https:\\\/\\\/buergerbus-steinfurt.de\\\/wp-content\\\/uploads\\\/2019\\\/12\\\/Fahrplan-2-scaled.jpg\",\"datePublished\":\"2019-12-05T17:11:20+00:00\",\"breadcrumb\":{\"@id\":\"https:\\\/\\\/buergerbus-steinfurt.de\\\/?p=2929#breadcrumb\"},\"inLanguage\":\"de\",\"potentialAction\":[{\"@type\":\"ReadAction\",\"target\":[\"https:\\\/\\\/buergerbus-steinfurt.de\\\/?p=2929\"]}]},{\"@type\":\"ImageObject\",\"inLanguage\":\"de\",\"@id\":\"https:\\\/\\\/buergerbus-steinfurt.de\\\/?p=2929#primaryimage\",\"url\":\"https:\\\/\\\/buergerbus-steinfurt.de\\\/wp-content\\\/uploads\\\/2019\\\/12\\\/Fahrplan-2-scaled.jpg\",\"contentUrl\":\"https:\\\/\\\/buergerbus-steinfurt.de\\\/wp-content\\\/uploads\\\/2019\\\/12\\\/Fahrplan-2-scaled.jpg\",\"width\":2560,\"height\":1920},{\"@type\":\"BreadcrumbList\",\"@id\":\"https:\\\/\\\/buergerbus-steinfurt.de\\\/?p=2929#breadcrumb\",\"itemListElement\":[{\"@type\":\"ListItem\",\"position\":1,\"name\":\"Startseite\",\"item\":\"https:\\\/\\\/buergerbus-steinfurt.de\\\/\"},{\"@type\":\"ListItem\",\"position\":2,\"name\":\"Neuer B\u00fcrgerbus-Fahrplan f\u00fcr 2020 ist fertig\"}]},{\"@type\":\"WebSite\",\"@id\":\"https:\\\/\\\/buergerbus-steinfurt.de\\\/#website\",\"url\":\"https:\\\/\\\/buergerbus-steinfurt.de\\\/\",\"name\":\"B\u00dcRGERBUS STEINFURT\",\"description\":\"\",\"publisher\":{\"@id\":\"https:\\\/\\\/buergerbus-steinfurt.de\\\/#organization\"},\"potentialAction\":[{\"@type\":\"SearchAction\",\"target\":{\"@type\":\"EntryPoint\",\"urlTemplate\":\"https:\\\/\\\/buergerbus-steinfurt.de\\\/?s={search_term_string}\"},\"query-input\":{\"@type\":\"PropertyValueSpecification\",\"valueRequired\":true,\"valueName\":\"search_term_string\"}}],\"inLanguage\":\"de\"},{\"@type\":\"Organization\",\"@id\":\"https:\\\/\\\/buergerbus-steinfurt.de\\\/#organization\",\"name\":\"B\u00fcrgerbus Steinfurt e.V.\",\"url\":\"https:\\\/\\\/buergerbus-steinfurt.de\\\/\",\"logo\":{\"@type\":\"ImageObject\",\"inLanguage\":\"de\",\"@id\":\"https:\\\/\\\/buergerbus-steinfurt.de\\\/#\\\/schema\\\/logo\\\/image\\\/\",\"url\":\"https:\\\/\\\/buergerbus-steinfurt.de\\\/wp-content\\\/uploads\\\/2022\\\/08\\\/2bb-steinfurt-logo-neu.png\",\"contentUrl\":\"https:\\\/\\\/buergerbus-steinfurt.de\\\/wp-content\\\/uploads\\\/2022\\\/08\\\/2bb-steinfurt-logo-neu.png\",\"width\":293,\"height\":75,\"caption\":\"B\u00fcrgerbus Steinfurt e.V.\"},\"image\":{\"@id\":\"https:\\\/\\\/buergerbus-steinfurt.de\\\/#\\\/schema\\\/logo\\\/image\\\/\"}},{\"@type\":\"Person\",\"@id\":\"https:\\\/\\\/buergerbus-steinfurt.de\\\/#\\\/schema\\\/person\\\/d0df83117f05647dd427e2cec47c2195\",\"name\":\"Reimar Bage\",\"image\":{\"@type\":\"ImageObject\",\"inLanguage\":\"de\",\"@id\":\"https:\\\/\\\/secure.gravatar.com\\\/avatar\\\/39763b5f1cf57f5fba11a8cef91d12bcd5b654814054b4c246daa1f3737f8a35?s=96&d=mm&r=g\",\"url\":\"https:\\\/\\\/secure.gravatar.com\\\/avatar\\\/39763b5f1cf57f5fba11a8cef91d12bcd5b654814054b4c246daa1f3737f8a35?s=96&d=mm&r=g\",\"contentUrl\":\"https:\\\/\\\/secure.gravatar.com\\\/avatar\\\/39763b5f1cf57f5fba11a8cef91d12bcd5b654814054b4c246daa1f3737f8a35?s=96&d=mm&r=g\",\"caption\":\"Reimar Bage\"},\"url\":\"https:\\\/\\\/buergerbus-steinfurt.de\\\/?author=3\"}]}<\/script>\n<!-- \/ Yoast SEO plugin. -->","yoast_head_json":{"title":"Neuer B\u00fcrgerbus-Fahrplan f\u00fcr 2020 ist fertig - B\u00fcrgerbus Steinfurt %","robots":{"index":"index","follow":"follow","max-snippet":"max-snippet:-1","max-image-preview":"max-image-preview:large","max-video-preview":"max-video-preview:-1"},"canonical":"https:\/\/buergerbus-steinfurt.de\/?p=2929","og_locale":"de_DE","og_type":"article","og_title":"Neuer B\u00fcrgerbus-Fahrplan f\u00fcr 2020 ist fertig - B\u00fcrgerbus Steinfurt %","og_description":"B\u00fcrgermeisterin B\u00f6gel-Hoyer (2.v.r.) bekam als erste den neuen Fahrplan f\u00fcr 2020 von Vorsitzendem Brust (3.v.r.) \u00fcberreicht. Links im Bild 2. Vorsitzender Josef Greive und Fahrdienstleiter Wilhelm Klaassen, rechts Fahrer Klaus ...","og_url":"https:\/\/buergerbus-steinfurt.de\/?p=2929","og_site_name":"B\u00fcrgerbus Steinfurt","article_published_time":"2019-12-05T17:11:20+00:00","og_image":[{"width":2560,"height":1920,"url":"https:\/\/buergerbus-steinfurt.de\/wp-content\/uploads\/2019\/12\/Fahrplan-2-scaled.jpg","type":"image\/jpeg"}],"author":"Reimar Bage","twitter_card":"summary_large_image","twitter_misc":{"Verfasst von":"Reimar Bage","Gesch\u00e4tzte Lesezeit":"1\u00a0Minute"},"schema":{"@context":"https:\/\/schema.org","@graph":[{"@type":"Article","@id":"https:\/\/buergerbus-steinfurt.de\/?p=2929#article","isPartOf":{"@id":"https:\/\/buergerbus-steinfurt.de\/?p=2929"},"author":{"name":"Reimar Bage","@id":"https:\/\/buergerbus-steinfurt.de\/#\/schema\/person\/d0df83117f05647dd427e2cec47c2195"},"headline":"Neuer B\u00fcrgerbus-Fahrplan f\u00fcr 2020 ist fertig","datePublished":"2019-12-05T17:11:20+00:00","mainEntityOfPage":{"@id":"https:\/\/buergerbus-steinfurt.de\/?p=2929"},"wordCount":189,"publisher":{"@id":"https:\/\/buergerbus-steinfurt.de\/#organization"},"image":{"@id":"https:\/\/buergerbus-steinfurt.de\/?p=2929#primaryimage"},"thumbnailUrl":"https:\/\/buergerbus-steinfurt.de\/wp-content\/uploads\/2019\/12\/Fahrplan-2-scaled.jpg","articleSection":["Uncategorized"],"inLanguage":"de"},{"@type":"WebPage","@id":"https:\/\/buergerbus-steinfurt.de\/?p=2929","url":"https:\/\/buergerbus-steinfurt.de\/?p=2929","name":"Neuer B\u00fcrgerbus-Fahrplan f\u00fcr 2020 ist fertig - B\u00fcrgerbus Steinfurt %","isPartOf":{"@id":"https:\/\/buergerbus-steinfurt.de\/#website"},"primaryImageOfPage":{"@id":"https:\/\/buergerbus-steinfurt.de\/?p=2929#primaryimage"},"image":{"@id":"https:\/\/buergerbus-steinfurt.de\/?p=2929#primaryimage"},"thumbnailUrl":"https:\/\/buergerbus-steinfurt.de\/wp-content\/uploads\/2019\/12\/Fahrplan-2-scaled.jpg","datePublished":"2019-12-05T17:11:20+00:00","breadcrumb":{"@id":"https:\/\/buergerbus-steinfurt.de\/?p=2929#breadcrumb"},"inLanguage":"de","potentialAction":[{"@type":"ReadAction","target":["https:\/\/buergerbus-steinfurt.de\/?p=2929"]}]},{"@type":"ImageObject","inLanguage":"de","@id":"https:\/\/buergerbus-steinfurt.de\/?p=2929#primaryimage","url":"https:\/\/buergerbus-steinfurt.de\/wp-content\/uploads\/2019\/12\/Fahrplan-2-scaled.jpg","contentUrl":"https:\/\/buergerbus-steinfurt.de\/wp-content\/uploads\/2019\/12\/Fahrplan-2-scaled.jpg","width":2560,"height":1920},{"@type":"BreadcrumbList","@id":"https:\/\/buergerbus-steinfurt.de\/?p=2929#breadcrumb","itemListElement":[{"@type":"ListItem","position":1,"name":"Startseite","item":"https:\/\/buergerbus-steinfurt.de\/"},{"@type":"ListItem","position":2,"name":"Neuer B\u00fcrgerbus-Fahrplan f\u00fcr 2020 ist fertig"}]},{"@type":"WebSite","@id":"https:\/\/buergerbus-steinfurt.de\/#website","url":"https:\/\/buergerbus-steinfurt.de\/","name":"B\u00dcRGERBUS STEINFURT","description":"","publisher":{"@id":"https:\/\/buergerbus-steinfurt.de\/#organization"},"potentialAction":[{"@type":"SearchAction","target":{"@type":"EntryPoint","urlTemplate":"https:\/\/buergerbus-steinfurt.de\/?s={search_term_string}"},"query-input":{"@type":"PropertyValueSpecification","valueRequired":true,"valueName":"search_term_string"}}],"inLanguage":"de"},{"@type":"Organization","@id":"https:\/\/buergerbus-steinfurt.de\/#organization","name":"B\u00fcrgerbus Steinfurt e.V.","url":"https:\/\/buergerbus-steinfurt.de\/","logo":{"@type":"ImageObject","inLanguage":"de","@id":"https:\/\/buergerbus-steinfurt.de\/#\/schema\/logo\/image\/","url":"https:\/\/buergerbus-steinfurt.de\/wp-content\/uploads\/2022\/08\/2bb-steinfurt-logo-neu.png","contentUrl":"https:\/\/buergerbus-steinfurt.de\/wp-content\/uploads\/2022\/08\/2bb-steinfurt-logo-neu.png","width":293,"height":75,"caption":"B\u00fcrgerbus Steinfurt e.V."},"image":{"@id":"https:\/\/buergerbus-steinfurt.de\/#\/schema\/logo\/image\/"}},{"@type":"Person","@id":"https:\/\/buergerbus-steinfurt.de\/#\/schema\/person\/d0df83117f05647dd427e2cec47c2195","name":"Reimar Bage","image":{"@type":"ImageObject","inLanguage":"de","@id":"https:\/\/secure.gravatar.com\/avatar\/39763b5f1cf57f5fba11a8cef91d12bcd5b654814054b4c246daa1f3737f8a35?s=96&d=mm&r=g","url":"https:\/\/secure.gravatar.com\/avatar\/39763b5f1cf57f5fba11a8cef91d12bcd5b654814054b4c246daa1f3737f8a35?s=96&d=mm&r=g","contentUrl":"https:\/\/secure.gravatar.com\/avatar\/39763b5f1cf57f5fba11a8cef91d12bcd5b654814054b4c246daa1f3737f8a35?s=96&d=mm&r=g","caption":"Reimar Bage"},"url":"https:\/\/buergerbus-steinfurt.de\/?author=3"}]}},"_links":{"self":[{"href":"https:\/\/buergerbus-steinfurt.de\/index.php?rest_route=\/wp\/v2\/posts\/2929","targetHints":{"allow":["GET"]}}],"collection":[{"href":"https:\/\/buergerbus-steinfurt.de\/index.php?rest_route=\/wp\/v2\/posts"}],"about":[{"href":"https:\/\/buergerbus-steinfurt.de\/index.php?rest_route=\/wp\/v2\/types\/post"}],"author":[{"embeddable":true,"href":"https:\/\/buergerbus-steinfurt.de\/index.php?rest_route=\/wp\/v2\/users\/3"}],"replies":[{"embeddable":true,"href":"https:\/\/buergerbus-steinfurt.de\/index.php?rest_route=%2Fwp%2Fv2%2Fcomments&post=2929"}],"version-history":[{"count":1,"href":"https:\/\/buergerbus-steinfurt.de\/index.php?rest_route=\/wp\/v2\/posts\/2929\/revisions"}],"predecessor-version":[{"id":2932,"href":"https:\/\/buergerbus-steinfurt.de\/index.php?rest_route=\/wp\/v2\/posts\/2929\/revisions\/2932"}],"wp:featuredmedia":[{"embeddable":true,"href":"https:\/\/buergerbus-steinfurt.de\/index.php?rest_route=\/wp\/v2\/media\/2931"}],"wp:attachment":[{"href":"https:\/\/buergerbus-steinfurt.de\/index.php?rest_route=%2Fwp%2Fv2%2Fmedia&parent=2929"}],"wp:term":[{"taxonomy":"category","embeddable":true,"href":"https:\/\/buergerbus-steinfurt.de\/index.php?rest_route=%2Fwp%2Fv2%2Fcategories&post=2929"},{"taxonomy":"post_tag","embeddable":true,"href":"https:\/\/buergerbus-steinfurt.de\/index.php?rest_route=%2Fwp%2Fv2%2Ftags&post=2929"}],"curies":[{"name":"wp","href":"https:\/\/api.w.org\/{rel}","templated":true}]}}