{"id":2893,"date":"2019-10-01T14:48:29","date_gmt":"2019-10-01T14:48:29","guid":{"rendered":"https:\/\/buergerbus-steinfurt.de\/?p=2893"},"modified":"2019-10-02T09:33:59","modified_gmt":"2019-10-02T09:33:59","slug":"fahrt-ins-blaue-ging-zu-dr-oetker","status":"publish","type":"post","link":"https:\/\/buergerbus-steinfurt.de\/?p=2893","title":{"rendered":"\u201eFahrt ins Blaue\u201c ging zu Dr. Oetker"},"content":{"rendered":"<p>&nbsp;<\/p>\n<p><img loading=\"lazy\" decoding=\"async\" class=\"aligncenter size-large wp-image-2894\" src=\"https:\/\/buergerbus-steinfurt.de\/wp-content\/uploads\/2019\/10\/IMG_4294-1024x683.jpg\" alt=\"\" width=\"800\" height=\"534\" srcset=\"https:\/\/buergerbus-steinfurt.de\/wp-content\/uploads\/2019\/10\/IMG_4294-1024x683.jpg 1024w, https:\/\/buergerbus-steinfurt.de\/wp-content\/uploads\/2019\/10\/IMG_4294-300x200.jpg 300w, https:\/\/buergerbus-steinfurt.de\/wp-content\/uploads\/2019\/10\/IMG_4294-768x512.jpg 768w\" sizes=\"auto, (max-width: 800px) 100vw, 800px\" \/><\/p>\n<p>Jedes Jahr gibt es f\u00fcr die Fahrerinnen und Fahrer des B\u00fcrgerbusses Steinfurt ein R\u00e4tsel zu l\u00f6sen: Wohin geht es diesmal bei der \u201eFahrt ins Blaue\u201c?\u00a0 Dieser Tag dient dem Vorstand, der das Ziel bis zum Starttag als strenges Geheimnis h\u00fctet, als Dankesch\u00f6n an die Frauen und M\u00e4nner, die sich als Buslenker uneigenn\u00fctzig in den Dienst einer guten Sache stellen. Nach dem Besuch der Airbus-Montagehalle in Hamburg im letzten Jahr ging es diesmal nach Ostwestfalen zur Zentrale von Dr. Oetker in Bielefeld.<\/p>\n<p>Die Teilnehmer st\u00e4rkten sich nach der Zielort-Bekanntgabe zun\u00e4chst bei einem Fr\u00fchst\u00fcck im Bus, der auch diesmal wieder vom stv. Fahrdienstleiter Heiner Gro\u00dfe Westhues gesteuert wurde. In Bielefeld wurden die Besucher in zwei Gruppen aufgeteilt und erlebten eine sehr interessante F\u00fchrung durch den Hauptsitz des Unternehmens. Die Dr. August Oetker KG ist einer der gr\u00f6\u00dften international t\u00e4tigen deutschen Familienkonzerne. Zur Oetker-Gruppe geh\u00f6ren an die 400 Firmen aus verschiedenen Branchen. Die Oetker-Gruppe besch\u00e4ftigt dabei weltweit rund 32.200 Mitarbeiter. Von der Firmengeschichte, \u00fcber die Entstehung des Logos \u00fcber Einblicke in die Herstellung der Tiefk\u00fchlkost bis zur Notalgie-Abteilung im 3.Obergeschoss reichte das Angebot, das mit einer Verkostung verschiedenster Produkte des Unternehmen endete.<\/p>\n<p>Anschlie\u00dfend ging es in die Bielefelder Altstadt zum Brauhaus Joh. Albrecht, wo der Braumeister die G\u00e4ste aus Steinfurt sehr interessant und sachkundig \u00fcber die Herstellung des hauseigenen Bieres informierte. Ein reichhaltiges und schmackhaftes Essen rundete den gelungenen Besuch ab. Vorsitzender Ferdinand Brust dankte bei der Heimfahrt Buslenker Gro\u00dfe Westhues f\u00fcr die sichere Fahrt und Fahrdienstleiter Wilhelm Klaassen f\u00fcr die wiederum vorz\u00fcgliche Organisation des gelungenen Tages.<\/p>\n<p>&nbsp;<\/p>\n<p>&nbsp;<\/p>\n<p><img loading=\"lazy\" decoding=\"async\" class=\"aligncenter size-large wp-image-2904\" src=\"https:\/\/buergerbus-steinfurt.de\/wp-content\/uploads\/2019\/10\/IMG_1973-1024x768.jpg\" alt=\"\" width=\"800\" height=\"600\" srcset=\"https:\/\/buergerbus-steinfurt.de\/wp-content\/uploads\/2019\/10\/IMG_1973-1024x768.jpg 1024w, https:\/\/buergerbus-steinfurt.de\/wp-content\/uploads\/2019\/10\/IMG_1973-300x225.jpg 300w, https:\/\/buergerbus-steinfurt.de\/wp-content\/uploads\/2019\/10\/IMG_1973-768x576.jpg 768w\" sizes=\"auto, (max-width: 800px) 100vw, 800px\" \/>\u00a0<img loading=\"lazy\" decoding=\"async\" class=\"aligncenter size-large wp-image-2906\" src=\"https:\/\/buergerbus-steinfurt.de\/wp-content\/uploads\/2019\/10\/IMG_1968-1024x768.jpg\" alt=\"\" width=\"800\" height=\"600\" srcset=\"https:\/\/buergerbus-steinfurt.de\/wp-content\/uploads\/2019\/10\/IMG_1968-1024x768.jpg 1024w, https:\/\/buergerbus-steinfurt.de\/wp-content\/uploads\/2019\/10\/IMG_1968-300x225.jpg 300w, https:\/\/buergerbus-steinfurt.de\/wp-content\/uploads\/2019\/10\/IMG_1968-768x576.jpg 768w\" sizes=\"auto, (max-width: 800px) 100vw, 800px\" \/> <img loading=\"lazy\" decoding=\"async\" class=\"aligncenter size-large wp-image-2902\" src=\"https:\/\/buergerbus-steinfurt.de\/wp-content\/uploads\/2019\/10\/IMG_1970-1024x768.jpg\" alt=\"\" width=\"800\" height=\"600\" srcset=\"https:\/\/buergerbus-steinfurt.de\/wp-content\/uploads\/2019\/10\/IMG_1970-1024x768.jpg 1024w, https:\/\/buergerbus-steinfurt.de\/wp-content\/uploads\/2019\/10\/IMG_1970-300x225.jpg 300w, https:\/\/buergerbus-steinfurt.de\/wp-content\/uploads\/2019\/10\/IMG_1970-768x576.jpg 768w\" sizes=\"auto, (max-width: 800px) 100vw, 800px\" \/> <img loading=\"lazy\" decoding=\"async\" class=\"aligncenter size-large wp-image-2901\" src=\"https:\/\/buergerbus-steinfurt.de\/wp-content\/uploads\/2019\/10\/IMG_1964-1024x768.jpg\" alt=\"\" width=\"800\" height=\"600\" srcset=\"https:\/\/buergerbus-steinfurt.de\/wp-content\/uploads\/2019\/10\/IMG_1964-1024x768.jpg 1024w, https:\/\/buergerbus-steinfurt.de\/wp-content\/uploads\/2019\/10\/IMG_1964-300x225.jpg 300w, https:\/\/buergerbus-steinfurt.de\/wp-content\/uploads\/2019\/10\/IMG_1964-768x576.jpg 768w\" sizes=\"auto, (max-width: 800px) 100vw, 800px\" \/> <img loading=\"lazy\" decoding=\"async\" class=\"aligncenter size-large wp-image-2899\" src=\"https:\/\/buergerbus-steinfurt.de\/wp-content\/uploads\/2019\/10\/IMG_1962-1024x768.jpg\" alt=\"\" width=\"800\" height=\"600\" srcset=\"https:\/\/buergerbus-steinfurt.de\/wp-content\/uploads\/2019\/10\/IMG_1962-1024x768.jpg 1024w, https:\/\/buergerbus-steinfurt.de\/wp-content\/uploads\/2019\/10\/IMG_1962-300x225.jpg 300w, https:\/\/buergerbus-steinfurt.de\/wp-content\/uploads\/2019\/10\/IMG_1962-768x576.jpg 768w\" sizes=\"auto, (max-width: 800px) 100vw, 800px\" \/><\/p>\n<p><img loading=\"lazy\" decoding=\"async\" class=\"aligncenter size-large wp-image-2896\" src=\"https:\/\/buergerbus-steinfurt.de\/wp-content\/uploads\/2019\/10\/IMG_4306-1024x683.jpg\" alt=\"\" width=\"800\" height=\"534\" srcset=\"https:\/\/buergerbus-steinfurt.de\/wp-content\/uploads\/2019\/10\/IMG_4306-1024x683.jpg 1024w, https:\/\/buergerbus-steinfurt.de\/wp-content\/uploads\/2019\/10\/IMG_4306-300x200.jpg 300w, https:\/\/buergerbus-steinfurt.de\/wp-content\/uploads\/2019\/10\/IMG_4306-768x512.jpg 768w\" sizes=\"auto, (max-width: 800px) 100vw, 800px\" \/><\/p>\n","protected":false},"excerpt":{"rendered":"<p>&nbsp; Jedes Jahr gibt es f\u00fcr die Fahrerinnen und Fahrer des B\u00fcrgerbusses Steinfurt ein R\u00e4tsel zu l\u00f6sen: Wohin geht es diesmal bei der \u201eFahrt ins Blaue\u201c?\u00a0 Dieser Tag dient dem &#8230;<\/p>\n","protected":false},"author":3,"featured_media":2910,"comment_status":"closed","ping_status":"closed","sticky":false,"template":"","format":"standard","meta":{"footnotes":""},"categories":[1],"tags":[],"class_list":["post-2893","post","type-post","status-publish","format-standard","has-post-thumbnail","hentry","category-uncategorized"],"yoast_head":"<!-- This site is optimized with the Yoast SEO plugin v27.5 - https:\/\/yoast.com\/product\/yoast-seo-wordpress\/ -->\n<title>\u201eFahrt ins Blaue\u201c ging zu Dr. Oetker - B\u00fcrgerbus Steinfurt %<\/title>\n<meta name=\"robots\" content=\"index, follow, max-snippet:-1, max-image-preview:large, max-video-preview:-1\" \/>\n<link rel=\"canonical\" href=\"https:\/\/buergerbus-steinfurt.de\/?p=2893\" \/>\n<meta property=\"og:locale\" content=\"de_DE\" \/>\n<meta property=\"og:type\" content=\"article\" \/>\n<meta property=\"og:title\" content=\"\u201eFahrt ins Blaue\u201c ging zu Dr. Oetker - B\u00fcrgerbus Steinfurt %\" \/>\n<meta property=\"og:description\" content=\"&nbsp; Jedes Jahr gibt es f\u00fcr die Fahrerinnen und Fahrer des B\u00fcrgerbusses Steinfurt ein R\u00e4tsel zu l\u00f6sen: Wohin geht es diesmal bei der \u201eFahrt ins Blaue\u201c?\u00a0 Dieser Tag dient dem ...\" \/>\n<meta property=\"og:url\" content=\"https:\/\/buergerbus-steinfurt.de\/?p=2893\" \/>\n<meta property=\"og:site_name\" content=\"B\u00fcrgerbus Steinfurt\" \/>\n<meta property=\"article:published_time\" content=\"2019-10-01T14:48:29+00:00\" \/>\n<meta property=\"article:modified_time\" content=\"2019-10-02T09:33:59+00:00\" \/>\n<meta property=\"og:image\" content=\"https:\/\/buergerbus-steinfurt.de\/wp-content\/uploads\/2019\/10\/IMG_4300-1024x683.jpg\" \/>\n\t<meta property=\"og:image:width\" content=\"1024\" \/>\n\t<meta property=\"og:image:height\" content=\"683\" \/>\n\t<meta property=\"og:image:type\" content=\"image\/jpeg\" \/>\n<meta name=\"author\" content=\"Reimar Bage\" \/>\n<meta name=\"twitter:card\" content=\"summary_large_image\" \/>\n<meta name=\"twitter:label1\" content=\"Verfasst von\" \/>\n\t<meta name=\"twitter:data1\" content=\"Reimar Bage\" \/>\n\t<meta name=\"twitter:label2\" content=\"Gesch\u00e4tzte Lesezeit\" \/>\n\t<meta name=\"twitter:data2\" content=\"1\u00a0Minute\" \/>\n<script type=\"application\/ld+json\" class=\"yoast-schema-graph\">{\"@context\":\"https:\\\/\\\/schema.org\",\"@graph\":[{\"@type\":\"Article\",\"@id\":\"https:\\\/\\\/buergerbus-steinfurt.de\\\/?p=2893#article\",\"isPartOf\":{\"@id\":\"https:\\\/\\\/buergerbus-steinfurt.de\\\/?p=2893\"},\"author\":{\"name\":\"Reimar Bage\",\"@id\":\"https:\\\/\\\/buergerbus-steinfurt.de\\\/#\\\/schema\\\/person\\\/d0df83117f05647dd427e2cec47c2195\"},\"headline\":\"\u201eFahrt ins Blaue\u201c ging zu Dr. Oetker\",\"datePublished\":\"2019-10-01T14:48:29+00:00\",\"dateModified\":\"2019-10-02T09:33:59+00:00\",\"mainEntityOfPage\":{\"@id\":\"https:\\\/\\\/buergerbus-steinfurt.de\\\/?p=2893\"},\"wordCount\":287,\"publisher\":{\"@id\":\"https:\\\/\\\/buergerbus-steinfurt.de\\\/#organization\"},\"image\":{\"@id\":\"https:\\\/\\\/buergerbus-steinfurt.de\\\/?p=2893#primaryimage\"},\"thumbnailUrl\":\"https:\\\/\\\/buergerbus-steinfurt.de\\\/wp-content\\\/uploads\\\/2019\\\/10\\\/IMG_4300.jpg\",\"articleSection\":[\"Uncategorized\"],\"inLanguage\":\"de\"},{\"@type\":\"WebPage\",\"@id\":\"https:\\\/\\\/buergerbus-steinfurt.de\\\/?p=2893\",\"url\":\"https:\\\/\\\/buergerbus-steinfurt.de\\\/?p=2893\",\"name\":\"\u201eFahrt ins Blaue\u201c ging zu Dr. Oetker - B\u00fcrgerbus Steinfurt %\",\"isPartOf\":{\"@id\":\"https:\\\/\\\/buergerbus-steinfurt.de\\\/#website\"},\"primaryImageOfPage\":{\"@id\":\"https:\\\/\\\/buergerbus-steinfurt.de\\\/?p=2893#primaryimage\"},\"image\":{\"@id\":\"https:\\\/\\\/buergerbus-steinfurt.de\\\/?p=2893#primaryimage\"},\"thumbnailUrl\":\"https:\\\/\\\/buergerbus-steinfurt.de\\\/wp-content\\\/uploads\\\/2019\\\/10\\\/IMG_4300.jpg\",\"datePublished\":\"2019-10-01T14:48:29+00:00\",\"dateModified\":\"2019-10-02T09:33:59+00:00\",\"breadcrumb\":{\"@id\":\"https:\\\/\\\/buergerbus-steinfurt.de\\\/?p=2893#breadcrumb\"},\"inLanguage\":\"de\",\"potentialAction\":[{\"@type\":\"ReadAction\",\"target\":[\"https:\\\/\\\/buergerbus-steinfurt.de\\\/?p=2893\"]}]},{\"@type\":\"ImageObject\",\"inLanguage\":\"de\",\"@id\":\"https:\\\/\\\/buergerbus-steinfurt.de\\\/?p=2893#primaryimage\",\"url\":\"https:\\\/\\\/buergerbus-steinfurt.de\\\/wp-content\\\/uploads\\\/2019\\\/10\\\/IMG_4300.jpg\",\"contentUrl\":\"https:\\\/\\\/buergerbus-steinfurt.de\\\/wp-content\\\/uploads\\\/2019\\\/10\\\/IMG_4300.jpg\",\"width\":4272,\"height\":2848},{\"@type\":\"BreadcrumbList\",\"@id\":\"https:\\\/\\\/buergerbus-steinfurt.de\\\/?p=2893#breadcrumb\",\"itemListElement\":[{\"@type\":\"ListItem\",\"position\":1,\"name\":\"Startseite\",\"item\":\"https:\\\/\\\/buergerbus-steinfurt.de\\\/\"},{\"@type\":\"ListItem\",\"position\":2,\"name\":\"\u201eFahrt ins Blaue\u201c ging zu Dr. Oetker\"}]},{\"@type\":\"WebSite\",\"@id\":\"https:\\\/\\\/buergerbus-steinfurt.de\\\/#website\",\"url\":\"https:\\\/\\\/buergerbus-steinfurt.de\\\/\",\"name\":\"B\u00dcRGERBUS STEINFURT\",\"description\":\"\",\"publisher\":{\"@id\":\"https:\\\/\\\/buergerbus-steinfurt.de\\\/#organization\"},\"potentialAction\":[{\"@type\":\"SearchAction\",\"target\":{\"@type\":\"EntryPoint\",\"urlTemplate\":\"https:\\\/\\\/buergerbus-steinfurt.de\\\/?s={search_term_string}\"},\"query-input\":{\"@type\":\"PropertyValueSpecification\",\"valueRequired\":true,\"valueName\":\"search_term_string\"}}],\"inLanguage\":\"de\"},{\"@type\":\"Organization\",\"@id\":\"https:\\\/\\\/buergerbus-steinfurt.de\\\/#organization\",\"name\":\"B\u00fcrgerbus Steinfurt e.V.\",\"url\":\"https:\\\/\\\/buergerbus-steinfurt.de\\\/\",\"logo\":{\"@type\":\"ImageObject\",\"inLanguage\":\"de\",\"@id\":\"https:\\\/\\\/buergerbus-steinfurt.de\\\/#\\\/schema\\\/logo\\\/image\\\/\",\"url\":\"https:\\\/\\\/buergerbus-steinfurt.de\\\/wp-content\\\/uploads\\\/2022\\\/08\\\/2bb-steinfurt-logo-neu.png\",\"contentUrl\":\"https:\\\/\\\/buergerbus-steinfurt.de\\\/wp-content\\\/uploads\\\/2022\\\/08\\\/2bb-steinfurt-logo-neu.png\",\"width\":293,\"height\":75,\"caption\":\"B\u00fcrgerbus Steinfurt e.V.\"},\"image\":{\"@id\":\"https:\\\/\\\/buergerbus-steinfurt.de\\\/#\\\/schema\\\/logo\\\/image\\\/\"}},{\"@type\":\"Person\",\"@id\":\"https:\\\/\\\/buergerbus-steinfurt.de\\\/#\\\/schema\\\/person\\\/d0df83117f05647dd427e2cec47c2195\",\"name\":\"Reimar Bage\",\"image\":{\"@type\":\"ImageObject\",\"inLanguage\":\"de\",\"@id\":\"https:\\\/\\\/secure.gravatar.com\\\/avatar\\\/39763b5f1cf57f5fba11a8cef91d12bcd5b654814054b4c246daa1f3737f8a35?s=96&d=mm&r=g\",\"url\":\"https:\\\/\\\/secure.gravatar.com\\\/avatar\\\/39763b5f1cf57f5fba11a8cef91d12bcd5b654814054b4c246daa1f3737f8a35?s=96&d=mm&r=g\",\"contentUrl\":\"https:\\\/\\\/secure.gravatar.com\\\/avatar\\\/39763b5f1cf57f5fba11a8cef91d12bcd5b654814054b4c246daa1f3737f8a35?s=96&d=mm&r=g\",\"caption\":\"Reimar Bage\"},\"url\":\"https:\\\/\\\/buergerbus-steinfurt.de\\\/?author=3\"}]}<\/script>\n<!-- \/ Yoast SEO plugin. -->","yoast_head_json":{"title":"\u201eFahrt ins Blaue\u201c ging zu Dr. Oetker - B\u00fcrgerbus Steinfurt %","robots":{"index":"index","follow":"follow","max-snippet":"max-snippet:-1","max-image-preview":"max-image-preview:large","max-video-preview":"max-video-preview:-1"},"canonical":"https:\/\/buergerbus-steinfurt.de\/?p=2893","og_locale":"de_DE","og_type":"article","og_title":"\u201eFahrt ins Blaue\u201c ging zu Dr. Oetker - B\u00fcrgerbus Steinfurt %","og_description":"&nbsp; Jedes Jahr gibt es f\u00fcr die Fahrerinnen und Fahrer des B\u00fcrgerbusses Steinfurt ein R\u00e4tsel zu l\u00f6sen: Wohin geht es diesmal bei der \u201eFahrt ins Blaue\u201c?\u00a0 Dieser Tag dient dem ...","og_url":"https:\/\/buergerbus-steinfurt.de\/?p=2893","og_site_name":"B\u00fcrgerbus Steinfurt","article_published_time":"2019-10-01T14:48:29+00:00","article_modified_time":"2019-10-02T09:33:59+00:00","og_image":[{"width":1024,"height":683,"url":"https:\/\/buergerbus-steinfurt.de\/wp-content\/uploads\/2019\/10\/IMG_4300-1024x683.jpg","type":"image\/jpeg"}],"author":"Reimar Bage","twitter_card":"summary_large_image","twitter_misc":{"Verfasst von":"Reimar Bage","Gesch\u00e4tzte Lesezeit":"1\u00a0Minute"},"schema":{"@context":"https:\/\/schema.org","@graph":[{"@type":"Article","@id":"https:\/\/buergerbus-steinfurt.de\/?p=2893#article","isPartOf":{"@id":"https:\/\/buergerbus-steinfurt.de\/?p=2893"},"author":{"name":"Reimar Bage","@id":"https:\/\/buergerbus-steinfurt.de\/#\/schema\/person\/d0df83117f05647dd427e2cec47c2195"},"headline":"\u201eFahrt ins Blaue\u201c ging zu Dr. Oetker","datePublished":"2019-10-01T14:48:29+00:00","dateModified":"2019-10-02T09:33:59+00:00","mainEntityOfPage":{"@id":"https:\/\/buergerbus-steinfurt.de\/?p=2893"},"wordCount":287,"publisher":{"@id":"https:\/\/buergerbus-steinfurt.de\/#organization"},"image":{"@id":"https:\/\/buergerbus-steinfurt.de\/?p=2893#primaryimage"},"thumbnailUrl":"https:\/\/buergerbus-steinfurt.de\/wp-content\/uploads\/2019\/10\/IMG_4300.jpg","articleSection":["Uncategorized"],"inLanguage":"de"},{"@type":"WebPage","@id":"https:\/\/buergerbus-steinfurt.de\/?p=2893","url":"https:\/\/buergerbus-steinfurt.de\/?p=2893","name":"\u201eFahrt ins Blaue\u201c ging zu Dr. Oetker - B\u00fcrgerbus Steinfurt %","isPartOf":{"@id":"https:\/\/buergerbus-steinfurt.de\/#website"},"primaryImageOfPage":{"@id":"https:\/\/buergerbus-steinfurt.de\/?p=2893#primaryimage"},"image":{"@id":"https:\/\/buergerbus-steinfurt.de\/?p=2893#primaryimage"},"thumbnailUrl":"https:\/\/buergerbus-steinfurt.de\/wp-content\/uploads\/2019\/10\/IMG_4300.jpg","datePublished":"2019-10-01T14:48:29+00:00","dateModified":"2019-10-02T09:33:59+00:00","breadcrumb":{"@id":"https:\/\/buergerbus-steinfurt.de\/?p=2893#breadcrumb"},"inLanguage":"de","potentialAction":[{"@type":"ReadAction","target":["https:\/\/buergerbus-steinfurt.de\/?p=2893"]}]},{"@type":"ImageObject","inLanguage":"de","@id":"https:\/\/buergerbus-steinfurt.de\/?p=2893#primaryimage","url":"https:\/\/buergerbus-steinfurt.de\/wp-content\/uploads\/2019\/10\/IMG_4300.jpg","contentUrl":"https:\/\/buergerbus-steinfurt.de\/wp-content\/uploads\/2019\/10\/IMG_4300.jpg","width":4272,"height":2848},{"@type":"BreadcrumbList","@id":"https:\/\/buergerbus-steinfurt.de\/?p=2893#breadcrumb","itemListElement":[{"@type":"ListItem","position":1,"name":"Startseite","item":"https:\/\/buergerbus-steinfurt.de\/"},{"@type":"ListItem","position":2,"name":"\u201eFahrt ins Blaue\u201c ging zu Dr. Oetker"}]},{"@type":"WebSite","@id":"https:\/\/buergerbus-steinfurt.de\/#website","url":"https:\/\/buergerbus-steinfurt.de\/","name":"B\u00dcRGERBUS STEINFURT","description":"","publisher":{"@id":"https:\/\/buergerbus-steinfurt.de\/#organization"},"potentialAction":[{"@type":"SearchAction","target":{"@type":"EntryPoint","urlTemplate":"https:\/\/buergerbus-steinfurt.de\/?s={search_term_string}"},"query-input":{"@type":"PropertyValueSpecification","valueRequired":true,"valueName":"search_term_string"}}],"inLanguage":"de"},{"@type":"Organization","@id":"https:\/\/buergerbus-steinfurt.de\/#organization","name":"B\u00fcrgerbus Steinfurt e.V.","url":"https:\/\/buergerbus-steinfurt.de\/","logo":{"@type":"ImageObject","inLanguage":"de","@id":"https:\/\/buergerbus-steinfurt.de\/#\/schema\/logo\/image\/","url":"https:\/\/buergerbus-steinfurt.de\/wp-content\/uploads\/2022\/08\/2bb-steinfurt-logo-neu.png","contentUrl":"https:\/\/buergerbus-steinfurt.de\/wp-content\/uploads\/2022\/08\/2bb-steinfurt-logo-neu.png","width":293,"height":75,"caption":"B\u00fcrgerbus Steinfurt e.V."},"image":{"@id":"https:\/\/buergerbus-steinfurt.de\/#\/schema\/logo\/image\/"}},{"@type":"Person","@id":"https:\/\/buergerbus-steinfurt.de\/#\/schema\/person\/d0df83117f05647dd427e2cec47c2195","name":"Reimar Bage","image":{"@type":"ImageObject","inLanguage":"de","@id":"https:\/\/secure.gravatar.com\/avatar\/39763b5f1cf57f5fba11a8cef91d12bcd5b654814054b4c246daa1f3737f8a35?s=96&d=mm&r=g","url":"https:\/\/secure.gravatar.com\/avatar\/39763b5f1cf57f5fba11a8cef91d12bcd5b654814054b4c246daa1f3737f8a35?s=96&d=mm&r=g","contentUrl":"https:\/\/secure.gravatar.com\/avatar\/39763b5f1cf57f5fba11a8cef91d12bcd5b654814054b4c246daa1f3737f8a35?s=96&d=mm&r=g","caption":"Reimar Bage"},"url":"https:\/\/buergerbus-steinfurt.de\/?author=3"}]}},"_links":{"self":[{"href":"https:\/\/buergerbus-steinfurt.de\/index.php?rest_route=\/wp\/v2\/posts\/2893","targetHints":{"allow":["GET"]}}],"collection":[{"href":"https:\/\/buergerbus-steinfurt.de\/index.php?rest_route=\/wp\/v2\/posts"}],"about":[{"href":"https:\/\/buergerbus-steinfurt.de\/index.php?rest_route=\/wp\/v2\/types\/post"}],"author":[{"embeddable":true,"href":"https:\/\/buergerbus-steinfurt.de\/index.php?rest_route=\/wp\/v2\/users\/3"}],"replies":[{"embeddable":true,"href":"https:\/\/buergerbus-steinfurt.de\/index.php?rest_route=%2Fwp%2Fv2%2Fcomments&post=2893"}],"version-history":[{"count":5,"href":"https:\/\/buergerbus-steinfurt.de\/index.php?rest_route=\/wp\/v2\/posts\/2893\/revisions"}],"predecessor-version":[{"id":2911,"href":"https:\/\/buergerbus-steinfurt.de\/index.php?rest_route=\/wp\/v2\/posts\/2893\/revisions\/2911"}],"wp:featuredmedia":[{"embeddable":true,"href":"https:\/\/buergerbus-steinfurt.de\/index.php?rest_route=\/wp\/v2\/media\/2910"}],"wp:attachment":[{"href":"https:\/\/buergerbus-steinfurt.de\/index.php?rest_route=%2Fwp%2Fv2%2Fmedia&parent=2893"}],"wp:term":[{"taxonomy":"category","embeddable":true,"href":"https:\/\/buergerbus-steinfurt.de\/index.php?rest_route=%2Fwp%2Fv2%2Fcategories&post=2893"},{"taxonomy":"post_tag","embeddable":true,"href":"https:\/\/buergerbus-steinfurt.de\/index.php?rest_route=%2Fwp%2Fv2%2Ftags&post=2893"}],"curies":[{"name":"wp","href":"https:\/\/api.w.org\/{rel}","templated":true}]}}