{"id":2843,"date":"2019-07-17T07:23:16","date_gmt":"2019-07-17T07:23:16","guid":{"rendered":"https:\/\/buergerbus-steinfurt.de\/?p=2843"},"modified":"2019-07-17T07:26:16","modified_gmt":"2019-07-17T07:26:16","slug":"cdu-radler-machen-stopp-beim-buergerbus","status":"publish","type":"post","link":"https:\/\/buergerbus-steinfurt.de\/?p=2843","title":{"rendered":"CDU-Radler machen Stopp beim B\u00fcrgerbus"},"content":{"rendered":"<p><img loading=\"lazy\" decoding=\"async\" class=\"aligncenter size-large wp-image-2845\" src=\"https:\/\/buergerbus-steinfurt.de\/wp-content\/uploads\/2019\/07\/CDU-beim-B\u00fcrgerbus-1024x768.jpg\" alt=\"\" width=\"800\" height=\"600\" srcset=\"https:\/\/buergerbus-steinfurt.de\/wp-content\/uploads\/2019\/07\/CDU-beim-B\u00fcrgerbus-1024x768.jpg 1024w, https:\/\/buergerbus-steinfurt.de\/wp-content\/uploads\/2019\/07\/CDU-beim-B\u00fcrgerbus-300x225.jpg 300w, https:\/\/buergerbus-steinfurt.de\/wp-content\/uploads\/2019\/07\/CDU-beim-B\u00fcrgerbus-768x576.jpg 768w\" sizes=\"auto, (max-width: 800px) 100vw, 800px\" \/><\/p>\n<p>Die Teilnehmer der ersten Sommerradtour 2019 der Steinfurter CDU machten am Dienstagabend (16. Juli) Station beim B\u00fcrgerbus an der Garage neben der Feuerwache. Vorsitzender Ferdinand Brust (links) und sein Stellvertreter Josef Greive ( 2.v.l.) informierten die G\u00e4ste \u00fcber die bisherige Erfolgsgeschichte. Dazu hatten sie eine F\u00fclle von Informationen bereit, die sie den G\u00e4sten auch in Schriftform zur Verf\u00fcgung stellten. CDU-Vorsitzender G\u00fcnter Marquard (3.v.l) dankte f\u00fcr die Informationen sowie f\u00fcr eine kurze Probefahrt mit dem Bus. Alle waren sich einig, dass der ehrenamtliche Einsatz der 44 Fahrerinnen und Fahrer gro\u00dfe Anerkennung verdiene.<\/p>\n","protected":false},"excerpt":{"rendered":"<p>Die Teilnehmer der ersten Sommerradtour 2019 der Steinfurter CDU machten am Dienstagabend (16. Juli) Station beim B\u00fcrgerbus an der Garage neben der Feuerwache. Vorsitzender Ferdinand Brust (links) und sein Stellvertreter &#8230;<\/p>\n","protected":false},"author":3,"featured_media":2845,"comment_status":"closed","ping_status":"closed","sticky":false,"template":"","format":"standard","meta":{"footnotes":""},"categories":[1],"tags":[],"class_list":["post-2843","post","type-post","status-publish","format-standard","has-post-thumbnail","hentry","category-uncategorized"],"yoast_head":"<!-- This site is optimized with the Yoast SEO plugin v27.5 - https:\/\/yoast.com\/product\/yoast-seo-wordpress\/ -->\n<title>CDU-Radler machen Stopp beim B\u00fcrgerbus - B\u00fcrgerbus Steinfurt %<\/title>\n<meta name=\"robots\" content=\"index, follow, max-snippet:-1, max-image-preview:large, max-video-preview:-1\" \/>\n<link rel=\"canonical\" href=\"https:\/\/buergerbus-steinfurt.de\/?p=2843\" \/>\n<meta property=\"og:locale\" content=\"de_DE\" \/>\n<meta property=\"og:type\" content=\"article\" \/>\n<meta property=\"og:title\" content=\"CDU-Radler machen Stopp beim B\u00fcrgerbus - B\u00fcrgerbus Steinfurt %\" \/>\n<meta property=\"og:description\" content=\"Die Teilnehmer der ersten Sommerradtour 2019 der Steinfurter CDU machten am Dienstagabend (16. Juli) Station beim B\u00fcrgerbus an der Garage neben der Feuerwache. Vorsitzender Ferdinand Brust (links) und sein Stellvertreter ...\" \/>\n<meta property=\"og:url\" content=\"https:\/\/buergerbus-steinfurt.de\/?p=2843\" \/>\n<meta property=\"og:site_name\" content=\"B\u00fcrgerbus Steinfurt\" \/>\n<meta property=\"article:published_time\" content=\"2019-07-17T07:23:16+00:00\" \/>\n<meta property=\"article:modified_time\" content=\"2019-07-17T07:26:16+00:00\" \/>\n<meta property=\"og:image\" content=\"https:\/\/buergerbus-steinfurt.de\/wp-content\/uploads\/2019\/07\/CDU-beim-B\u00fcrgerbus-1024x768.jpg\" \/>\n\t<meta property=\"og:image:width\" content=\"1024\" \/>\n\t<meta property=\"og:image:height\" content=\"768\" \/>\n\t<meta property=\"og:image:type\" content=\"image\/jpeg\" \/>\n<meta name=\"author\" content=\"Reimar Bage\" \/>\n<meta name=\"twitter:card\" content=\"summary_large_image\" \/>\n<meta name=\"twitter:label1\" content=\"Verfasst von\" \/>\n\t<meta name=\"twitter:data1\" content=\"Reimar Bage\" \/>\n<script type=\"application\/ld+json\" class=\"yoast-schema-graph\">{\"@context\":\"https:\\\/\\\/schema.org\",\"@graph\":[{\"@type\":\"Article\",\"@id\":\"https:\\\/\\\/buergerbus-steinfurt.de\\\/?p=2843#article\",\"isPartOf\":{\"@id\":\"https:\\\/\\\/buergerbus-steinfurt.de\\\/?p=2843\"},\"author\":{\"name\":\"Reimar Bage\",\"@id\":\"https:\\\/\\\/buergerbus-steinfurt.de\\\/#\\\/schema\\\/person\\\/d0df83117f05647dd427e2cec47c2195\"},\"headline\":\"CDU-Radler machen Stopp beim B\u00fcrgerbus\",\"datePublished\":\"2019-07-17T07:23:16+00:00\",\"dateModified\":\"2019-07-17T07:26:16+00:00\",\"mainEntityOfPage\":{\"@id\":\"https:\\\/\\\/buergerbus-steinfurt.de\\\/?p=2843\"},\"wordCount\":104,\"publisher\":{\"@id\":\"https:\\\/\\\/buergerbus-steinfurt.de\\\/#organization\"},\"image\":{\"@id\":\"https:\\\/\\\/buergerbus-steinfurt.de\\\/?p=2843#primaryimage\"},\"thumbnailUrl\":\"https:\\\/\\\/buergerbus-steinfurt.de\\\/wp-content\\\/uploads\\\/2019\\\/07\\\/CDU-beim-B\u00fcrgerbus.jpg\",\"articleSection\":[\"Uncategorized\"],\"inLanguage\":\"de\"},{\"@type\":\"WebPage\",\"@id\":\"https:\\\/\\\/buergerbus-steinfurt.de\\\/?p=2843\",\"url\":\"https:\\\/\\\/buergerbus-steinfurt.de\\\/?p=2843\",\"name\":\"CDU-Radler machen Stopp beim B\u00fcrgerbus - B\u00fcrgerbus Steinfurt %\",\"isPartOf\":{\"@id\":\"https:\\\/\\\/buergerbus-steinfurt.de\\\/#website\"},\"primaryImageOfPage\":{\"@id\":\"https:\\\/\\\/buergerbus-steinfurt.de\\\/?p=2843#primaryimage\"},\"image\":{\"@id\":\"https:\\\/\\\/buergerbus-steinfurt.de\\\/?p=2843#primaryimage\"},\"thumbnailUrl\":\"https:\\\/\\\/buergerbus-steinfurt.de\\\/wp-content\\\/uploads\\\/2019\\\/07\\\/CDU-beim-B\u00fcrgerbus.jpg\",\"datePublished\":\"2019-07-17T07:23:16+00:00\",\"dateModified\":\"2019-07-17T07:26:16+00:00\",\"breadcrumb\":{\"@id\":\"https:\\\/\\\/buergerbus-steinfurt.de\\\/?p=2843#breadcrumb\"},\"inLanguage\":\"de\",\"potentialAction\":[{\"@type\":\"ReadAction\",\"target\":[\"https:\\\/\\\/buergerbus-steinfurt.de\\\/?p=2843\"]}]},{\"@type\":\"ImageObject\",\"inLanguage\":\"de\",\"@id\":\"https:\\\/\\\/buergerbus-steinfurt.de\\\/?p=2843#primaryimage\",\"url\":\"https:\\\/\\\/buergerbus-steinfurt.de\\\/wp-content\\\/uploads\\\/2019\\\/07\\\/CDU-beim-B\u00fcrgerbus.jpg\",\"contentUrl\":\"https:\\\/\\\/buergerbus-steinfurt.de\\\/wp-content\\\/uploads\\\/2019\\\/07\\\/CDU-beim-B\u00fcrgerbus.jpg\",\"width\":4032,\"height\":3024},{\"@type\":\"BreadcrumbList\",\"@id\":\"https:\\\/\\\/buergerbus-steinfurt.de\\\/?p=2843#breadcrumb\",\"itemListElement\":[{\"@type\":\"ListItem\",\"position\":1,\"name\":\"Startseite\",\"item\":\"https:\\\/\\\/buergerbus-steinfurt.de\\\/\"},{\"@type\":\"ListItem\",\"position\":2,\"name\":\"CDU-Radler machen Stopp beim B\u00fcrgerbus\"}]},{\"@type\":\"WebSite\",\"@id\":\"https:\\\/\\\/buergerbus-steinfurt.de\\\/#website\",\"url\":\"https:\\\/\\\/buergerbus-steinfurt.de\\\/\",\"name\":\"B\u00dcRGERBUS STEINFURT\",\"description\":\"\",\"publisher\":{\"@id\":\"https:\\\/\\\/buergerbus-steinfurt.de\\\/#organization\"},\"potentialAction\":[{\"@type\":\"SearchAction\",\"target\":{\"@type\":\"EntryPoint\",\"urlTemplate\":\"https:\\\/\\\/buergerbus-steinfurt.de\\\/?s={search_term_string}\"},\"query-input\":{\"@type\":\"PropertyValueSpecification\",\"valueRequired\":true,\"valueName\":\"search_term_string\"}}],\"inLanguage\":\"de\"},{\"@type\":\"Organization\",\"@id\":\"https:\\\/\\\/buergerbus-steinfurt.de\\\/#organization\",\"name\":\"B\u00fcrgerbus Steinfurt e.V.\",\"url\":\"https:\\\/\\\/buergerbus-steinfurt.de\\\/\",\"logo\":{\"@type\":\"ImageObject\",\"inLanguage\":\"de\",\"@id\":\"https:\\\/\\\/buergerbus-steinfurt.de\\\/#\\\/schema\\\/logo\\\/image\\\/\",\"url\":\"https:\\\/\\\/buergerbus-steinfurt.de\\\/wp-content\\\/uploads\\\/2022\\\/08\\\/2bb-steinfurt-logo-neu.png\",\"contentUrl\":\"https:\\\/\\\/buergerbus-steinfurt.de\\\/wp-content\\\/uploads\\\/2022\\\/08\\\/2bb-steinfurt-logo-neu.png\",\"width\":293,\"height\":75,\"caption\":\"B\u00fcrgerbus Steinfurt e.V.\"},\"image\":{\"@id\":\"https:\\\/\\\/buergerbus-steinfurt.de\\\/#\\\/schema\\\/logo\\\/image\\\/\"}},{\"@type\":\"Person\",\"@id\":\"https:\\\/\\\/buergerbus-steinfurt.de\\\/#\\\/schema\\\/person\\\/d0df83117f05647dd427e2cec47c2195\",\"name\":\"Reimar Bage\",\"image\":{\"@type\":\"ImageObject\",\"inLanguage\":\"de\",\"@id\":\"https:\\\/\\\/secure.gravatar.com\\\/avatar\\\/39763b5f1cf57f5fba11a8cef91d12bcd5b654814054b4c246daa1f3737f8a35?s=96&d=mm&r=g\",\"url\":\"https:\\\/\\\/secure.gravatar.com\\\/avatar\\\/39763b5f1cf57f5fba11a8cef91d12bcd5b654814054b4c246daa1f3737f8a35?s=96&d=mm&r=g\",\"contentUrl\":\"https:\\\/\\\/secure.gravatar.com\\\/avatar\\\/39763b5f1cf57f5fba11a8cef91d12bcd5b654814054b4c246daa1f3737f8a35?s=96&d=mm&r=g\",\"caption\":\"Reimar Bage\"},\"url\":\"https:\\\/\\\/buergerbus-steinfurt.de\\\/?author=3\"}]}<\/script>\n<!-- \/ Yoast SEO plugin. -->","yoast_head_json":{"title":"CDU-Radler machen Stopp beim B\u00fcrgerbus - B\u00fcrgerbus Steinfurt %","robots":{"index":"index","follow":"follow","max-snippet":"max-snippet:-1","max-image-preview":"max-image-preview:large","max-video-preview":"max-video-preview:-1"},"canonical":"https:\/\/buergerbus-steinfurt.de\/?p=2843","og_locale":"de_DE","og_type":"article","og_title":"CDU-Radler machen Stopp beim B\u00fcrgerbus - B\u00fcrgerbus Steinfurt %","og_description":"Die Teilnehmer der ersten Sommerradtour 2019 der Steinfurter CDU machten am Dienstagabend (16. Juli) Station beim B\u00fcrgerbus an der Garage neben der Feuerwache. Vorsitzender Ferdinand Brust (links) und sein Stellvertreter ...","og_url":"https:\/\/buergerbus-steinfurt.de\/?p=2843","og_site_name":"B\u00fcrgerbus Steinfurt","article_published_time":"2019-07-17T07:23:16+00:00","article_modified_time":"2019-07-17T07:26:16+00:00","og_image":[{"width":1024,"height":768,"url":"https:\/\/buergerbus-steinfurt.de\/wp-content\/uploads\/2019\/07\/CDU-beim-B\u00fcrgerbus-1024x768.jpg","type":"image\/jpeg"}],"author":"Reimar Bage","twitter_card":"summary_large_image","twitter_misc":{"Verfasst von":"Reimar Bage"},"schema":{"@context":"https:\/\/schema.org","@graph":[{"@type":"Article","@id":"https:\/\/buergerbus-steinfurt.de\/?p=2843#article","isPartOf":{"@id":"https:\/\/buergerbus-steinfurt.de\/?p=2843"},"author":{"name":"Reimar Bage","@id":"https:\/\/buergerbus-steinfurt.de\/#\/schema\/person\/d0df83117f05647dd427e2cec47c2195"},"headline":"CDU-Radler machen Stopp beim B\u00fcrgerbus","datePublished":"2019-07-17T07:23:16+00:00","dateModified":"2019-07-17T07:26:16+00:00","mainEntityOfPage":{"@id":"https:\/\/buergerbus-steinfurt.de\/?p=2843"},"wordCount":104,"publisher":{"@id":"https:\/\/buergerbus-steinfurt.de\/#organization"},"image":{"@id":"https:\/\/buergerbus-steinfurt.de\/?p=2843#primaryimage"},"thumbnailUrl":"https:\/\/buergerbus-steinfurt.de\/wp-content\/uploads\/2019\/07\/CDU-beim-B\u00fcrgerbus.jpg","articleSection":["Uncategorized"],"inLanguage":"de"},{"@type":"WebPage","@id":"https:\/\/buergerbus-steinfurt.de\/?p=2843","url":"https:\/\/buergerbus-steinfurt.de\/?p=2843","name":"CDU-Radler machen Stopp beim B\u00fcrgerbus - B\u00fcrgerbus Steinfurt %","isPartOf":{"@id":"https:\/\/buergerbus-steinfurt.de\/#website"},"primaryImageOfPage":{"@id":"https:\/\/buergerbus-steinfurt.de\/?p=2843#primaryimage"},"image":{"@id":"https:\/\/buergerbus-steinfurt.de\/?p=2843#primaryimage"},"thumbnailUrl":"https:\/\/buergerbus-steinfurt.de\/wp-content\/uploads\/2019\/07\/CDU-beim-B\u00fcrgerbus.jpg","datePublished":"2019-07-17T07:23:16+00:00","dateModified":"2019-07-17T07:26:16+00:00","breadcrumb":{"@id":"https:\/\/buergerbus-steinfurt.de\/?p=2843#breadcrumb"},"inLanguage":"de","potentialAction":[{"@type":"ReadAction","target":["https:\/\/buergerbus-steinfurt.de\/?p=2843"]}]},{"@type":"ImageObject","inLanguage":"de","@id":"https:\/\/buergerbus-steinfurt.de\/?p=2843#primaryimage","url":"https:\/\/buergerbus-steinfurt.de\/wp-content\/uploads\/2019\/07\/CDU-beim-B\u00fcrgerbus.jpg","contentUrl":"https:\/\/buergerbus-steinfurt.de\/wp-content\/uploads\/2019\/07\/CDU-beim-B\u00fcrgerbus.jpg","width":4032,"height":3024},{"@type":"BreadcrumbList","@id":"https:\/\/buergerbus-steinfurt.de\/?p=2843#breadcrumb","itemListElement":[{"@type":"ListItem","position":1,"name":"Startseite","item":"https:\/\/buergerbus-steinfurt.de\/"},{"@type":"ListItem","position":2,"name":"CDU-Radler machen Stopp beim B\u00fcrgerbus"}]},{"@type":"WebSite","@id":"https:\/\/buergerbus-steinfurt.de\/#website","url":"https:\/\/buergerbus-steinfurt.de\/","name":"B\u00dcRGERBUS STEINFURT","description":"","publisher":{"@id":"https:\/\/buergerbus-steinfurt.de\/#organization"},"potentialAction":[{"@type":"SearchAction","target":{"@type":"EntryPoint","urlTemplate":"https:\/\/buergerbus-steinfurt.de\/?s={search_term_string}"},"query-input":{"@type":"PropertyValueSpecification","valueRequired":true,"valueName":"search_term_string"}}],"inLanguage":"de"},{"@type":"Organization","@id":"https:\/\/buergerbus-steinfurt.de\/#organization","name":"B\u00fcrgerbus Steinfurt e.V.","url":"https:\/\/buergerbus-steinfurt.de\/","logo":{"@type":"ImageObject","inLanguage":"de","@id":"https:\/\/buergerbus-steinfurt.de\/#\/schema\/logo\/image\/","url":"https:\/\/buergerbus-steinfurt.de\/wp-content\/uploads\/2022\/08\/2bb-steinfurt-logo-neu.png","contentUrl":"https:\/\/buergerbus-steinfurt.de\/wp-content\/uploads\/2022\/08\/2bb-steinfurt-logo-neu.png","width":293,"height":75,"caption":"B\u00fcrgerbus Steinfurt e.V."},"image":{"@id":"https:\/\/buergerbus-steinfurt.de\/#\/schema\/logo\/image\/"}},{"@type":"Person","@id":"https:\/\/buergerbus-steinfurt.de\/#\/schema\/person\/d0df83117f05647dd427e2cec47c2195","name":"Reimar Bage","image":{"@type":"ImageObject","inLanguage":"de","@id":"https:\/\/secure.gravatar.com\/avatar\/39763b5f1cf57f5fba11a8cef91d12bcd5b654814054b4c246daa1f3737f8a35?s=96&d=mm&r=g","url":"https:\/\/secure.gravatar.com\/avatar\/39763b5f1cf57f5fba11a8cef91d12bcd5b654814054b4c246daa1f3737f8a35?s=96&d=mm&r=g","contentUrl":"https:\/\/secure.gravatar.com\/avatar\/39763b5f1cf57f5fba11a8cef91d12bcd5b654814054b4c246daa1f3737f8a35?s=96&d=mm&r=g","caption":"Reimar Bage"},"url":"https:\/\/buergerbus-steinfurt.de\/?author=3"}]}},"_links":{"self":[{"href":"https:\/\/buergerbus-steinfurt.de\/index.php?rest_route=\/wp\/v2\/posts\/2843","targetHints":{"allow":["GET"]}}],"collection":[{"href":"https:\/\/buergerbus-steinfurt.de\/index.php?rest_route=\/wp\/v2\/posts"}],"about":[{"href":"https:\/\/buergerbus-steinfurt.de\/index.php?rest_route=\/wp\/v2\/types\/post"}],"author":[{"embeddable":true,"href":"https:\/\/buergerbus-steinfurt.de\/index.php?rest_route=\/wp\/v2\/users\/3"}],"replies":[{"embeddable":true,"href":"https:\/\/buergerbus-steinfurt.de\/index.php?rest_route=%2Fwp%2Fv2%2Fcomments&post=2843"}],"version-history":[{"count":3,"href":"https:\/\/buergerbus-steinfurt.de\/index.php?rest_route=\/wp\/v2\/posts\/2843\/revisions"}],"predecessor-version":[{"id":2848,"href":"https:\/\/buergerbus-steinfurt.de\/index.php?rest_route=\/wp\/v2\/posts\/2843\/revisions\/2848"}],"wp:featuredmedia":[{"embeddable":true,"href":"https:\/\/buergerbus-steinfurt.de\/index.php?rest_route=\/wp\/v2\/media\/2845"}],"wp:attachment":[{"href":"https:\/\/buergerbus-steinfurt.de\/index.php?rest_route=%2Fwp%2Fv2%2Fmedia&parent=2843"}],"wp:term":[{"taxonomy":"category","embeddable":true,"href":"https:\/\/buergerbus-steinfurt.de\/index.php?rest_route=%2Fwp%2Fv2%2Fcategories&post=2843"},{"taxonomy":"post_tag","embeddable":true,"href":"https:\/\/buergerbus-steinfurt.de\/index.php?rest_route=%2Fwp%2Fv2%2Ftags&post=2843"}],"curies":[{"name":"wp","href":"https:\/\/api.w.org\/{rel}","templated":true}]}}