{"id":2813,"date":"2019-06-11T10:21:44","date_gmt":"2019-06-11T10:21:44","guid":{"rendered":"https:\/\/buergerbus-steinfurt.de\/?p=2813"},"modified":"2019-06-13T08:08:39","modified_gmt":"2019-06-13T08:08:39","slug":"rekord-beim-buergerbus","status":"publish","type":"post","link":"https:\/\/buergerbus-steinfurt.de\/?p=2813","title":{"rendered":"Rekord beim B\u00fcrgerbus"},"content":{"rendered":"<p style=\"padding-left: 80px;\"><strong>Im Monat Mai nutzten 1158 Fahrg\u00e4ste das Angebot f\u00fcr beide Ortsteile<\/strong><\/p>\n<p><strong>Steinfurt. <\/strong>Auf der j\u00fcngsten Vorstandssitzung des B\u00fcrgerbusvereins Steinfurt wartete stellvertretender Vorsitzender Josef Greive mit einer neuen Rekordzahl auf: So benutzten im Monat Mai 1158 Fahrg\u00e4ste den Bus, der die beiden Steinfurter Ortsteile verbindet. Das war die bislang h\u00f6chste Fahrgastzahl in einem Monat seit dem Start des B\u00fcrgerbusses im Dezember 2011. \u201eWenn sich dieser Trend fortsetzt\u201c, so Greive, \u201eschaffen wir bis Ende des Jahres die 12.000er Grenze.\u201c<\/p>\n<p><img loading=\"lazy\" decoding=\"async\" class=\"alignleft wp-image-2819 size-medium\" src=\"https:\/\/buergerbus-steinfurt.de\/wp-content\/uploads\/2019\/06\/Bonuskarte-e1560249266179-300x212.jpg\" alt=\"\" width=\"300\" height=\"212\" \/><\/p>\n<p>Ein weitere Neuerung gibt es demn\u00e4chst bei den Bonuskarten: Sie sind gro\u00df wie ein Scheckkarte und k\u00f6nnen k\u00fcnftig auf der R\u00fcckseite vom Busfahrer entwertet werden. Die 10-Euro-Bonuskarte f\u00fcr 1-Euro-Fahrten innerhalb eines Ortsteils kostet 10 Euro und hat eine Freifahrt zus\u00e4tzlich. Die 12-Euro-Bonuskarte bietet acht Fahrten zu je 1,50 Euro, erm\u00f6glicht Fahrten zwischen den beiden Ortsteilen und gew\u00e4hrt ebenfalls eine Freifahrt als Zugabe.<\/p>\n<p>Ferner besprach der Vorstand die n\u00e4chsten Termine: Nach der Teilnahme am Sommerfest der Stadt f\u00fcr die Neub\u00fcrger am vergangenen Freitag wird das Sommerfest f\u00fcr alle Vereinsmitglieder am 18. Juli in Wilmsberg gefeiert. Dann steht am 30. September die \u201eFahrt ins Blaue\u201c an, \u00fcber deren Ziel bis zum Abfahrtstag strengstes Stillschweigen bei den Organisatoren herrscht. Am 9. Dezember findet dann die traditionelle Jahresabschluss-Feier in der Gastst\u00e4tte B\u00f6rger statt.<\/p>\n","protected":false},"excerpt":{"rendered":"<p>Im Monat Mai nutzten 1158 Fahrg\u00e4ste das Angebot f\u00fcr beide Ortsteile Steinfurt. Auf der j\u00fcngsten Vorstandssitzung des B\u00fcrgerbusvereins Steinfurt wartete stellvertretender Vorsitzender Josef Greive mit einer neuen Rekordzahl auf: So &#8230;<\/p>\n","protected":false},"author":3,"featured_media":2365,"comment_status":"closed","ping_status":"closed","sticky":false,"template":"","format":"standard","meta":{"footnotes":""},"categories":[1],"tags":[],"class_list":["post-2813","post","type-post","status-publish","format-standard","has-post-thumbnail","hentry","category-uncategorized"],"yoast_head":"<!-- This site is optimized with the Yoast SEO plugin v27.5 - https:\/\/yoast.com\/product\/yoast-seo-wordpress\/ -->\n<title>Rekord beim B\u00fcrgerbus - B\u00fcrgerbus Steinfurt %<\/title>\n<meta name=\"robots\" content=\"index, follow, max-snippet:-1, max-image-preview:large, max-video-preview:-1\" \/>\n<link rel=\"canonical\" href=\"https:\/\/buergerbus-steinfurt.de\/?p=2813\" \/>\n<meta property=\"og:locale\" content=\"de_DE\" \/>\n<meta property=\"og:type\" content=\"article\" \/>\n<meta property=\"og:title\" content=\"Rekord beim B\u00fcrgerbus - B\u00fcrgerbus Steinfurt %\" \/>\n<meta property=\"og:description\" content=\"Im Monat Mai nutzten 1158 Fahrg\u00e4ste das Angebot f\u00fcr beide Ortsteile Steinfurt. Auf der j\u00fcngsten Vorstandssitzung des B\u00fcrgerbusvereins Steinfurt wartete stellvertretender Vorsitzender Josef Greive mit einer neuen Rekordzahl auf: So ...\" \/>\n<meta property=\"og:url\" content=\"https:\/\/buergerbus-steinfurt.de\/?p=2813\" \/>\n<meta property=\"og:site_name\" content=\"B\u00fcrgerbus Steinfurt\" \/>\n<meta property=\"article:published_time\" content=\"2019-06-11T10:21:44+00:00\" \/>\n<meta property=\"article:modified_time\" content=\"2019-06-13T08:08:39+00:00\" \/>\n<meta property=\"og:image\" content=\"https:\/\/buergerbus-steinfurt.de\/wp-content\/uploads\/2018\/07\/Sprinter-1-1024x683.jpg\" \/>\n\t<meta property=\"og:image:width\" content=\"1024\" \/>\n\t<meta property=\"og:image:height\" content=\"683\" \/>\n\t<meta property=\"og:image:type\" content=\"image\/jpeg\" \/>\n<meta name=\"author\" content=\"Reimar Bage\" \/>\n<meta name=\"twitter:card\" content=\"summary_large_image\" \/>\n<meta name=\"twitter:label1\" content=\"Verfasst von\" \/>\n\t<meta name=\"twitter:data1\" content=\"Reimar Bage\" \/>\n\t<meta name=\"twitter:label2\" content=\"Gesch\u00e4tzte Lesezeit\" \/>\n\t<meta name=\"twitter:data2\" content=\"1\u00a0Minute\" \/>\n<script type=\"application\/ld+json\" class=\"yoast-schema-graph\">{\"@context\":\"https:\\\/\\\/schema.org\",\"@graph\":[{\"@type\":\"Article\",\"@id\":\"https:\\\/\\\/buergerbus-steinfurt.de\\\/?p=2813#article\",\"isPartOf\":{\"@id\":\"https:\\\/\\\/buergerbus-steinfurt.de\\\/?p=2813\"},\"author\":{\"name\":\"Reimar Bage\",\"@id\":\"https:\\\/\\\/buergerbus-steinfurt.de\\\/#\\\/schema\\\/person\\\/d0df83117f05647dd427e2cec47c2195\"},\"headline\":\"Rekord beim B\u00fcrgerbus\",\"datePublished\":\"2019-06-11T10:21:44+00:00\",\"dateModified\":\"2019-06-13T08:08:39+00:00\",\"mainEntityOfPage\":{\"@id\":\"https:\\\/\\\/buergerbus-steinfurt.de\\\/?p=2813\"},\"wordCount\":223,\"publisher\":{\"@id\":\"https:\\\/\\\/buergerbus-steinfurt.de\\\/#organization\"},\"image\":{\"@id\":\"https:\\\/\\\/buergerbus-steinfurt.de\\\/?p=2813#primaryimage\"},\"thumbnailUrl\":\"https:\\\/\\\/buergerbus-steinfurt.de\\\/wp-content\\\/uploads\\\/2018\\\/07\\\/Sprinter-1.jpg\",\"articleSection\":[\"Uncategorized\"],\"inLanguage\":\"de\"},{\"@type\":\"WebPage\",\"@id\":\"https:\\\/\\\/buergerbus-steinfurt.de\\\/?p=2813\",\"url\":\"https:\\\/\\\/buergerbus-steinfurt.de\\\/?p=2813\",\"name\":\"Rekord beim B\u00fcrgerbus - B\u00fcrgerbus Steinfurt %\",\"isPartOf\":{\"@id\":\"https:\\\/\\\/buergerbus-steinfurt.de\\\/#website\"},\"primaryImageOfPage\":{\"@id\":\"https:\\\/\\\/buergerbus-steinfurt.de\\\/?p=2813#primaryimage\"},\"image\":{\"@id\":\"https:\\\/\\\/buergerbus-steinfurt.de\\\/?p=2813#primaryimage\"},\"thumbnailUrl\":\"https:\\\/\\\/buergerbus-steinfurt.de\\\/wp-content\\\/uploads\\\/2018\\\/07\\\/Sprinter-1.jpg\",\"datePublished\":\"2019-06-11T10:21:44+00:00\",\"dateModified\":\"2019-06-13T08:08:39+00:00\",\"breadcrumb\":{\"@id\":\"https:\\\/\\\/buergerbus-steinfurt.de\\\/?p=2813#breadcrumb\"},\"inLanguage\":\"de\",\"potentialAction\":[{\"@type\":\"ReadAction\",\"target\":[\"https:\\\/\\\/buergerbus-steinfurt.de\\\/?p=2813\"]}]},{\"@type\":\"ImageObject\",\"inLanguage\":\"de\",\"@id\":\"https:\\\/\\\/buergerbus-steinfurt.de\\\/?p=2813#primaryimage\",\"url\":\"https:\\\/\\\/buergerbus-steinfurt.de\\\/wp-content\\\/uploads\\\/2018\\\/07\\\/Sprinter-1.jpg\",\"contentUrl\":\"https:\\\/\\\/buergerbus-steinfurt.de\\\/wp-content\\\/uploads\\\/2018\\\/07\\\/Sprinter-1.jpg\",\"width\":4272,\"height\":2848},{\"@type\":\"BreadcrumbList\",\"@id\":\"https:\\\/\\\/buergerbus-steinfurt.de\\\/?p=2813#breadcrumb\",\"itemListElement\":[{\"@type\":\"ListItem\",\"position\":1,\"name\":\"Startseite\",\"item\":\"https:\\\/\\\/buergerbus-steinfurt.de\\\/\"},{\"@type\":\"ListItem\",\"position\":2,\"name\":\"Rekord beim B\u00fcrgerbus\"}]},{\"@type\":\"WebSite\",\"@id\":\"https:\\\/\\\/buergerbus-steinfurt.de\\\/#website\",\"url\":\"https:\\\/\\\/buergerbus-steinfurt.de\\\/\",\"name\":\"B\u00dcRGERBUS STEINFURT\",\"description\":\"\",\"publisher\":{\"@id\":\"https:\\\/\\\/buergerbus-steinfurt.de\\\/#organization\"},\"potentialAction\":[{\"@type\":\"SearchAction\",\"target\":{\"@type\":\"EntryPoint\",\"urlTemplate\":\"https:\\\/\\\/buergerbus-steinfurt.de\\\/?s={search_term_string}\"},\"query-input\":{\"@type\":\"PropertyValueSpecification\",\"valueRequired\":true,\"valueName\":\"search_term_string\"}}],\"inLanguage\":\"de\"},{\"@type\":\"Organization\",\"@id\":\"https:\\\/\\\/buergerbus-steinfurt.de\\\/#organization\",\"name\":\"B\u00fcrgerbus Steinfurt e.V.\",\"url\":\"https:\\\/\\\/buergerbus-steinfurt.de\\\/\",\"logo\":{\"@type\":\"ImageObject\",\"inLanguage\":\"de\",\"@id\":\"https:\\\/\\\/buergerbus-steinfurt.de\\\/#\\\/schema\\\/logo\\\/image\\\/\",\"url\":\"https:\\\/\\\/buergerbus-steinfurt.de\\\/wp-content\\\/uploads\\\/2022\\\/08\\\/2bb-steinfurt-logo-neu.png\",\"contentUrl\":\"https:\\\/\\\/buergerbus-steinfurt.de\\\/wp-content\\\/uploads\\\/2022\\\/08\\\/2bb-steinfurt-logo-neu.png\",\"width\":293,\"height\":75,\"caption\":\"B\u00fcrgerbus Steinfurt e.V.\"},\"image\":{\"@id\":\"https:\\\/\\\/buergerbus-steinfurt.de\\\/#\\\/schema\\\/logo\\\/image\\\/\"}},{\"@type\":\"Person\",\"@id\":\"https:\\\/\\\/buergerbus-steinfurt.de\\\/#\\\/schema\\\/person\\\/d0df83117f05647dd427e2cec47c2195\",\"name\":\"Reimar Bage\",\"image\":{\"@type\":\"ImageObject\",\"inLanguage\":\"de\",\"@id\":\"https:\\\/\\\/secure.gravatar.com\\\/avatar\\\/39763b5f1cf57f5fba11a8cef91d12bcd5b654814054b4c246daa1f3737f8a35?s=96&d=mm&r=g\",\"url\":\"https:\\\/\\\/secure.gravatar.com\\\/avatar\\\/39763b5f1cf57f5fba11a8cef91d12bcd5b654814054b4c246daa1f3737f8a35?s=96&d=mm&r=g\",\"contentUrl\":\"https:\\\/\\\/secure.gravatar.com\\\/avatar\\\/39763b5f1cf57f5fba11a8cef91d12bcd5b654814054b4c246daa1f3737f8a35?s=96&d=mm&r=g\",\"caption\":\"Reimar Bage\"},\"url\":\"https:\\\/\\\/buergerbus-steinfurt.de\\\/?author=3\"}]}<\/script>\n<!-- \/ Yoast SEO plugin. -->","yoast_head_json":{"title":"Rekord beim B\u00fcrgerbus - B\u00fcrgerbus Steinfurt %","robots":{"index":"index","follow":"follow","max-snippet":"max-snippet:-1","max-image-preview":"max-image-preview:large","max-video-preview":"max-video-preview:-1"},"canonical":"https:\/\/buergerbus-steinfurt.de\/?p=2813","og_locale":"de_DE","og_type":"article","og_title":"Rekord beim B\u00fcrgerbus - B\u00fcrgerbus Steinfurt %","og_description":"Im Monat Mai nutzten 1158 Fahrg\u00e4ste das Angebot f\u00fcr beide Ortsteile Steinfurt. Auf der j\u00fcngsten Vorstandssitzung des B\u00fcrgerbusvereins Steinfurt wartete stellvertretender Vorsitzender Josef Greive mit einer neuen Rekordzahl auf: So ...","og_url":"https:\/\/buergerbus-steinfurt.de\/?p=2813","og_site_name":"B\u00fcrgerbus Steinfurt","article_published_time":"2019-06-11T10:21:44+00:00","article_modified_time":"2019-06-13T08:08:39+00:00","og_image":[{"width":1024,"height":683,"url":"https:\/\/buergerbus-steinfurt.de\/wp-content\/uploads\/2018\/07\/Sprinter-1-1024x683.jpg","type":"image\/jpeg"}],"author":"Reimar Bage","twitter_card":"summary_large_image","twitter_misc":{"Verfasst von":"Reimar Bage","Gesch\u00e4tzte Lesezeit":"1\u00a0Minute"},"schema":{"@context":"https:\/\/schema.org","@graph":[{"@type":"Article","@id":"https:\/\/buergerbus-steinfurt.de\/?p=2813#article","isPartOf":{"@id":"https:\/\/buergerbus-steinfurt.de\/?p=2813"},"author":{"name":"Reimar Bage","@id":"https:\/\/buergerbus-steinfurt.de\/#\/schema\/person\/d0df83117f05647dd427e2cec47c2195"},"headline":"Rekord beim B\u00fcrgerbus","datePublished":"2019-06-11T10:21:44+00:00","dateModified":"2019-06-13T08:08:39+00:00","mainEntityOfPage":{"@id":"https:\/\/buergerbus-steinfurt.de\/?p=2813"},"wordCount":223,"publisher":{"@id":"https:\/\/buergerbus-steinfurt.de\/#organization"},"image":{"@id":"https:\/\/buergerbus-steinfurt.de\/?p=2813#primaryimage"},"thumbnailUrl":"https:\/\/buergerbus-steinfurt.de\/wp-content\/uploads\/2018\/07\/Sprinter-1.jpg","articleSection":["Uncategorized"],"inLanguage":"de"},{"@type":"WebPage","@id":"https:\/\/buergerbus-steinfurt.de\/?p=2813","url":"https:\/\/buergerbus-steinfurt.de\/?p=2813","name":"Rekord beim B\u00fcrgerbus - B\u00fcrgerbus Steinfurt %","isPartOf":{"@id":"https:\/\/buergerbus-steinfurt.de\/#website"},"primaryImageOfPage":{"@id":"https:\/\/buergerbus-steinfurt.de\/?p=2813#primaryimage"},"image":{"@id":"https:\/\/buergerbus-steinfurt.de\/?p=2813#primaryimage"},"thumbnailUrl":"https:\/\/buergerbus-steinfurt.de\/wp-content\/uploads\/2018\/07\/Sprinter-1.jpg","datePublished":"2019-06-11T10:21:44+00:00","dateModified":"2019-06-13T08:08:39+00:00","breadcrumb":{"@id":"https:\/\/buergerbus-steinfurt.de\/?p=2813#breadcrumb"},"inLanguage":"de","potentialAction":[{"@type":"ReadAction","target":["https:\/\/buergerbus-steinfurt.de\/?p=2813"]}]},{"@type":"ImageObject","inLanguage":"de","@id":"https:\/\/buergerbus-steinfurt.de\/?p=2813#primaryimage","url":"https:\/\/buergerbus-steinfurt.de\/wp-content\/uploads\/2018\/07\/Sprinter-1.jpg","contentUrl":"https:\/\/buergerbus-steinfurt.de\/wp-content\/uploads\/2018\/07\/Sprinter-1.jpg","width":4272,"height":2848},{"@type":"BreadcrumbList","@id":"https:\/\/buergerbus-steinfurt.de\/?p=2813#breadcrumb","itemListElement":[{"@type":"ListItem","position":1,"name":"Startseite","item":"https:\/\/buergerbus-steinfurt.de\/"},{"@type":"ListItem","position":2,"name":"Rekord beim B\u00fcrgerbus"}]},{"@type":"WebSite","@id":"https:\/\/buergerbus-steinfurt.de\/#website","url":"https:\/\/buergerbus-steinfurt.de\/","name":"B\u00dcRGERBUS STEINFURT","description":"","publisher":{"@id":"https:\/\/buergerbus-steinfurt.de\/#organization"},"potentialAction":[{"@type":"SearchAction","target":{"@type":"EntryPoint","urlTemplate":"https:\/\/buergerbus-steinfurt.de\/?s={search_term_string}"},"query-input":{"@type":"PropertyValueSpecification","valueRequired":true,"valueName":"search_term_string"}}],"inLanguage":"de"},{"@type":"Organization","@id":"https:\/\/buergerbus-steinfurt.de\/#organization","name":"B\u00fcrgerbus Steinfurt e.V.","url":"https:\/\/buergerbus-steinfurt.de\/","logo":{"@type":"ImageObject","inLanguage":"de","@id":"https:\/\/buergerbus-steinfurt.de\/#\/schema\/logo\/image\/","url":"https:\/\/buergerbus-steinfurt.de\/wp-content\/uploads\/2022\/08\/2bb-steinfurt-logo-neu.png","contentUrl":"https:\/\/buergerbus-steinfurt.de\/wp-content\/uploads\/2022\/08\/2bb-steinfurt-logo-neu.png","width":293,"height":75,"caption":"B\u00fcrgerbus Steinfurt e.V."},"image":{"@id":"https:\/\/buergerbus-steinfurt.de\/#\/schema\/logo\/image\/"}},{"@type":"Person","@id":"https:\/\/buergerbus-steinfurt.de\/#\/schema\/person\/d0df83117f05647dd427e2cec47c2195","name":"Reimar Bage","image":{"@type":"ImageObject","inLanguage":"de","@id":"https:\/\/secure.gravatar.com\/avatar\/39763b5f1cf57f5fba11a8cef91d12bcd5b654814054b4c246daa1f3737f8a35?s=96&d=mm&r=g","url":"https:\/\/secure.gravatar.com\/avatar\/39763b5f1cf57f5fba11a8cef91d12bcd5b654814054b4c246daa1f3737f8a35?s=96&d=mm&r=g","contentUrl":"https:\/\/secure.gravatar.com\/avatar\/39763b5f1cf57f5fba11a8cef91d12bcd5b654814054b4c246daa1f3737f8a35?s=96&d=mm&r=g","caption":"Reimar Bage"},"url":"https:\/\/buergerbus-steinfurt.de\/?author=3"}]}},"_links":{"self":[{"href":"https:\/\/buergerbus-steinfurt.de\/index.php?rest_route=\/wp\/v2\/posts\/2813","targetHints":{"allow":["GET"]}}],"collection":[{"href":"https:\/\/buergerbus-steinfurt.de\/index.php?rest_route=\/wp\/v2\/posts"}],"about":[{"href":"https:\/\/buergerbus-steinfurt.de\/index.php?rest_route=\/wp\/v2\/types\/post"}],"author":[{"embeddable":true,"href":"https:\/\/buergerbus-steinfurt.de\/index.php?rest_route=\/wp\/v2\/users\/3"}],"replies":[{"embeddable":true,"href":"https:\/\/buergerbus-steinfurt.de\/index.php?rest_route=%2Fwp%2Fv2%2Fcomments&post=2813"}],"version-history":[{"count":7,"href":"https:\/\/buergerbus-steinfurt.de\/index.php?rest_route=\/wp\/v2\/posts\/2813\/revisions"}],"predecessor-version":[{"id":2829,"href":"https:\/\/buergerbus-steinfurt.de\/index.php?rest_route=\/wp\/v2\/posts\/2813\/revisions\/2829"}],"wp:featuredmedia":[{"embeddable":true,"href":"https:\/\/buergerbus-steinfurt.de\/index.php?rest_route=\/wp\/v2\/media\/2365"}],"wp:attachment":[{"href":"https:\/\/buergerbus-steinfurt.de\/index.php?rest_route=%2Fwp%2Fv2%2Fmedia&parent=2813"}],"wp:term":[{"taxonomy":"category","embeddable":true,"href":"https:\/\/buergerbus-steinfurt.de\/index.php?rest_route=%2Fwp%2Fv2%2Fcategories&post=2813"},{"taxonomy":"post_tag","embeddable":true,"href":"https:\/\/buergerbus-steinfurt.de\/index.php?rest_route=%2Fwp%2Fv2%2Ftags&post=2813"}],"curies":[{"name":"wp","href":"https:\/\/api.w.org\/{rel}","templated":true}]}}