{"id":2774,"date":"2019-05-17T09:57:52","date_gmt":"2019-05-17T09:57:52","guid":{"rendered":"https:\/\/buergerbus-steinfurt.de\/?p=2774"},"modified":"2019-05-19T11:10:12","modified_gmt":"2019-05-19T11:10:12","slug":"sparschwein-im-buergerbus-geschlachtet","status":"publish","type":"post","link":"https:\/\/buergerbus-steinfurt.de\/?p=2774","title":{"rendered":"Sparschwein im B\u00fcrgerbus &#8222;geschlachtet&#8220;"},"content":{"rendered":"<p><img loading=\"lazy\" decoding=\"async\" class=\"aligncenter size-large wp-image-2786\" src=\"https:\/\/buergerbus-steinfurt.de\/wp-content\/uploads\/2019\/05\/IMG_4199-1-1024x527.jpg\" alt=\"\" width=\"800\" height=\"412\" srcset=\"https:\/\/buergerbus-steinfurt.de\/wp-content\/uploads\/2019\/05\/IMG_4199-1-1024x527.jpg 1024w, https:\/\/buergerbus-steinfurt.de\/wp-content\/uploads\/2019\/05\/IMG_4199-1-300x154.jpg 300w, https:\/\/buergerbus-steinfurt.de\/wp-content\/uploads\/2019\/05\/IMG_4199-1-768x395.jpg 768w\" sizes=\"auto, (max-width: 800px) 100vw, 800px\" \/><\/p>\n<p>Erneut haben die Fahrerinnen und Fahrer des B\u00fcrgerbusses Steinfurt &#8222;Schlachtfest&#8220; gefeiert. In den vergangenen zwei Jahren haben viele Fahrg\u00e4ste aus verschiedensten Gr\u00fcnden &#8211; vorrangig aber wegen der freundliche Hilfe und des uneigenn\u00fctzigen Einsatzes &#8211; das Sparschwein mit Spenden &#8222;gef\u00fcttert&#8220;, das auf dem Fahrertisch steht. Jetzt hatte das Team Gelegenheit, den ansehnlichen Inhalt in kulinarische K\u00f6stlichkeiten zu verwandeln. Dazu traf man sich erneut zu einem Spargelb\u00fcfett im Caf\u00e9 Probst in Burgsteinfurt. Dort begr\u00fc\u00dften Monika Probst und Vorsitzender Ferdinand Brust Fahrerinnen und Fahrer und dankten allen f\u00fcr den ehrenamtlichen Einsatz. Nach der Spargelcremesuppe zum Auftakt gab es anschlie\u00dfend Spargel satt mit verschiedensten Beilagen und So\u00dfen. Und zum Abschluss konnte man noch ein leckeres Dessert-B\u00fcfett pl\u00fcndern. Bei verschiedenen Getr\u00e4nken verbrachten die Frauen und M\u00e4nner des B\u00fcrgerbus-Teams noch einige harmonische Stunden.<\/p>\n<p>&nbsp;<\/p>\n<p><img loading=\"lazy\" decoding=\"async\" class=\"aligncenter size-large wp-image-2790\" src=\"https:\/\/buergerbus-steinfurt.de\/wp-content\/uploads\/2019\/05\/IMG_4196-1024x683.jpg\" alt=\"\" width=\"800\" height=\"534\" srcset=\"https:\/\/buergerbus-steinfurt.de\/wp-content\/uploads\/2019\/05\/IMG_4196-1024x683.jpg 1024w, https:\/\/buergerbus-steinfurt.de\/wp-content\/uploads\/2019\/05\/IMG_4196-300x200.jpg 300w, https:\/\/buergerbus-steinfurt.de\/wp-content\/uploads\/2019\/05\/IMG_4196-768x512.jpg 768w\" sizes=\"auto, (max-width: 800px) 100vw, 800px\" \/><\/p>\n<p><img loading=\"lazy\" decoding=\"async\" class=\"aligncenter size-large wp-image-2780\" src=\"https:\/\/buergerbus-steinfurt.de\/wp-content\/uploads\/2019\/05\/IMG_4192-1-1024x683.jpg\" alt=\"\" width=\"800\" height=\"534\" srcset=\"https:\/\/buergerbus-steinfurt.de\/wp-content\/uploads\/2019\/05\/IMG_4192-1-1024x683.jpg 1024w, https:\/\/buergerbus-steinfurt.de\/wp-content\/uploads\/2019\/05\/IMG_4192-1-300x200.jpg 300w, https:\/\/buergerbus-steinfurt.de\/wp-content\/uploads\/2019\/05\/IMG_4192-1-768x512.jpg 768w\" sizes=\"auto, (max-width: 800px) 100vw, 800px\" \/><\/p>\n<p><img loading=\"lazy\" decoding=\"async\" class=\"aligncenter size-large wp-image-2784\" src=\"https:\/\/buergerbus-steinfurt.de\/wp-content\/uploads\/2019\/05\/IMG_4201-1024x683.jpg\" alt=\"\" width=\"800\" height=\"534\" srcset=\"https:\/\/buergerbus-steinfurt.de\/wp-content\/uploads\/2019\/05\/IMG_4201-1024x683.jpg 1024w, https:\/\/buergerbus-steinfurt.de\/wp-content\/uploads\/2019\/05\/IMG_4201-300x200.jpg 300w, https:\/\/buergerbus-steinfurt.de\/wp-content\/uploads\/2019\/05\/IMG_4201-768x512.jpg 768w\" sizes=\"auto, (max-width: 800px) 100vw, 800px\" \/><\/p>\n<p><img loading=\"lazy\" decoding=\"async\" class=\"aligncenter size-large wp-image-2781\" src=\"https:\/\/buergerbus-steinfurt.de\/wp-content\/uploads\/2019\/05\/IMG_4193-1024x683.jpg\" alt=\"\" width=\"800\" height=\"534\" srcset=\"https:\/\/buergerbus-steinfurt.de\/wp-content\/uploads\/2019\/05\/IMG_4193-1024x683.jpg 1024w, https:\/\/buergerbus-steinfurt.de\/wp-content\/uploads\/2019\/05\/IMG_4193-300x200.jpg 300w, https:\/\/buergerbus-steinfurt.de\/wp-content\/uploads\/2019\/05\/IMG_4193-768x512.jpg 768w\" sizes=\"auto, (max-width: 800px) 100vw, 800px\" \/><\/p>\n","protected":false},"excerpt":{"rendered":"<p>Erneut haben die Fahrerinnen und Fahrer des B\u00fcrgerbusses Steinfurt &#8222;Schlachtfest&#8220; gefeiert. In den vergangenen zwei Jahren haben viele Fahrg\u00e4ste aus verschiedensten Gr\u00fcnden &#8211; vorrangig aber wegen der freundliche Hilfe und &#8230;<\/p>\n","protected":false},"author":3,"featured_media":2788,"comment_status":"closed","ping_status":"closed","sticky":false,"template":"","format":"standard","meta":{"footnotes":""},"categories":[1],"tags":[],"class_list":["post-2774","post","type-post","status-publish","format-standard","has-post-thumbnail","hentry","category-uncategorized"],"yoast_head":"<!-- This site is optimized with the Yoast SEO plugin v27.5 - https:\/\/yoast.com\/product\/yoast-seo-wordpress\/ -->\n<title>Sparschwein im B\u00fcrgerbus &quot;geschlachtet&quot; - B\u00fcrgerbus Steinfurt %<\/title>\n<meta name=\"robots\" content=\"index, follow, max-snippet:-1, max-image-preview:large, max-video-preview:-1\" \/>\n<link rel=\"canonical\" href=\"https:\/\/buergerbus-steinfurt.de\/?p=2774\" \/>\n<meta property=\"og:locale\" content=\"de_DE\" \/>\n<meta property=\"og:type\" content=\"article\" \/>\n<meta property=\"og:title\" content=\"Sparschwein im B\u00fcrgerbus &quot;geschlachtet&quot; - B\u00fcrgerbus Steinfurt %\" \/>\n<meta property=\"og:description\" content=\"Erneut haben die Fahrerinnen und Fahrer des B\u00fcrgerbusses Steinfurt &#8222;Schlachtfest&#8220; gefeiert. In den vergangenen zwei Jahren haben viele Fahrg\u00e4ste aus verschiedensten Gr\u00fcnden &#8211; vorrangig aber wegen der freundliche Hilfe und ...\" \/>\n<meta property=\"og:url\" content=\"https:\/\/buergerbus-steinfurt.de\/?p=2774\" \/>\n<meta property=\"og:site_name\" content=\"B\u00fcrgerbus Steinfurt\" \/>\n<meta property=\"article:published_time\" content=\"2019-05-17T09:57:52+00:00\" \/>\n<meta property=\"article:modified_time\" content=\"2019-05-19T11:10:12+00:00\" \/>\n<meta property=\"og:image\" content=\"https:\/\/buergerbus-steinfurt.de\/wp-content\/uploads\/2019\/05\/IMG_4198-1024x565.jpg\" \/>\n\t<meta property=\"og:image:width\" content=\"1024\" \/>\n\t<meta property=\"og:image:height\" content=\"565\" \/>\n\t<meta property=\"og:image:type\" content=\"image\/jpeg\" \/>\n<meta name=\"author\" content=\"Reimar Bage\" \/>\n<meta name=\"twitter:card\" content=\"summary_large_image\" \/>\n<meta name=\"twitter:label1\" content=\"Verfasst von\" \/>\n\t<meta name=\"twitter:data1\" content=\"Reimar Bage\" \/>\n\t<meta name=\"twitter:label2\" content=\"Gesch\u00e4tzte Lesezeit\" \/>\n\t<meta name=\"twitter:data2\" content=\"1\u00a0Minute\" \/>\n<script type=\"application\/ld+json\" class=\"yoast-schema-graph\">{\"@context\":\"https:\\\/\\\/schema.org\",\"@graph\":[{\"@type\":\"Article\",\"@id\":\"https:\\\/\\\/buergerbus-steinfurt.de\\\/?p=2774#article\",\"isPartOf\":{\"@id\":\"https:\\\/\\\/buergerbus-steinfurt.de\\\/?p=2774\"},\"author\":{\"name\":\"Reimar Bage\",\"@id\":\"https:\\\/\\\/buergerbus-steinfurt.de\\\/#\\\/schema\\\/person\\\/d0df83117f05647dd427e2cec47c2195\"},\"headline\":\"Sparschwein im B\u00fcrgerbus &#8222;geschlachtet&#8220;\",\"datePublished\":\"2019-05-17T09:57:52+00:00\",\"dateModified\":\"2019-05-19T11:10:12+00:00\",\"mainEntityOfPage\":{\"@id\":\"https:\\\/\\\/buergerbus-steinfurt.de\\\/?p=2774\"},\"wordCount\":149,\"publisher\":{\"@id\":\"https:\\\/\\\/buergerbus-steinfurt.de\\\/#organization\"},\"image\":{\"@id\":\"https:\\\/\\\/buergerbus-steinfurt.de\\\/?p=2774#primaryimage\"},\"thumbnailUrl\":\"https:\\\/\\\/buergerbus-steinfurt.de\\\/wp-content\\\/uploads\\\/2019\\\/05\\\/IMG_4198.jpg\",\"articleSection\":[\"Uncategorized\"],\"inLanguage\":\"de\"},{\"@type\":\"WebPage\",\"@id\":\"https:\\\/\\\/buergerbus-steinfurt.de\\\/?p=2774\",\"url\":\"https:\\\/\\\/buergerbus-steinfurt.de\\\/?p=2774\",\"name\":\"Sparschwein im B\u00fcrgerbus \\\"geschlachtet\\\" - B\u00fcrgerbus Steinfurt %\",\"isPartOf\":{\"@id\":\"https:\\\/\\\/buergerbus-steinfurt.de\\\/#website\"},\"primaryImageOfPage\":{\"@id\":\"https:\\\/\\\/buergerbus-steinfurt.de\\\/?p=2774#primaryimage\"},\"image\":{\"@id\":\"https:\\\/\\\/buergerbus-steinfurt.de\\\/?p=2774#primaryimage\"},\"thumbnailUrl\":\"https:\\\/\\\/buergerbus-steinfurt.de\\\/wp-content\\\/uploads\\\/2019\\\/05\\\/IMG_4198.jpg\",\"datePublished\":\"2019-05-17T09:57:52+00:00\",\"dateModified\":\"2019-05-19T11:10:12+00:00\",\"breadcrumb\":{\"@id\":\"https:\\\/\\\/buergerbus-steinfurt.de\\\/?p=2774#breadcrumb\"},\"inLanguage\":\"de\",\"potentialAction\":[{\"@type\":\"ReadAction\",\"target\":[\"https:\\\/\\\/buergerbus-steinfurt.de\\\/?p=2774\"]}]},{\"@type\":\"ImageObject\",\"inLanguage\":\"de\",\"@id\":\"https:\\\/\\\/buergerbus-steinfurt.de\\\/?p=2774#primaryimage\",\"url\":\"https:\\\/\\\/buergerbus-steinfurt.de\\\/wp-content\\\/uploads\\\/2019\\\/05\\\/IMG_4198.jpg\",\"contentUrl\":\"https:\\\/\\\/buergerbus-steinfurt.de\\\/wp-content\\\/uploads\\\/2019\\\/05\\\/IMG_4198.jpg\",\"width\":3649,\"height\":2012},{\"@type\":\"BreadcrumbList\",\"@id\":\"https:\\\/\\\/buergerbus-steinfurt.de\\\/?p=2774#breadcrumb\",\"itemListElement\":[{\"@type\":\"ListItem\",\"position\":1,\"name\":\"Startseite\",\"item\":\"https:\\\/\\\/buergerbus-steinfurt.de\\\/\"},{\"@type\":\"ListItem\",\"position\":2,\"name\":\"Sparschwein im B\u00fcrgerbus &#8220;geschlachtet&#8221;\"}]},{\"@type\":\"WebSite\",\"@id\":\"https:\\\/\\\/buergerbus-steinfurt.de\\\/#website\",\"url\":\"https:\\\/\\\/buergerbus-steinfurt.de\\\/\",\"name\":\"B\u00dcRGERBUS STEINFURT\",\"description\":\"\",\"publisher\":{\"@id\":\"https:\\\/\\\/buergerbus-steinfurt.de\\\/#organization\"},\"potentialAction\":[{\"@type\":\"SearchAction\",\"target\":{\"@type\":\"EntryPoint\",\"urlTemplate\":\"https:\\\/\\\/buergerbus-steinfurt.de\\\/?s={search_term_string}\"},\"query-input\":{\"@type\":\"PropertyValueSpecification\",\"valueRequired\":true,\"valueName\":\"search_term_string\"}}],\"inLanguage\":\"de\"},{\"@type\":\"Organization\",\"@id\":\"https:\\\/\\\/buergerbus-steinfurt.de\\\/#organization\",\"name\":\"B\u00fcrgerbus Steinfurt e.V.\",\"url\":\"https:\\\/\\\/buergerbus-steinfurt.de\\\/\",\"logo\":{\"@type\":\"ImageObject\",\"inLanguage\":\"de\",\"@id\":\"https:\\\/\\\/buergerbus-steinfurt.de\\\/#\\\/schema\\\/logo\\\/image\\\/\",\"url\":\"https:\\\/\\\/buergerbus-steinfurt.de\\\/wp-content\\\/uploads\\\/2022\\\/08\\\/2bb-steinfurt-logo-neu.png\",\"contentUrl\":\"https:\\\/\\\/buergerbus-steinfurt.de\\\/wp-content\\\/uploads\\\/2022\\\/08\\\/2bb-steinfurt-logo-neu.png\",\"width\":293,\"height\":75,\"caption\":\"B\u00fcrgerbus Steinfurt e.V.\"},\"image\":{\"@id\":\"https:\\\/\\\/buergerbus-steinfurt.de\\\/#\\\/schema\\\/logo\\\/image\\\/\"}},{\"@type\":\"Person\",\"@id\":\"https:\\\/\\\/buergerbus-steinfurt.de\\\/#\\\/schema\\\/person\\\/d0df83117f05647dd427e2cec47c2195\",\"name\":\"Reimar Bage\",\"image\":{\"@type\":\"ImageObject\",\"inLanguage\":\"de\",\"@id\":\"https:\\\/\\\/secure.gravatar.com\\\/avatar\\\/39763b5f1cf57f5fba11a8cef91d12bcd5b654814054b4c246daa1f3737f8a35?s=96&d=mm&r=g\",\"url\":\"https:\\\/\\\/secure.gravatar.com\\\/avatar\\\/39763b5f1cf57f5fba11a8cef91d12bcd5b654814054b4c246daa1f3737f8a35?s=96&d=mm&r=g\",\"contentUrl\":\"https:\\\/\\\/secure.gravatar.com\\\/avatar\\\/39763b5f1cf57f5fba11a8cef91d12bcd5b654814054b4c246daa1f3737f8a35?s=96&d=mm&r=g\",\"caption\":\"Reimar Bage\"},\"url\":\"https:\\\/\\\/buergerbus-steinfurt.de\\\/?author=3\"}]}<\/script>\n<!-- \/ Yoast SEO plugin. -->","yoast_head_json":{"title":"Sparschwein im B\u00fcrgerbus \"geschlachtet\" - B\u00fcrgerbus Steinfurt %","robots":{"index":"index","follow":"follow","max-snippet":"max-snippet:-1","max-image-preview":"max-image-preview:large","max-video-preview":"max-video-preview:-1"},"canonical":"https:\/\/buergerbus-steinfurt.de\/?p=2774","og_locale":"de_DE","og_type":"article","og_title":"Sparschwein im B\u00fcrgerbus \"geschlachtet\" - B\u00fcrgerbus Steinfurt %","og_description":"Erneut haben die Fahrerinnen und Fahrer des B\u00fcrgerbusses Steinfurt &#8222;Schlachtfest&#8220; gefeiert. In den vergangenen zwei Jahren haben viele Fahrg\u00e4ste aus verschiedensten Gr\u00fcnden &#8211; vorrangig aber wegen der freundliche Hilfe und ...","og_url":"https:\/\/buergerbus-steinfurt.de\/?p=2774","og_site_name":"B\u00fcrgerbus Steinfurt","article_published_time":"2019-05-17T09:57:52+00:00","article_modified_time":"2019-05-19T11:10:12+00:00","og_image":[{"width":1024,"height":565,"url":"https:\/\/buergerbus-steinfurt.de\/wp-content\/uploads\/2019\/05\/IMG_4198-1024x565.jpg","type":"image\/jpeg"}],"author":"Reimar Bage","twitter_card":"summary_large_image","twitter_misc":{"Verfasst von":"Reimar Bage","Gesch\u00e4tzte Lesezeit":"1\u00a0Minute"},"schema":{"@context":"https:\/\/schema.org","@graph":[{"@type":"Article","@id":"https:\/\/buergerbus-steinfurt.de\/?p=2774#article","isPartOf":{"@id":"https:\/\/buergerbus-steinfurt.de\/?p=2774"},"author":{"name":"Reimar Bage","@id":"https:\/\/buergerbus-steinfurt.de\/#\/schema\/person\/d0df83117f05647dd427e2cec47c2195"},"headline":"Sparschwein im B\u00fcrgerbus &#8222;geschlachtet&#8220;","datePublished":"2019-05-17T09:57:52+00:00","dateModified":"2019-05-19T11:10:12+00:00","mainEntityOfPage":{"@id":"https:\/\/buergerbus-steinfurt.de\/?p=2774"},"wordCount":149,"publisher":{"@id":"https:\/\/buergerbus-steinfurt.de\/#organization"},"image":{"@id":"https:\/\/buergerbus-steinfurt.de\/?p=2774#primaryimage"},"thumbnailUrl":"https:\/\/buergerbus-steinfurt.de\/wp-content\/uploads\/2019\/05\/IMG_4198.jpg","articleSection":["Uncategorized"],"inLanguage":"de"},{"@type":"WebPage","@id":"https:\/\/buergerbus-steinfurt.de\/?p=2774","url":"https:\/\/buergerbus-steinfurt.de\/?p=2774","name":"Sparschwein im B\u00fcrgerbus \"geschlachtet\" - B\u00fcrgerbus Steinfurt %","isPartOf":{"@id":"https:\/\/buergerbus-steinfurt.de\/#website"},"primaryImageOfPage":{"@id":"https:\/\/buergerbus-steinfurt.de\/?p=2774#primaryimage"},"image":{"@id":"https:\/\/buergerbus-steinfurt.de\/?p=2774#primaryimage"},"thumbnailUrl":"https:\/\/buergerbus-steinfurt.de\/wp-content\/uploads\/2019\/05\/IMG_4198.jpg","datePublished":"2019-05-17T09:57:52+00:00","dateModified":"2019-05-19T11:10:12+00:00","breadcrumb":{"@id":"https:\/\/buergerbus-steinfurt.de\/?p=2774#breadcrumb"},"inLanguage":"de","potentialAction":[{"@type":"ReadAction","target":["https:\/\/buergerbus-steinfurt.de\/?p=2774"]}]},{"@type":"ImageObject","inLanguage":"de","@id":"https:\/\/buergerbus-steinfurt.de\/?p=2774#primaryimage","url":"https:\/\/buergerbus-steinfurt.de\/wp-content\/uploads\/2019\/05\/IMG_4198.jpg","contentUrl":"https:\/\/buergerbus-steinfurt.de\/wp-content\/uploads\/2019\/05\/IMG_4198.jpg","width":3649,"height":2012},{"@type":"BreadcrumbList","@id":"https:\/\/buergerbus-steinfurt.de\/?p=2774#breadcrumb","itemListElement":[{"@type":"ListItem","position":1,"name":"Startseite","item":"https:\/\/buergerbus-steinfurt.de\/"},{"@type":"ListItem","position":2,"name":"Sparschwein im B\u00fcrgerbus &#8220;geschlachtet&#8221;"}]},{"@type":"WebSite","@id":"https:\/\/buergerbus-steinfurt.de\/#website","url":"https:\/\/buergerbus-steinfurt.de\/","name":"B\u00dcRGERBUS STEINFURT","description":"","publisher":{"@id":"https:\/\/buergerbus-steinfurt.de\/#organization"},"potentialAction":[{"@type":"SearchAction","target":{"@type":"EntryPoint","urlTemplate":"https:\/\/buergerbus-steinfurt.de\/?s={search_term_string}"},"query-input":{"@type":"PropertyValueSpecification","valueRequired":true,"valueName":"search_term_string"}}],"inLanguage":"de"},{"@type":"Organization","@id":"https:\/\/buergerbus-steinfurt.de\/#organization","name":"B\u00fcrgerbus Steinfurt e.V.","url":"https:\/\/buergerbus-steinfurt.de\/","logo":{"@type":"ImageObject","inLanguage":"de","@id":"https:\/\/buergerbus-steinfurt.de\/#\/schema\/logo\/image\/","url":"https:\/\/buergerbus-steinfurt.de\/wp-content\/uploads\/2022\/08\/2bb-steinfurt-logo-neu.png","contentUrl":"https:\/\/buergerbus-steinfurt.de\/wp-content\/uploads\/2022\/08\/2bb-steinfurt-logo-neu.png","width":293,"height":75,"caption":"B\u00fcrgerbus Steinfurt e.V."},"image":{"@id":"https:\/\/buergerbus-steinfurt.de\/#\/schema\/logo\/image\/"}},{"@type":"Person","@id":"https:\/\/buergerbus-steinfurt.de\/#\/schema\/person\/d0df83117f05647dd427e2cec47c2195","name":"Reimar Bage","image":{"@type":"ImageObject","inLanguage":"de","@id":"https:\/\/secure.gravatar.com\/avatar\/39763b5f1cf57f5fba11a8cef91d12bcd5b654814054b4c246daa1f3737f8a35?s=96&d=mm&r=g","url":"https:\/\/secure.gravatar.com\/avatar\/39763b5f1cf57f5fba11a8cef91d12bcd5b654814054b4c246daa1f3737f8a35?s=96&d=mm&r=g","contentUrl":"https:\/\/secure.gravatar.com\/avatar\/39763b5f1cf57f5fba11a8cef91d12bcd5b654814054b4c246daa1f3737f8a35?s=96&d=mm&r=g","caption":"Reimar Bage"},"url":"https:\/\/buergerbus-steinfurt.de\/?author=3"}]}},"_links":{"self":[{"href":"https:\/\/buergerbus-steinfurt.de\/index.php?rest_route=\/wp\/v2\/posts\/2774","targetHints":{"allow":["GET"]}}],"collection":[{"href":"https:\/\/buergerbus-steinfurt.de\/index.php?rest_route=\/wp\/v2\/posts"}],"about":[{"href":"https:\/\/buergerbus-steinfurt.de\/index.php?rest_route=\/wp\/v2\/types\/post"}],"author":[{"embeddable":true,"href":"https:\/\/buergerbus-steinfurt.de\/index.php?rest_route=\/wp\/v2\/users\/3"}],"replies":[{"embeddable":true,"href":"https:\/\/buergerbus-steinfurt.de\/index.php?rest_route=%2Fwp%2Fv2%2Fcomments&post=2774"}],"version-history":[{"count":9,"href":"https:\/\/buergerbus-steinfurt.de\/index.php?rest_route=\/wp\/v2\/posts\/2774\/revisions"}],"predecessor-version":[{"id":2779,"href":"https:\/\/buergerbus-steinfurt.de\/index.php?rest_route=\/wp\/v2\/posts\/2774\/revisions\/2779"}],"wp:featuredmedia":[{"embeddable":true,"href":"https:\/\/buergerbus-steinfurt.de\/index.php?rest_route=\/wp\/v2\/media\/2788"}],"wp:attachment":[{"href":"https:\/\/buergerbus-steinfurt.de\/index.php?rest_route=%2Fwp%2Fv2%2Fmedia&parent=2774"}],"wp:term":[{"taxonomy":"category","embeddable":true,"href":"https:\/\/buergerbus-steinfurt.de\/index.php?rest_route=%2Fwp%2Fv2%2Fcategories&post=2774"},{"taxonomy":"post_tag","embeddable":true,"href":"https:\/\/buergerbus-steinfurt.de\/index.php?rest_route=%2Fwp%2Fv2%2Ftags&post=2774"}],"curies":[{"name":"wp","href":"https:\/\/api.w.org\/{rel}","templated":true}]}}