{"id":2719,"date":"2019-02-19T10:56:06","date_gmt":"2019-02-19T10:56:06","guid":{"rendered":"https:\/\/buergerbus-steinfurt.de\/?p=2719"},"modified":"2019-02-19T16:33:57","modified_gmt":"2019-02-19T16:33:57","slug":"buergerbus-puenktlicher-als-die-bahn","status":"publish","type":"post","link":"https:\/\/buergerbus-steinfurt.de\/?p=2719","title":{"rendered":"B\u00fcrgerbus p\u00fcnktlicher als die Bahn"},"content":{"rendered":"<p><strong>Josef Greive neuer 2. Vorsitzender\/ 11.465 Fahrg\u00e4ste sind Rekord<\/strong><\/p>\n<p><img loading=\"lazy\" decoding=\"async\" class=\"aligncenter size-large wp-image-2722\" src=\"https:\/\/buergerbus-steinfurt.de\/wp-content\/uploads\/2019\/02\/Vorstand-B\u00fcBus-1024x496.jpg\" alt=\"\" width=\"800\" height=\"388\" srcset=\"https:\/\/buergerbus-steinfurt.de\/wp-content\/uploads\/2019\/02\/Vorstand-B\u00fcBus-1024x496.jpg 1024w, https:\/\/buergerbus-steinfurt.de\/wp-content\/uploads\/2019\/02\/Vorstand-B\u00fcBus-300x145.jpg 300w, https:\/\/buergerbus-steinfurt.de\/wp-content\/uploads\/2019\/02\/Vorstand-B\u00fcBus-768x372.jpg 768w\" sizes=\"auto, (max-width: 800px) 100vw, 800px\" \/><\/p>\n<p><em>Der Vorstand nach den Neuwahlen (v.l.): Fahrdienstleiter Wilhelm Klaassen, stv. Kassierer Erich H\u00fclsey, Josef Greive als stv. Vorsitzender, Vorg\u00e4ngerin im Amt Margarete Zellerhoff, Justiziar Rudolf Diekmann, 1. Vorsitzender Ferdinand Brust und Gesch\u00e4ftsf\u00fchrer Manfred Entrup<\/em><\/p>\n<p><strong>Steinfurt.<\/strong> Die Erfolgsfahrt des B\u00fcrgerbusses Steinfurt geht unaufhaltsam weiter: Mit 11.465 Fahrg\u00e4sten an 297 Tagen wurde im vergangenen Jahr ein neuer Rekord aufgestellt. Das ist nur eine der guten Nachrichten, die 1. Vorsitzender Ferdinand Brust und seine Vorstandskollegen f\u00fcr die Besucher der Jahreshauptversammlung am Montag in der Gastst\u00e4tte B\u00f6rger bereit hatten. Josef Greive, der im weiteren Verlauf der Sitzung zum stellvertretenden Vorsitzenden gew\u00e4hlt wurde, hat anhand des im Bus installierten Systems FKS (Fahrassistent, Kasse, Statistik) ermitteln k\u00f6nnen: \u201eDer B\u00fcrgerbus Steinfurt ist p\u00fcnktlicher als die Bahn!\u201c<\/p>\n<p>Nach dem Gedenken an den im vergangenen Jahr verstorbenen Erich Wegjahn legte Vorsitzender Brust einen umfangreichen Jahresbericht vor, der mit etlichen Bildern eines PowerPoint-Vortrages unterlegt worden war. Der Verein z\u00e4hlte zum Jahresende 2018 insgesamt 111 Mitglieder, darunter 23 Frauen und 88 M\u00e4nner. Davon 45 ehrenamtliche Fahrerinnen und Fahrer. Besonderer Dank des Vorsitzenden galt den Sponsoren und F\u00f6rderern des B\u00fcrgerbusvereins, die mit dazu beitrugen, dass etliche sch\u00f6ne gesellige Veranstaltungen durchgef\u00fchrt werden konnten. Mit einer Ehrenurkunde und Nadel wurden schlie\u00dflich zwei \u201eM\u00e4nner der ersten Stunde\u201c, Heinrich Damer und Artur Scheurer, vom 1. Vorsitzenden aus ihrem ehrenamtlichen Dienst als Fahrer verabschiedet.<\/p>\n<p>Fahrdienstleiter Wilhelm Klaassen hatte weitere interessante Zahlen parat: Der beste Fahrmonat war der Oktober mit 1071 Fahrg\u00e4sten. Ausgezahlt hat sich auch die Einf\u00fchrung des Montags als Fahrtag, denn an ihm wurden im vergangenen Jahr 1556 Fahrg\u00e4ste bef\u00f6rdert, so dass am Jahresende ein Plus von 2279 Passagieren heraussprang, was einer Steigerung von 24,8 Prozent gegen\u00fcber 2017 entspricht.<\/p>\n<p>Nachdem stv. Kassenwart Erich H\u00fclsey \u00fcber eine gesunde Kassenlage berichtet hatte, beantragte Fredo van der Helm als Kassenpr\u00fcfer die Entlastung von Schatzmeister und Vorstand, die einstimmig erfolgte. Wilhelm Kammer wurde zum neuen Kassenpr\u00fcfer gew\u00e4hlt.<\/p>\n<p>Bei den satzungsgem\u00e4\u00dfen Vorstandsneuwahlen hatte die bisherige stv. Vorsitzende Margarete Zellerhoff auf eine erneute Kandidatur verzichtet. Ferdinand Brust dankte ihr f\u00fcr die hervorragende Mitarbeit in den vergangen f\u00fcnf Jahren mit einem Blumenstrau\u00df und einem Pr\u00e4sent. Die Versammlung folgte dann dem Vorschlag, Josef Greive als Nachfolger zu w\u00e4hlen. Ebenso einstimmig erfolgte die Wiederwahl von Gesch\u00e4ftsf\u00fchrer Manfred Entrup, Fahrdienstleiter Wilhelm Klaassen und Justiziar Rolf Diekmann.<\/p>\n<p><img loading=\"lazy\" decoding=\"async\" class=\"aligncenter wp-image-2720 size-full\" src=\"https:\/\/buergerbus-steinfurt.de\/wp-content\/uploads\/2019\/02\/Blick-in-den-Saal-B\u00fcBus.jpg\" alt=\"\" width=\"4065\" height=\"2222\" srcset=\"https:\/\/buergerbus-steinfurt.de\/wp-content\/uploads\/2019\/02\/Blick-in-den-Saal-B\u00fcBus.jpg 4065w, https:\/\/buergerbus-steinfurt.de\/wp-content\/uploads\/2019\/02\/Blick-in-den-Saal-B\u00fcBus-300x164.jpg 300w, https:\/\/buergerbus-steinfurt.de\/wp-content\/uploads\/2019\/02\/Blick-in-den-Saal-B\u00fcBus-768x420.jpg 768w, https:\/\/buergerbus-steinfurt.de\/wp-content\/uploads\/2019\/02\/Blick-in-den-Saal-B\u00fcBus-1024x560.jpg 1024w\" sizes=\"auto, (max-width: 4065px) 100vw, 4065px\" \/><\/p>\n<p><em>Blick in den Saal der Gastst\u00e4tte B\u00f6rger in B\u00f6rger bei der Jahreshauptversammlung<\/em><\/p>\n<p><img loading=\"lazy\" decoding=\"async\" class=\"aligncenter size-large wp-image-2721\" src=\"https:\/\/buergerbus-steinfurt.de\/wp-content\/uploads\/2019\/02\/Ehrung-B\u00fcBus-1024x683.jpg\" alt=\"\" width=\"800\" height=\"534\" srcset=\"https:\/\/buergerbus-steinfurt.de\/wp-content\/uploads\/2019\/02\/Ehrung-B\u00fcBus-1024x683.jpg 1024w, https:\/\/buergerbus-steinfurt.de\/wp-content\/uploads\/2019\/02\/Ehrung-B\u00fcBus-300x200.jpg 300w, https:\/\/buergerbus-steinfurt.de\/wp-content\/uploads\/2019\/02\/Ehrung-B\u00fcBus-768x512.jpg 768w\" sizes=\"auto, (max-width: 800px) 100vw, 800px\" \/><\/p>\n<p>A<em>rtur Scheurer (links) und Heinrich Damer (rechts) wurden mit einer Ehrenurkunde und Nadel vom 1. Vorsitzenden Ferdinand Brust, seiner Stellvertreterin Margarete Zellerhoff und Fahrdienstleiter Wilhelm Klaassen aus dem aktiven Fahrdienst verabschiedet<\/em><\/p>\n","protected":false},"excerpt":{"rendered":"<p>Josef Greive neuer 2. Vorsitzender\/ 11.465 Fahrg\u00e4ste sind Rekord Der Vorstand nach den Neuwahlen (v.l.): Fahrdienstleiter Wilhelm Klaassen, stv. Kassierer Erich H\u00fclsey, Josef Greive als stv. Vorsitzender, Vorg\u00e4ngerin im Amt &#8230;<\/p>\n","protected":false},"author":3,"featured_media":2721,"comment_status":"closed","ping_status":"closed","sticky":false,"template":"","format":"standard","meta":{"footnotes":""},"categories":[1],"tags":[],"class_list":["post-2719","post","type-post","status-publish","format-standard","has-post-thumbnail","hentry","category-uncategorized"],"yoast_head":"<!-- This site is optimized with the Yoast SEO plugin v27.5 - https:\/\/yoast.com\/product\/yoast-seo-wordpress\/ -->\n<title>B\u00fcrgerbus p\u00fcnktlicher als die Bahn - B\u00fcrgerbus Steinfurt %<\/title>\n<meta name=\"robots\" content=\"index, follow, max-snippet:-1, max-image-preview:large, max-video-preview:-1\" \/>\n<link rel=\"canonical\" href=\"https:\/\/buergerbus-steinfurt.de\/?p=2719\" \/>\n<meta property=\"og:locale\" content=\"de_DE\" \/>\n<meta property=\"og:type\" content=\"article\" \/>\n<meta property=\"og:title\" content=\"B\u00fcrgerbus p\u00fcnktlicher als die Bahn - B\u00fcrgerbus Steinfurt %\" \/>\n<meta property=\"og:description\" content=\"Josef Greive neuer 2. Vorsitzender\/ 11.465 Fahrg\u00e4ste sind Rekord Der Vorstand nach den Neuwahlen (v.l.): Fahrdienstleiter Wilhelm Klaassen, stv. Kassierer Erich H\u00fclsey, Josef Greive als stv. Vorsitzender, Vorg\u00e4ngerin im Amt ...\" \/>\n<meta property=\"og:url\" content=\"https:\/\/buergerbus-steinfurt.de\/?p=2719\" \/>\n<meta property=\"og:site_name\" content=\"B\u00fcrgerbus Steinfurt\" \/>\n<meta property=\"article:published_time\" content=\"2019-02-19T10:56:06+00:00\" \/>\n<meta property=\"article:modified_time\" content=\"2019-02-19T16:33:57+00:00\" \/>\n<meta property=\"og:image\" content=\"https:\/\/buergerbus-steinfurt.de\/wp-content\/uploads\/2019\/02\/Ehrung-B\u00fcBus-1024x683.jpg\" \/>\n\t<meta property=\"og:image:width\" content=\"1024\" \/>\n\t<meta property=\"og:image:height\" content=\"683\" \/>\n\t<meta property=\"og:image:type\" content=\"image\/jpeg\" \/>\n<meta name=\"author\" content=\"Reimar Bage\" \/>\n<meta name=\"twitter:card\" content=\"summary_large_image\" \/>\n<meta name=\"twitter:label1\" content=\"Verfasst von\" \/>\n\t<meta name=\"twitter:data1\" content=\"Reimar Bage\" \/>\n\t<meta name=\"twitter:label2\" content=\"Gesch\u00e4tzte Lesezeit\" \/>\n\t<meta name=\"twitter:data2\" content=\"2\u00a0Minuten\" \/>\n<script type=\"application\/ld+json\" class=\"yoast-schema-graph\">{\"@context\":\"https:\\\/\\\/schema.org\",\"@graph\":[{\"@type\":\"Article\",\"@id\":\"https:\\\/\\\/buergerbus-steinfurt.de\\\/?p=2719#article\",\"isPartOf\":{\"@id\":\"https:\\\/\\\/buergerbus-steinfurt.de\\\/?p=2719\"},\"author\":{\"name\":\"Reimar Bage\",\"@id\":\"https:\\\/\\\/buergerbus-steinfurt.de\\\/#\\\/schema\\\/person\\\/d0df83117f05647dd427e2cec47c2195\"},\"headline\":\"B\u00fcrgerbus p\u00fcnktlicher als die Bahn\",\"datePublished\":\"2019-02-19T10:56:06+00:00\",\"dateModified\":\"2019-02-19T16:33:57+00:00\",\"mainEntityOfPage\":{\"@id\":\"https:\\\/\\\/buergerbus-steinfurt.de\\\/?p=2719\"},\"wordCount\":453,\"publisher\":{\"@id\":\"https:\\\/\\\/buergerbus-steinfurt.de\\\/#organization\"},\"image\":{\"@id\":\"https:\\\/\\\/buergerbus-steinfurt.de\\\/?p=2719#primaryimage\"},\"thumbnailUrl\":\"https:\\\/\\\/buergerbus-steinfurt.de\\\/wp-content\\\/uploads\\\/2019\\\/02\\\/Ehrung-B\u00fcBus.jpg\",\"articleSection\":[\"Uncategorized\"],\"inLanguage\":\"de\"},{\"@type\":\"WebPage\",\"@id\":\"https:\\\/\\\/buergerbus-steinfurt.de\\\/?p=2719\",\"url\":\"https:\\\/\\\/buergerbus-steinfurt.de\\\/?p=2719\",\"name\":\"B\u00fcrgerbus p\u00fcnktlicher als die Bahn - B\u00fcrgerbus Steinfurt %\",\"isPartOf\":{\"@id\":\"https:\\\/\\\/buergerbus-steinfurt.de\\\/#website\"},\"primaryImageOfPage\":{\"@id\":\"https:\\\/\\\/buergerbus-steinfurt.de\\\/?p=2719#primaryimage\"},\"image\":{\"@id\":\"https:\\\/\\\/buergerbus-steinfurt.de\\\/?p=2719#primaryimage\"},\"thumbnailUrl\":\"https:\\\/\\\/buergerbus-steinfurt.de\\\/wp-content\\\/uploads\\\/2019\\\/02\\\/Ehrung-B\u00fcBus.jpg\",\"datePublished\":\"2019-02-19T10:56:06+00:00\",\"dateModified\":\"2019-02-19T16:33:57+00:00\",\"breadcrumb\":{\"@id\":\"https:\\\/\\\/buergerbus-steinfurt.de\\\/?p=2719#breadcrumb\"},\"inLanguage\":\"de\",\"potentialAction\":[{\"@type\":\"ReadAction\",\"target\":[\"https:\\\/\\\/buergerbus-steinfurt.de\\\/?p=2719\"]}]},{\"@type\":\"ImageObject\",\"inLanguage\":\"de\",\"@id\":\"https:\\\/\\\/buergerbus-steinfurt.de\\\/?p=2719#primaryimage\",\"url\":\"https:\\\/\\\/buergerbus-steinfurt.de\\\/wp-content\\\/uploads\\\/2019\\\/02\\\/Ehrung-B\u00fcBus.jpg\",\"contentUrl\":\"https:\\\/\\\/buergerbus-steinfurt.de\\\/wp-content\\\/uploads\\\/2019\\\/02\\\/Ehrung-B\u00fcBus.jpg\",\"width\":4272,\"height\":2848},{\"@type\":\"BreadcrumbList\",\"@id\":\"https:\\\/\\\/buergerbus-steinfurt.de\\\/?p=2719#breadcrumb\",\"itemListElement\":[{\"@type\":\"ListItem\",\"position\":1,\"name\":\"Startseite\",\"item\":\"https:\\\/\\\/buergerbus-steinfurt.de\\\/\"},{\"@type\":\"ListItem\",\"position\":2,\"name\":\"B\u00fcrgerbus p\u00fcnktlicher als die Bahn\"}]},{\"@type\":\"WebSite\",\"@id\":\"https:\\\/\\\/buergerbus-steinfurt.de\\\/#website\",\"url\":\"https:\\\/\\\/buergerbus-steinfurt.de\\\/\",\"name\":\"B\u00dcRGERBUS STEINFURT\",\"description\":\"\",\"publisher\":{\"@id\":\"https:\\\/\\\/buergerbus-steinfurt.de\\\/#organization\"},\"potentialAction\":[{\"@type\":\"SearchAction\",\"target\":{\"@type\":\"EntryPoint\",\"urlTemplate\":\"https:\\\/\\\/buergerbus-steinfurt.de\\\/?s={search_term_string}\"},\"query-input\":{\"@type\":\"PropertyValueSpecification\",\"valueRequired\":true,\"valueName\":\"search_term_string\"}}],\"inLanguage\":\"de\"},{\"@type\":\"Organization\",\"@id\":\"https:\\\/\\\/buergerbus-steinfurt.de\\\/#organization\",\"name\":\"B\u00fcrgerbus Steinfurt e.V.\",\"url\":\"https:\\\/\\\/buergerbus-steinfurt.de\\\/\",\"logo\":{\"@type\":\"ImageObject\",\"inLanguage\":\"de\",\"@id\":\"https:\\\/\\\/buergerbus-steinfurt.de\\\/#\\\/schema\\\/logo\\\/image\\\/\",\"url\":\"https:\\\/\\\/buergerbus-steinfurt.de\\\/wp-content\\\/uploads\\\/2022\\\/08\\\/2bb-steinfurt-logo-neu.png\",\"contentUrl\":\"https:\\\/\\\/buergerbus-steinfurt.de\\\/wp-content\\\/uploads\\\/2022\\\/08\\\/2bb-steinfurt-logo-neu.png\",\"width\":293,\"height\":75,\"caption\":\"B\u00fcrgerbus Steinfurt e.V.\"},\"image\":{\"@id\":\"https:\\\/\\\/buergerbus-steinfurt.de\\\/#\\\/schema\\\/logo\\\/image\\\/\"}},{\"@type\":\"Person\",\"@id\":\"https:\\\/\\\/buergerbus-steinfurt.de\\\/#\\\/schema\\\/person\\\/d0df83117f05647dd427e2cec47c2195\",\"name\":\"Reimar Bage\",\"image\":{\"@type\":\"ImageObject\",\"inLanguage\":\"de\",\"@id\":\"https:\\\/\\\/secure.gravatar.com\\\/avatar\\\/39763b5f1cf57f5fba11a8cef91d12bcd5b654814054b4c246daa1f3737f8a35?s=96&d=mm&r=g\",\"url\":\"https:\\\/\\\/secure.gravatar.com\\\/avatar\\\/39763b5f1cf57f5fba11a8cef91d12bcd5b654814054b4c246daa1f3737f8a35?s=96&d=mm&r=g\",\"contentUrl\":\"https:\\\/\\\/secure.gravatar.com\\\/avatar\\\/39763b5f1cf57f5fba11a8cef91d12bcd5b654814054b4c246daa1f3737f8a35?s=96&d=mm&r=g\",\"caption\":\"Reimar Bage\"},\"url\":\"https:\\\/\\\/buergerbus-steinfurt.de\\\/?author=3\"}]}<\/script>\n<!-- \/ Yoast SEO plugin. -->","yoast_head_json":{"title":"B\u00fcrgerbus p\u00fcnktlicher als die Bahn - B\u00fcrgerbus Steinfurt %","robots":{"index":"index","follow":"follow","max-snippet":"max-snippet:-1","max-image-preview":"max-image-preview:large","max-video-preview":"max-video-preview:-1"},"canonical":"https:\/\/buergerbus-steinfurt.de\/?p=2719","og_locale":"de_DE","og_type":"article","og_title":"B\u00fcrgerbus p\u00fcnktlicher als die Bahn - B\u00fcrgerbus Steinfurt %","og_description":"Josef Greive neuer 2. Vorsitzender\/ 11.465 Fahrg\u00e4ste sind Rekord Der Vorstand nach den Neuwahlen (v.l.): Fahrdienstleiter Wilhelm Klaassen, stv. Kassierer Erich H\u00fclsey, Josef Greive als stv. Vorsitzender, Vorg\u00e4ngerin im Amt ...","og_url":"https:\/\/buergerbus-steinfurt.de\/?p=2719","og_site_name":"B\u00fcrgerbus Steinfurt","article_published_time":"2019-02-19T10:56:06+00:00","article_modified_time":"2019-02-19T16:33:57+00:00","og_image":[{"width":1024,"height":683,"url":"https:\/\/buergerbus-steinfurt.de\/wp-content\/uploads\/2019\/02\/Ehrung-B\u00fcBus-1024x683.jpg","type":"image\/jpeg"}],"author":"Reimar Bage","twitter_card":"summary_large_image","twitter_misc":{"Verfasst von":"Reimar Bage","Gesch\u00e4tzte Lesezeit":"2\u00a0Minuten"},"schema":{"@context":"https:\/\/schema.org","@graph":[{"@type":"Article","@id":"https:\/\/buergerbus-steinfurt.de\/?p=2719#article","isPartOf":{"@id":"https:\/\/buergerbus-steinfurt.de\/?p=2719"},"author":{"name":"Reimar Bage","@id":"https:\/\/buergerbus-steinfurt.de\/#\/schema\/person\/d0df83117f05647dd427e2cec47c2195"},"headline":"B\u00fcrgerbus p\u00fcnktlicher als die Bahn","datePublished":"2019-02-19T10:56:06+00:00","dateModified":"2019-02-19T16:33:57+00:00","mainEntityOfPage":{"@id":"https:\/\/buergerbus-steinfurt.de\/?p=2719"},"wordCount":453,"publisher":{"@id":"https:\/\/buergerbus-steinfurt.de\/#organization"},"image":{"@id":"https:\/\/buergerbus-steinfurt.de\/?p=2719#primaryimage"},"thumbnailUrl":"https:\/\/buergerbus-steinfurt.de\/wp-content\/uploads\/2019\/02\/Ehrung-B\u00fcBus.jpg","articleSection":["Uncategorized"],"inLanguage":"de"},{"@type":"WebPage","@id":"https:\/\/buergerbus-steinfurt.de\/?p=2719","url":"https:\/\/buergerbus-steinfurt.de\/?p=2719","name":"B\u00fcrgerbus p\u00fcnktlicher als die Bahn - B\u00fcrgerbus Steinfurt %","isPartOf":{"@id":"https:\/\/buergerbus-steinfurt.de\/#website"},"primaryImageOfPage":{"@id":"https:\/\/buergerbus-steinfurt.de\/?p=2719#primaryimage"},"image":{"@id":"https:\/\/buergerbus-steinfurt.de\/?p=2719#primaryimage"},"thumbnailUrl":"https:\/\/buergerbus-steinfurt.de\/wp-content\/uploads\/2019\/02\/Ehrung-B\u00fcBus.jpg","datePublished":"2019-02-19T10:56:06+00:00","dateModified":"2019-02-19T16:33:57+00:00","breadcrumb":{"@id":"https:\/\/buergerbus-steinfurt.de\/?p=2719#breadcrumb"},"inLanguage":"de","potentialAction":[{"@type":"ReadAction","target":["https:\/\/buergerbus-steinfurt.de\/?p=2719"]}]},{"@type":"ImageObject","inLanguage":"de","@id":"https:\/\/buergerbus-steinfurt.de\/?p=2719#primaryimage","url":"https:\/\/buergerbus-steinfurt.de\/wp-content\/uploads\/2019\/02\/Ehrung-B\u00fcBus.jpg","contentUrl":"https:\/\/buergerbus-steinfurt.de\/wp-content\/uploads\/2019\/02\/Ehrung-B\u00fcBus.jpg","width":4272,"height":2848},{"@type":"BreadcrumbList","@id":"https:\/\/buergerbus-steinfurt.de\/?p=2719#breadcrumb","itemListElement":[{"@type":"ListItem","position":1,"name":"Startseite","item":"https:\/\/buergerbus-steinfurt.de\/"},{"@type":"ListItem","position":2,"name":"B\u00fcrgerbus p\u00fcnktlicher als die Bahn"}]},{"@type":"WebSite","@id":"https:\/\/buergerbus-steinfurt.de\/#website","url":"https:\/\/buergerbus-steinfurt.de\/","name":"B\u00dcRGERBUS STEINFURT","description":"","publisher":{"@id":"https:\/\/buergerbus-steinfurt.de\/#organization"},"potentialAction":[{"@type":"SearchAction","target":{"@type":"EntryPoint","urlTemplate":"https:\/\/buergerbus-steinfurt.de\/?s={search_term_string}"},"query-input":{"@type":"PropertyValueSpecification","valueRequired":true,"valueName":"search_term_string"}}],"inLanguage":"de"},{"@type":"Organization","@id":"https:\/\/buergerbus-steinfurt.de\/#organization","name":"B\u00fcrgerbus Steinfurt e.V.","url":"https:\/\/buergerbus-steinfurt.de\/","logo":{"@type":"ImageObject","inLanguage":"de","@id":"https:\/\/buergerbus-steinfurt.de\/#\/schema\/logo\/image\/","url":"https:\/\/buergerbus-steinfurt.de\/wp-content\/uploads\/2022\/08\/2bb-steinfurt-logo-neu.png","contentUrl":"https:\/\/buergerbus-steinfurt.de\/wp-content\/uploads\/2022\/08\/2bb-steinfurt-logo-neu.png","width":293,"height":75,"caption":"B\u00fcrgerbus Steinfurt e.V."},"image":{"@id":"https:\/\/buergerbus-steinfurt.de\/#\/schema\/logo\/image\/"}},{"@type":"Person","@id":"https:\/\/buergerbus-steinfurt.de\/#\/schema\/person\/d0df83117f05647dd427e2cec47c2195","name":"Reimar Bage","image":{"@type":"ImageObject","inLanguage":"de","@id":"https:\/\/secure.gravatar.com\/avatar\/39763b5f1cf57f5fba11a8cef91d12bcd5b654814054b4c246daa1f3737f8a35?s=96&d=mm&r=g","url":"https:\/\/secure.gravatar.com\/avatar\/39763b5f1cf57f5fba11a8cef91d12bcd5b654814054b4c246daa1f3737f8a35?s=96&d=mm&r=g","contentUrl":"https:\/\/secure.gravatar.com\/avatar\/39763b5f1cf57f5fba11a8cef91d12bcd5b654814054b4c246daa1f3737f8a35?s=96&d=mm&r=g","caption":"Reimar Bage"},"url":"https:\/\/buergerbus-steinfurt.de\/?author=3"}]}},"_links":{"self":[{"href":"https:\/\/buergerbus-steinfurt.de\/index.php?rest_route=\/wp\/v2\/posts\/2719","targetHints":{"allow":["GET"]}}],"collection":[{"href":"https:\/\/buergerbus-steinfurt.de\/index.php?rest_route=\/wp\/v2\/posts"}],"about":[{"href":"https:\/\/buergerbus-steinfurt.de\/index.php?rest_route=\/wp\/v2\/types\/post"}],"author":[{"embeddable":true,"href":"https:\/\/buergerbus-steinfurt.de\/index.php?rest_route=\/wp\/v2\/users\/3"}],"replies":[{"embeddable":true,"href":"https:\/\/buergerbus-steinfurt.de\/index.php?rest_route=%2Fwp%2Fv2%2Fcomments&post=2719"}],"version-history":[{"count":5,"href":"https:\/\/buergerbus-steinfurt.de\/index.php?rest_route=\/wp\/v2\/posts\/2719\/revisions"}],"predecessor-version":[{"id":2745,"href":"https:\/\/buergerbus-steinfurt.de\/index.php?rest_route=\/wp\/v2\/posts\/2719\/revisions\/2745"}],"wp:featuredmedia":[{"embeddable":true,"href":"https:\/\/buergerbus-steinfurt.de\/index.php?rest_route=\/wp\/v2\/media\/2721"}],"wp:attachment":[{"href":"https:\/\/buergerbus-steinfurt.de\/index.php?rest_route=%2Fwp%2Fv2%2Fmedia&parent=2719"}],"wp:term":[{"taxonomy":"category","embeddable":true,"href":"https:\/\/buergerbus-steinfurt.de\/index.php?rest_route=%2Fwp%2Fv2%2Fcategories&post=2719"},{"taxonomy":"post_tag","embeddable":true,"href":"https:\/\/buergerbus-steinfurt.de\/index.php?rest_route=%2Fwp%2Fv2%2Ftags&post=2719"}],"curies":[{"name":"wp","href":"https:\/\/api.w.org\/{rel}","templated":true}]}}