{"id":2677,"date":"2018-12-18T09:50:49","date_gmt":"2018-12-18T09:50:49","guid":{"rendered":"https:\/\/buergerbus-steinfurt.de\/?p=2677"},"modified":"2018-12-18T12:31:03","modified_gmt":"2018-12-18T12:31:03","slug":"neuen-fahrplan-an-buergermeisterin-uebergeben","status":"publish","type":"post","link":"https:\/\/buergerbus-steinfurt.de\/?p=2677","title":{"rendered":"Neuen Fahrplan an B\u00fcrgermeisterin \u00fcbergeben"},"content":{"rendered":"<p><img loading=\"lazy\" decoding=\"async\" class=\"size-large wp-image-2678 alignleft\" src=\"https:\/\/buergerbus-steinfurt.de\/wp-content\/uploads\/2018\/12\/Fahplan\u00fcbergabe-1024x683.jpg\" alt=\"\" width=\"800\" height=\"534\" srcset=\"https:\/\/buergerbus-steinfurt.de\/wp-content\/uploads\/2018\/12\/Fahplan\u00fcbergabe-1024x683.jpg 1024w, https:\/\/buergerbus-steinfurt.de\/wp-content\/uploads\/2018\/12\/Fahplan\u00fcbergabe-300x200.jpg 300w, https:\/\/buergerbus-steinfurt.de\/wp-content\/uploads\/2018\/12\/Fahplan\u00fcbergabe-768x512.jpg 768w\" sizes=\"auto, (max-width: 800px) 100vw, 800px\" \/><\/p>\n<p>Ferdinand Brust (rechts), 1. Vorsitzender des B\u00fcrgerbusvereins Steinfurt, sowie Fahrdienstleiter Wilhelm Klaassen (links) und Vorstandsmitglied Josef Greive (2.v.l) haben\u00a0 am 18. Dezember den druckfrischen Fahrplan 2019 an B\u00fcrgermeisterin Claudia B\u00f6gel-Hoyer \u00fcbergeben. Noch vor dem fahrplanm\u00e4\u00dfigen Start des Busses war dieser vor dem Rathaus in Borghorst vorgefahren. Die B\u00fcrgermeisterin zeigte sich sehr erfreut \u00fcber das neu gestaltete Fahrplanheft, das erstmals in vereinseigener Regie von Josef Greive erstellt worden war. Es gibt jetzt drei neue \u00dcbersichtskarten zur besseren Orientierung. Ferner enth\u00e4lt der Fahrplan, so Vorsitzender Brust, eine Plan\u00e4nderung: Ab 2. Januar 2019 wird der Evangelische Friedhof in Burgsteinfurt bei einer Zwei-Stunden-Tour zweimal angefahren, damit die Besucher des Friedhofs von dort auch wieder die R\u00fcckfahrt antreten k\u00f6nnen. Au\u00dferdem ist damit auch die Ochtruper Stra\u00dfe noch besser an das B\u00fcrgerbus-Netz angeschlossen. Die B\u00fcrgermeisterin dankte dem B\u00fcrgerbus-Verein f\u00fcr den beispielhaften ehrenamtlichen Einsatz seiner Fahrerinnen und Fahrer, sagte den zahlreichen Sponsoren des Fahrplans ein herzliches Dankesch\u00f6n und freute sich \u00fcber die steigende Zahl der Fahrg\u00e4ste, die Ende dieses Jahres bei \u00fcber 11.000 liegen wird.<\/p>\n","protected":false},"excerpt":{"rendered":"<p>Ferdinand Brust (rechts), 1. Vorsitzender des B\u00fcrgerbusvereins Steinfurt, sowie Fahrdienstleiter Wilhelm Klaassen (links) und Vorstandsmitglied Josef Greive (2.v.l) haben\u00a0 am 18. Dezember den druckfrischen Fahrplan 2019 an B\u00fcrgermeisterin Claudia B\u00f6gel-Hoyer &#8230;<\/p>\n","protected":false},"author":3,"featured_media":2678,"comment_status":"closed","ping_status":"closed","sticky":false,"template":"","format":"standard","meta":{"footnotes":""},"categories":[1],"tags":[],"class_list":["post-2677","post","type-post","status-publish","format-standard","has-post-thumbnail","hentry","category-uncategorized"],"yoast_head":"<!-- This site is optimized with the Yoast SEO plugin v27.5 - https:\/\/yoast.com\/product\/yoast-seo-wordpress\/ -->\n<title>Neuen Fahrplan an B\u00fcrgermeisterin \u00fcbergeben - B\u00fcrgerbus Steinfurt %<\/title>\n<meta name=\"robots\" content=\"index, follow, max-snippet:-1, max-image-preview:large, max-video-preview:-1\" \/>\n<link rel=\"canonical\" href=\"https:\/\/buergerbus-steinfurt.de\/?p=2677\" \/>\n<meta property=\"og:locale\" content=\"de_DE\" \/>\n<meta property=\"og:type\" content=\"article\" \/>\n<meta property=\"og:title\" content=\"Neuen Fahrplan an B\u00fcrgermeisterin \u00fcbergeben - B\u00fcrgerbus Steinfurt %\" \/>\n<meta property=\"og:description\" content=\"Ferdinand Brust (rechts), 1. Vorsitzender des B\u00fcrgerbusvereins Steinfurt, sowie Fahrdienstleiter Wilhelm Klaassen (links) und Vorstandsmitglied Josef Greive (2.v.l) haben\u00a0 am 18. Dezember den druckfrischen Fahrplan 2019 an B\u00fcrgermeisterin Claudia B\u00f6gel-Hoyer ...\" \/>\n<meta property=\"og:url\" content=\"https:\/\/buergerbus-steinfurt.de\/?p=2677\" \/>\n<meta property=\"og:site_name\" content=\"B\u00fcrgerbus Steinfurt\" \/>\n<meta property=\"article:published_time\" content=\"2018-12-18T09:50:49+00:00\" \/>\n<meta property=\"article:modified_time\" content=\"2018-12-18T12:31:03+00:00\" \/>\n<meta property=\"og:image\" content=\"https:\/\/buergerbus-steinfurt.de\/wp-content\/uploads\/2018\/12\/Fahplan\u00fcbergabe-1024x683.jpg\" \/>\n\t<meta property=\"og:image:width\" content=\"1024\" \/>\n\t<meta property=\"og:image:height\" content=\"683\" \/>\n\t<meta property=\"og:image:type\" content=\"image\/jpeg\" \/>\n<meta name=\"author\" content=\"Reimar Bage\" \/>\n<meta name=\"twitter:card\" content=\"summary_large_image\" \/>\n<meta name=\"twitter:label1\" content=\"Verfasst von\" \/>\n\t<meta name=\"twitter:data1\" content=\"Reimar Bage\" \/>\n\t<meta name=\"twitter:label2\" content=\"Gesch\u00e4tzte Lesezeit\" \/>\n\t<meta name=\"twitter:data2\" content=\"1\u00a0Minute\" \/>\n<script type=\"application\/ld+json\" class=\"yoast-schema-graph\">{\"@context\":\"https:\\\/\\\/schema.org\",\"@graph\":[{\"@type\":\"Article\",\"@id\":\"https:\\\/\\\/buergerbus-steinfurt.de\\\/?p=2677#article\",\"isPartOf\":{\"@id\":\"https:\\\/\\\/buergerbus-steinfurt.de\\\/?p=2677\"},\"author\":{\"name\":\"Reimar Bage\",\"@id\":\"https:\\\/\\\/buergerbus-steinfurt.de\\\/#\\\/schema\\\/person\\\/d0df83117f05647dd427e2cec47c2195\"},\"headline\":\"Neuen Fahrplan an B\u00fcrgermeisterin \u00fcbergeben\",\"datePublished\":\"2018-12-18T09:50:49+00:00\",\"dateModified\":\"2018-12-18T12:31:03+00:00\",\"mainEntityOfPage\":{\"@id\":\"https:\\\/\\\/buergerbus-steinfurt.de\\\/?p=2677\"},\"wordCount\":186,\"publisher\":{\"@id\":\"https:\\\/\\\/buergerbus-steinfurt.de\\\/#organization\"},\"image\":{\"@id\":\"https:\\\/\\\/buergerbus-steinfurt.de\\\/?p=2677#primaryimage\"},\"thumbnailUrl\":\"https:\\\/\\\/buergerbus-steinfurt.de\\\/wp-content\\\/uploads\\\/2018\\\/12\\\/Fahplan\u00fcbergabe.jpg\",\"articleSection\":[\"Uncategorized\"],\"inLanguage\":\"de\"},{\"@type\":\"WebPage\",\"@id\":\"https:\\\/\\\/buergerbus-steinfurt.de\\\/?p=2677\",\"url\":\"https:\\\/\\\/buergerbus-steinfurt.de\\\/?p=2677\",\"name\":\"Neuen Fahrplan an B\u00fcrgermeisterin \u00fcbergeben - B\u00fcrgerbus Steinfurt %\",\"isPartOf\":{\"@id\":\"https:\\\/\\\/buergerbus-steinfurt.de\\\/#website\"},\"primaryImageOfPage\":{\"@id\":\"https:\\\/\\\/buergerbus-steinfurt.de\\\/?p=2677#primaryimage\"},\"image\":{\"@id\":\"https:\\\/\\\/buergerbus-steinfurt.de\\\/?p=2677#primaryimage\"},\"thumbnailUrl\":\"https:\\\/\\\/buergerbus-steinfurt.de\\\/wp-content\\\/uploads\\\/2018\\\/12\\\/Fahplan\u00fcbergabe.jpg\",\"datePublished\":\"2018-12-18T09:50:49+00:00\",\"dateModified\":\"2018-12-18T12:31:03+00:00\",\"breadcrumb\":{\"@id\":\"https:\\\/\\\/buergerbus-steinfurt.de\\\/?p=2677#breadcrumb\"},\"inLanguage\":\"de\",\"potentialAction\":[{\"@type\":\"ReadAction\",\"target\":[\"https:\\\/\\\/buergerbus-steinfurt.de\\\/?p=2677\"]}]},{\"@type\":\"ImageObject\",\"inLanguage\":\"de\",\"@id\":\"https:\\\/\\\/buergerbus-steinfurt.de\\\/?p=2677#primaryimage\",\"url\":\"https:\\\/\\\/buergerbus-steinfurt.de\\\/wp-content\\\/uploads\\\/2018\\\/12\\\/Fahplan\u00fcbergabe.jpg\",\"contentUrl\":\"https:\\\/\\\/buergerbus-steinfurt.de\\\/wp-content\\\/uploads\\\/2018\\\/12\\\/Fahplan\u00fcbergabe.jpg\",\"width\":4272,\"height\":2848},{\"@type\":\"BreadcrumbList\",\"@id\":\"https:\\\/\\\/buergerbus-steinfurt.de\\\/?p=2677#breadcrumb\",\"itemListElement\":[{\"@type\":\"ListItem\",\"position\":1,\"name\":\"Startseite\",\"item\":\"https:\\\/\\\/buergerbus-steinfurt.de\\\/\"},{\"@type\":\"ListItem\",\"position\":2,\"name\":\"Neuen Fahrplan an B\u00fcrgermeisterin \u00fcbergeben\"}]},{\"@type\":\"WebSite\",\"@id\":\"https:\\\/\\\/buergerbus-steinfurt.de\\\/#website\",\"url\":\"https:\\\/\\\/buergerbus-steinfurt.de\\\/\",\"name\":\"B\u00dcRGERBUS STEINFURT\",\"description\":\"\",\"publisher\":{\"@id\":\"https:\\\/\\\/buergerbus-steinfurt.de\\\/#organization\"},\"potentialAction\":[{\"@type\":\"SearchAction\",\"target\":{\"@type\":\"EntryPoint\",\"urlTemplate\":\"https:\\\/\\\/buergerbus-steinfurt.de\\\/?s={search_term_string}\"},\"query-input\":{\"@type\":\"PropertyValueSpecification\",\"valueRequired\":true,\"valueName\":\"search_term_string\"}}],\"inLanguage\":\"de\"},{\"@type\":\"Organization\",\"@id\":\"https:\\\/\\\/buergerbus-steinfurt.de\\\/#organization\",\"name\":\"B\u00fcrgerbus Steinfurt e.V.\",\"url\":\"https:\\\/\\\/buergerbus-steinfurt.de\\\/\",\"logo\":{\"@type\":\"ImageObject\",\"inLanguage\":\"de\",\"@id\":\"https:\\\/\\\/buergerbus-steinfurt.de\\\/#\\\/schema\\\/logo\\\/image\\\/\",\"url\":\"https:\\\/\\\/buergerbus-steinfurt.de\\\/wp-content\\\/uploads\\\/2022\\\/08\\\/2bb-steinfurt-logo-neu.png\",\"contentUrl\":\"https:\\\/\\\/buergerbus-steinfurt.de\\\/wp-content\\\/uploads\\\/2022\\\/08\\\/2bb-steinfurt-logo-neu.png\",\"width\":293,\"height\":75,\"caption\":\"B\u00fcrgerbus Steinfurt e.V.\"},\"image\":{\"@id\":\"https:\\\/\\\/buergerbus-steinfurt.de\\\/#\\\/schema\\\/logo\\\/image\\\/\"}},{\"@type\":\"Person\",\"@id\":\"https:\\\/\\\/buergerbus-steinfurt.de\\\/#\\\/schema\\\/person\\\/d0df83117f05647dd427e2cec47c2195\",\"name\":\"Reimar Bage\",\"image\":{\"@type\":\"ImageObject\",\"inLanguage\":\"de\",\"@id\":\"https:\\\/\\\/secure.gravatar.com\\\/avatar\\\/39763b5f1cf57f5fba11a8cef91d12bcd5b654814054b4c246daa1f3737f8a35?s=96&d=mm&r=g\",\"url\":\"https:\\\/\\\/secure.gravatar.com\\\/avatar\\\/39763b5f1cf57f5fba11a8cef91d12bcd5b654814054b4c246daa1f3737f8a35?s=96&d=mm&r=g\",\"contentUrl\":\"https:\\\/\\\/secure.gravatar.com\\\/avatar\\\/39763b5f1cf57f5fba11a8cef91d12bcd5b654814054b4c246daa1f3737f8a35?s=96&d=mm&r=g\",\"caption\":\"Reimar Bage\"},\"url\":\"https:\\\/\\\/buergerbus-steinfurt.de\\\/?author=3\"}]}<\/script>\n<!-- \/ Yoast SEO plugin. -->","yoast_head_json":{"title":"Neuen Fahrplan an B\u00fcrgermeisterin \u00fcbergeben - B\u00fcrgerbus Steinfurt %","robots":{"index":"index","follow":"follow","max-snippet":"max-snippet:-1","max-image-preview":"max-image-preview:large","max-video-preview":"max-video-preview:-1"},"canonical":"https:\/\/buergerbus-steinfurt.de\/?p=2677","og_locale":"de_DE","og_type":"article","og_title":"Neuen Fahrplan an B\u00fcrgermeisterin \u00fcbergeben - B\u00fcrgerbus Steinfurt %","og_description":"Ferdinand Brust (rechts), 1. Vorsitzender des B\u00fcrgerbusvereins Steinfurt, sowie Fahrdienstleiter Wilhelm Klaassen (links) und Vorstandsmitglied Josef Greive (2.v.l) haben\u00a0 am 18. Dezember den druckfrischen Fahrplan 2019 an B\u00fcrgermeisterin Claudia B\u00f6gel-Hoyer ...","og_url":"https:\/\/buergerbus-steinfurt.de\/?p=2677","og_site_name":"B\u00fcrgerbus Steinfurt","article_published_time":"2018-12-18T09:50:49+00:00","article_modified_time":"2018-12-18T12:31:03+00:00","og_image":[{"width":1024,"height":683,"url":"https:\/\/buergerbus-steinfurt.de\/wp-content\/uploads\/2018\/12\/Fahplan\u00fcbergabe-1024x683.jpg","type":"image\/jpeg"}],"author":"Reimar Bage","twitter_card":"summary_large_image","twitter_misc":{"Verfasst von":"Reimar Bage","Gesch\u00e4tzte Lesezeit":"1\u00a0Minute"},"schema":{"@context":"https:\/\/schema.org","@graph":[{"@type":"Article","@id":"https:\/\/buergerbus-steinfurt.de\/?p=2677#article","isPartOf":{"@id":"https:\/\/buergerbus-steinfurt.de\/?p=2677"},"author":{"name":"Reimar Bage","@id":"https:\/\/buergerbus-steinfurt.de\/#\/schema\/person\/d0df83117f05647dd427e2cec47c2195"},"headline":"Neuen Fahrplan an B\u00fcrgermeisterin \u00fcbergeben","datePublished":"2018-12-18T09:50:49+00:00","dateModified":"2018-12-18T12:31:03+00:00","mainEntityOfPage":{"@id":"https:\/\/buergerbus-steinfurt.de\/?p=2677"},"wordCount":186,"publisher":{"@id":"https:\/\/buergerbus-steinfurt.de\/#organization"},"image":{"@id":"https:\/\/buergerbus-steinfurt.de\/?p=2677#primaryimage"},"thumbnailUrl":"https:\/\/buergerbus-steinfurt.de\/wp-content\/uploads\/2018\/12\/Fahplan\u00fcbergabe.jpg","articleSection":["Uncategorized"],"inLanguage":"de"},{"@type":"WebPage","@id":"https:\/\/buergerbus-steinfurt.de\/?p=2677","url":"https:\/\/buergerbus-steinfurt.de\/?p=2677","name":"Neuen Fahrplan an B\u00fcrgermeisterin \u00fcbergeben - B\u00fcrgerbus Steinfurt %","isPartOf":{"@id":"https:\/\/buergerbus-steinfurt.de\/#website"},"primaryImageOfPage":{"@id":"https:\/\/buergerbus-steinfurt.de\/?p=2677#primaryimage"},"image":{"@id":"https:\/\/buergerbus-steinfurt.de\/?p=2677#primaryimage"},"thumbnailUrl":"https:\/\/buergerbus-steinfurt.de\/wp-content\/uploads\/2018\/12\/Fahplan\u00fcbergabe.jpg","datePublished":"2018-12-18T09:50:49+00:00","dateModified":"2018-12-18T12:31:03+00:00","breadcrumb":{"@id":"https:\/\/buergerbus-steinfurt.de\/?p=2677#breadcrumb"},"inLanguage":"de","potentialAction":[{"@type":"ReadAction","target":["https:\/\/buergerbus-steinfurt.de\/?p=2677"]}]},{"@type":"ImageObject","inLanguage":"de","@id":"https:\/\/buergerbus-steinfurt.de\/?p=2677#primaryimage","url":"https:\/\/buergerbus-steinfurt.de\/wp-content\/uploads\/2018\/12\/Fahplan\u00fcbergabe.jpg","contentUrl":"https:\/\/buergerbus-steinfurt.de\/wp-content\/uploads\/2018\/12\/Fahplan\u00fcbergabe.jpg","width":4272,"height":2848},{"@type":"BreadcrumbList","@id":"https:\/\/buergerbus-steinfurt.de\/?p=2677#breadcrumb","itemListElement":[{"@type":"ListItem","position":1,"name":"Startseite","item":"https:\/\/buergerbus-steinfurt.de\/"},{"@type":"ListItem","position":2,"name":"Neuen Fahrplan an B\u00fcrgermeisterin \u00fcbergeben"}]},{"@type":"WebSite","@id":"https:\/\/buergerbus-steinfurt.de\/#website","url":"https:\/\/buergerbus-steinfurt.de\/","name":"B\u00dcRGERBUS STEINFURT","description":"","publisher":{"@id":"https:\/\/buergerbus-steinfurt.de\/#organization"},"potentialAction":[{"@type":"SearchAction","target":{"@type":"EntryPoint","urlTemplate":"https:\/\/buergerbus-steinfurt.de\/?s={search_term_string}"},"query-input":{"@type":"PropertyValueSpecification","valueRequired":true,"valueName":"search_term_string"}}],"inLanguage":"de"},{"@type":"Organization","@id":"https:\/\/buergerbus-steinfurt.de\/#organization","name":"B\u00fcrgerbus Steinfurt e.V.","url":"https:\/\/buergerbus-steinfurt.de\/","logo":{"@type":"ImageObject","inLanguage":"de","@id":"https:\/\/buergerbus-steinfurt.de\/#\/schema\/logo\/image\/","url":"https:\/\/buergerbus-steinfurt.de\/wp-content\/uploads\/2022\/08\/2bb-steinfurt-logo-neu.png","contentUrl":"https:\/\/buergerbus-steinfurt.de\/wp-content\/uploads\/2022\/08\/2bb-steinfurt-logo-neu.png","width":293,"height":75,"caption":"B\u00fcrgerbus Steinfurt e.V."},"image":{"@id":"https:\/\/buergerbus-steinfurt.de\/#\/schema\/logo\/image\/"}},{"@type":"Person","@id":"https:\/\/buergerbus-steinfurt.de\/#\/schema\/person\/d0df83117f05647dd427e2cec47c2195","name":"Reimar Bage","image":{"@type":"ImageObject","inLanguage":"de","@id":"https:\/\/secure.gravatar.com\/avatar\/39763b5f1cf57f5fba11a8cef91d12bcd5b654814054b4c246daa1f3737f8a35?s=96&d=mm&r=g","url":"https:\/\/secure.gravatar.com\/avatar\/39763b5f1cf57f5fba11a8cef91d12bcd5b654814054b4c246daa1f3737f8a35?s=96&d=mm&r=g","contentUrl":"https:\/\/secure.gravatar.com\/avatar\/39763b5f1cf57f5fba11a8cef91d12bcd5b654814054b4c246daa1f3737f8a35?s=96&d=mm&r=g","caption":"Reimar Bage"},"url":"https:\/\/buergerbus-steinfurt.de\/?author=3"}]}},"_links":{"self":[{"href":"https:\/\/buergerbus-steinfurt.de\/index.php?rest_route=\/wp\/v2\/posts\/2677","targetHints":{"allow":["GET"]}}],"collection":[{"href":"https:\/\/buergerbus-steinfurt.de\/index.php?rest_route=\/wp\/v2\/posts"}],"about":[{"href":"https:\/\/buergerbus-steinfurt.de\/index.php?rest_route=\/wp\/v2\/types\/post"}],"author":[{"embeddable":true,"href":"https:\/\/buergerbus-steinfurt.de\/index.php?rest_route=\/wp\/v2\/users\/3"}],"replies":[{"embeddable":true,"href":"https:\/\/buergerbus-steinfurt.de\/index.php?rest_route=%2Fwp%2Fv2%2Fcomments&post=2677"}],"version-history":[{"count":5,"href":"https:\/\/buergerbus-steinfurt.de\/index.php?rest_route=\/wp\/v2\/posts\/2677\/revisions"}],"predecessor-version":[{"id":2685,"href":"https:\/\/buergerbus-steinfurt.de\/index.php?rest_route=\/wp\/v2\/posts\/2677\/revisions\/2685"}],"wp:featuredmedia":[{"embeddable":true,"href":"https:\/\/buergerbus-steinfurt.de\/index.php?rest_route=\/wp\/v2\/media\/2678"}],"wp:attachment":[{"href":"https:\/\/buergerbus-steinfurt.de\/index.php?rest_route=%2Fwp%2Fv2%2Fmedia&parent=2677"}],"wp:term":[{"taxonomy":"category","embeddable":true,"href":"https:\/\/buergerbus-steinfurt.de\/index.php?rest_route=%2Fwp%2Fv2%2Fcategories&post=2677"},{"taxonomy":"post_tag","embeddable":true,"href":"https:\/\/buergerbus-steinfurt.de\/index.php?rest_route=%2Fwp%2Fv2%2Ftags&post=2677"}],"curies":[{"name":"wp","href":"https:\/\/api.w.org\/{rel}","templated":true}]}}