{"id":2514,"date":"2018-09-25T11:23:27","date_gmt":"2018-09-25T11:23:27","guid":{"rendered":"https:\/\/buergerbus-steinfurt.de\/?p=2514"},"modified":"2018-12-12T15:10:48","modified_gmt":"2018-12-12T15:10:48","slug":"fahrt-ins-blaue-zu-airbus-nach-hamburg","status":"publish","type":"post","link":"https:\/\/buergerbus-steinfurt.de\/?p=2514","title":{"rendered":"&#8222;Fahrt ins Blaue&#8220; zu Airbus nach Hamburg"},"content":{"rendered":"<p>In aller Herrgottsfr\u00fche startete in diesem Jahr die \u201eFahrt ins Blaue\u201c des B\u00fcrgerbusvereins Steinfurt, denn das Ziel \u2013 bis zum Start nur dem Vorstand bekannt \u2013 war das Airbus-Montagewerk in Hamburg-Finkenwerder. Vorsitzender Ferdinand Brust begr\u00fc\u00dfte die Fahrerinnen und Fahrer, dankte ihnen f\u00fcr den unerm\u00fcdlichen und selbstlosen Einsatz. Er freute sich, diesmal einen der Fahrer, den stv. Fahrdienstleiter, Heiner Gro\u00dfe Westhues, als Buslenker vorzustellen. Der hatte es sich trotz seines 65. Geburtstages, nicht nehmen lassen, seine Mitstreiter sicher nach Hamburg und wieder zur\u00fcck zu chauffieren. Auf alle Eventualit\u00e4ten wie Staus oder morgendliche Rushhour vorbereitet, erreichte man p\u00fcnktlich das Ziel.<\/p>\n<p>Das fast 500 Fu\u00dfballfelder gro\u00dfe Montagewerk des Flugzeugherstellers Airbus besch\u00e4ftigt 15000 Mitarbeiter. An diesem Produktionsstandort des \u00fcber halb Europa verteilten Konzerns entstehen in riesigen Hallen hochmoderne Passagierflugzeuge bis hin zum Gro\u00dfraumflugzeug A 380, das in seiner vollen Gr\u00f6\u00dfe betrachtet werden konnte. Die Gro\u00dfraumflugzeuge sind faszinierende technische Meisterwerke. Wie sie aus Millionen Einzelteilen zusammengebaut werden, erfuhren die Besucher in einer informativen zweieinhalbst\u00fcndigen F\u00fchrung durch verschiedene Montagehallen sowie das Werksgel\u00e4nde.<\/p>\n<p>Nach diesem beeindruckenden Besuch ging es dann zu einem vorz\u00fcglichen Mittagessen ins Restaurant Finkenwerder Elbblick. Dort konnte auch der Schiffsverkehr auf der Elbe beobachtet werden. So gest\u00e4rkt ging es dann wieder zur\u00fcck nach Steinfurt, wobei Fahrdienstleiter Wilhelm Klaassen besonderer Dank f\u00fcr die erneut gelungene Organisation des Ausflugs gezollt wurde.<img loading=\"lazy\" decoding=\"async\" class=\"aligncenter size-large wp-image-2516\" src=\"https:\/\/buergerbus-steinfurt.de\/wp-content\/uploads\/2018\/09\/IMG_3872-1024x683.jpg\" alt=\"\" width=\"800\" height=\"534\" srcset=\"https:\/\/buergerbus-steinfurt.de\/wp-content\/uploads\/2018\/09\/IMG_3872-1024x683.jpg 1024w, https:\/\/buergerbus-steinfurt.de\/wp-content\/uploads\/2018\/09\/IMG_3872-300x200.jpg 300w, https:\/\/buergerbus-steinfurt.de\/wp-content\/uploads\/2018\/09\/IMG_3872-768x512.jpg 768w\" sizes=\"auto, (max-width: 800px) 100vw, 800px\" \/><em>Einen beeindruckenden Tag erlebten diese Fahrerinnen und Fahrer des B\u00fcrgerbusses Steinfurt \u00a0in Hamburg, wo das Airbus-Montagewerk besucht wurde<\/em><\/p>\n<p><strong> <img loading=\"lazy\" decoding=\"async\" class=\"aligncenter size-large wp-image-2527\" src=\"https:\/\/buergerbus-steinfurt.de\/wp-content\/uploads\/2018\/09\/IMG_3861-1024x683.jpg\" alt=\"\" width=\"800\" height=\"534\" srcset=\"https:\/\/buergerbus-steinfurt.de\/wp-content\/uploads\/2018\/09\/IMG_3861-1024x683.jpg 1024w, https:\/\/buergerbus-steinfurt.de\/wp-content\/uploads\/2018\/09\/IMG_3861-300x200.jpg 300w, https:\/\/buergerbus-steinfurt.de\/wp-content\/uploads\/2018\/09\/IMG_3861-768x512.jpg 768w\" sizes=\"auto, (max-width: 800px) 100vw, 800px\" \/> <img loading=\"lazy\" decoding=\"async\" class=\"aligncenter size-large wp-image-2529\" src=\"https:\/\/buergerbus-steinfurt.de\/wp-content\/uploads\/2018\/09\/IMG_3863-1024x683.jpg\" alt=\"\" width=\"800\" height=\"534\" srcset=\"https:\/\/buergerbus-steinfurt.de\/wp-content\/uploads\/2018\/09\/IMG_3863-1024x683.jpg 1024w, https:\/\/buergerbus-steinfurt.de\/wp-content\/uploads\/2018\/09\/IMG_3863-300x200.jpg 300w, https:\/\/buergerbus-steinfurt.de\/wp-content\/uploads\/2018\/09\/IMG_3863-768x512.jpg 768w\" sizes=\"auto, (max-width: 800px) 100vw, 800px\" \/> <img loading=\"lazy\" decoding=\"async\" class=\"aligncenter size-large wp-image-2530\" src=\"https:\/\/buergerbus-steinfurt.de\/wp-content\/uploads\/2018\/09\/IMG_3865-1024x683.jpg\" alt=\"\" width=\"800\" height=\"534\" srcset=\"https:\/\/buergerbus-steinfurt.de\/wp-content\/uploads\/2018\/09\/IMG_3865-1024x683.jpg 1024w, https:\/\/buergerbus-steinfurt.de\/wp-content\/uploads\/2018\/09\/IMG_3865-300x200.jpg 300w, https:\/\/buergerbus-steinfurt.de\/wp-content\/uploads\/2018\/09\/IMG_3865-768x512.jpg 768w\" sizes=\"auto, (max-width: 800px) 100vw, 800px\" \/> <img loading=\"lazy\" decoding=\"async\" class=\"aligncenter size-large wp-image-2531\" src=\"https:\/\/buergerbus-steinfurt.de\/wp-content\/uploads\/2018\/09\/IMG_3866-Kopie-1024x683.jpg\" alt=\"\" width=\"800\" height=\"534\" srcset=\"https:\/\/buergerbus-steinfurt.de\/wp-content\/uploads\/2018\/09\/IMG_3866-Kopie-1024x683.jpg 1024w, https:\/\/buergerbus-steinfurt.de\/wp-content\/uploads\/2018\/09\/IMG_3866-Kopie-300x200.jpg 300w, https:\/\/buergerbus-steinfurt.de\/wp-content\/uploads\/2018\/09\/IMG_3866-Kopie-768x512.jpg 768w\" sizes=\"auto, (max-width: 800px) 100vw, 800px\" \/> <img loading=\"lazy\" decoding=\"async\" class=\"aligncenter size-large wp-image-2532\" src=\"https:\/\/buergerbus-steinfurt.de\/wp-content\/uploads\/2018\/09\/IMG_3867-1024x683.jpg\" alt=\"\" width=\"800\" height=\"534\" srcset=\"https:\/\/buergerbus-steinfurt.de\/wp-content\/uploads\/2018\/09\/IMG_3867-1024x683.jpg 1024w, https:\/\/buergerbus-steinfurt.de\/wp-content\/uploads\/2018\/09\/IMG_3867-300x200.jpg 300w, https:\/\/buergerbus-steinfurt.de\/wp-content\/uploads\/2018\/09\/IMG_3867-768x512.jpg 768w\" sizes=\"auto, (max-width: 800px) 100vw, 800px\" \/><img loading=\"lazy\" decoding=\"async\" class=\"aligncenter size-large wp-image-2536\" src=\"https:\/\/buergerbus-steinfurt.de\/wp-content\/uploads\/2018\/09\/IMG_3870-1024x683.jpg\" alt=\"\" width=\"800\" height=\"534\" srcset=\"https:\/\/buergerbus-steinfurt.de\/wp-content\/uploads\/2018\/09\/IMG_3870-1024x683.jpg 1024w, https:\/\/buergerbus-steinfurt.de\/wp-content\/uploads\/2018\/09\/IMG_3870-300x200.jpg 300w, https:\/\/buergerbus-steinfurt.de\/wp-content\/uploads\/2018\/09\/IMG_3870-768x512.jpg 768w\" sizes=\"auto, (max-width: 800px) 100vw, 800px\" \/><img loading=\"lazy\" decoding=\"async\" class=\"aligncenter size-large wp-image-2535\" src=\"https:\/\/buergerbus-steinfurt.de\/wp-content\/uploads\/2018\/09\/IMG_3858-1-1024x683.jpg\" alt=\"\" width=\"800\" height=\"534\" srcset=\"https:\/\/buergerbus-steinfurt.de\/wp-content\/uploads\/2018\/09\/IMG_3858-1-1024x683.jpg 1024w, https:\/\/buergerbus-steinfurt.de\/wp-content\/uploads\/2018\/09\/IMG_3858-1-300x200.jpg 300w, https:\/\/buergerbus-steinfurt.de\/wp-content\/uploads\/2018\/09\/IMG_3858-1-768x512.jpg 768w\" sizes=\"auto, (max-width: 800px) 100vw, 800px\" \/><img loading=\"lazy\" decoding=\"async\" class=\"aligncenter size-large wp-image-2538\" src=\"https:\/\/buergerbus-steinfurt.de\/wp-content\/uploads\/2018\/09\/Neuer-Tisch-1024x682.jpg\" alt=\"\" width=\"800\" height=\"533\" srcset=\"https:\/\/buergerbus-steinfurt.de\/wp-content\/uploads\/2018\/09\/Neuer-Tisch-1024x682.jpg 1024w, https:\/\/buergerbus-steinfurt.de\/wp-content\/uploads\/2018\/09\/Neuer-Tisch-300x200.jpg 300w, https:\/\/buergerbus-steinfurt.de\/wp-content\/uploads\/2018\/09\/Neuer-Tisch-768x512.jpg 768w, https:\/\/buergerbus-steinfurt.de\/wp-content\/uploads\/2018\/09\/Neuer-Tisch.jpg 1673w\" sizes=\"auto, (max-width: 800px) 100vw, 800px\" \/><br \/>\n<\/strong><\/p>\n<p>&nbsp;<\/p>\n","protected":false},"excerpt":{"rendered":"<p>In aller Herrgottsfr\u00fche startete in diesem Jahr die \u201eFahrt ins Blaue\u201c des B\u00fcrgerbusvereins Steinfurt, denn das Ziel \u2013 bis zum Start nur dem Vorstand bekannt \u2013 war das Airbus-Montagewerk in &#8230;<\/p>\n","protected":false},"author":3,"featured_media":2517,"comment_status":"closed","ping_status":"closed","sticky":false,"template":"","format":"standard","meta":{"footnotes":""},"categories":[1],"tags":[],"class_list":["post-2514","post","type-post","status-publish","format-standard","has-post-thumbnail","hentry","category-uncategorized"],"yoast_head":"<!-- This site is optimized with the Yoast SEO plugin v27.5 - https:\/\/yoast.com\/product\/yoast-seo-wordpress\/ -->\n<title>&quot;Fahrt ins Blaue&quot; zu Airbus nach Hamburg - B\u00fcrgerbus Steinfurt %<\/title>\n<meta name=\"robots\" content=\"index, follow, max-snippet:-1, max-image-preview:large, max-video-preview:-1\" \/>\n<link rel=\"canonical\" href=\"https:\/\/buergerbus-steinfurt.de\/?p=2514\" \/>\n<meta property=\"og:locale\" content=\"de_DE\" \/>\n<meta property=\"og:type\" content=\"article\" \/>\n<meta property=\"og:title\" content=\"&quot;Fahrt ins Blaue&quot; zu Airbus nach Hamburg - B\u00fcrgerbus Steinfurt %\" \/>\n<meta property=\"og:description\" content=\"In aller Herrgottsfr\u00fche startete in diesem Jahr die \u201eFahrt ins Blaue\u201c des B\u00fcrgerbusvereins Steinfurt, denn das Ziel \u2013 bis zum Start nur dem Vorstand bekannt \u2013 war das Airbus-Montagewerk in ...\" \/>\n<meta property=\"og:url\" content=\"https:\/\/buergerbus-steinfurt.de\/?p=2514\" \/>\n<meta property=\"og:site_name\" content=\"B\u00fcrgerbus Steinfurt\" \/>\n<meta property=\"article:published_time\" content=\"2018-09-25T11:23:27+00:00\" \/>\n<meta property=\"article:modified_time\" content=\"2018-12-12T15:10:48+00:00\" \/>\n<meta property=\"og:image\" content=\"https:\/\/buergerbus-steinfurt.de\/wp-content\/uploads\/2018\/09\/Airbus-Cargo.jpg\" \/>\n\t<meta property=\"og:image:width\" content=\"910\" \/>\n\t<meta property=\"og:image:height\" content=\"329\" \/>\n\t<meta property=\"og:image:type\" content=\"image\/jpeg\" \/>\n<meta name=\"author\" content=\"Reimar Bage\" \/>\n<meta name=\"twitter:card\" content=\"summary_large_image\" \/>\n<meta name=\"twitter:label1\" content=\"Verfasst von\" \/>\n\t<meta name=\"twitter:data1\" content=\"Reimar Bage\" \/>\n\t<meta name=\"twitter:label2\" content=\"Gesch\u00e4tzte Lesezeit\" \/>\n\t<meta name=\"twitter:data2\" content=\"1\u00a0Minute\" \/>\n<script type=\"application\/ld+json\" class=\"yoast-schema-graph\">{\"@context\":\"https:\\\/\\\/schema.org\",\"@graph\":[{\"@type\":\"Article\",\"@id\":\"https:\\\/\\\/buergerbus-steinfurt.de\\\/?p=2514#article\",\"isPartOf\":{\"@id\":\"https:\\\/\\\/buergerbus-steinfurt.de\\\/?p=2514\"},\"author\":{\"name\":\"Reimar Bage\",\"@id\":\"https:\\\/\\\/buergerbus-steinfurt.de\\\/#\\\/schema\\\/person\\\/d0df83117f05647dd427e2cec47c2195\"},\"headline\":\"&#8222;Fahrt ins Blaue&#8220; zu Airbus nach Hamburg\",\"datePublished\":\"2018-09-25T11:23:27+00:00\",\"dateModified\":\"2018-12-12T15:10:48+00:00\",\"mainEntityOfPage\":{\"@id\":\"https:\\\/\\\/buergerbus-steinfurt.de\\\/?p=2514\"},\"wordCount\":258,\"publisher\":{\"@id\":\"https:\\\/\\\/buergerbus-steinfurt.de\\\/#organization\"},\"image\":{\"@id\":\"https:\\\/\\\/buergerbus-steinfurt.de\\\/?p=2514#primaryimage\"},\"thumbnailUrl\":\"https:\\\/\\\/buergerbus-steinfurt.de\\\/wp-content\\\/uploads\\\/2018\\\/09\\\/Airbus-Cargo.jpg\",\"articleSection\":[\"Uncategorized\"],\"inLanguage\":\"de\"},{\"@type\":\"WebPage\",\"@id\":\"https:\\\/\\\/buergerbus-steinfurt.de\\\/?p=2514\",\"url\":\"https:\\\/\\\/buergerbus-steinfurt.de\\\/?p=2514\",\"name\":\"\\\"Fahrt ins Blaue\\\" zu Airbus nach Hamburg - B\u00fcrgerbus Steinfurt %\",\"isPartOf\":{\"@id\":\"https:\\\/\\\/buergerbus-steinfurt.de\\\/#website\"},\"primaryImageOfPage\":{\"@id\":\"https:\\\/\\\/buergerbus-steinfurt.de\\\/?p=2514#primaryimage\"},\"image\":{\"@id\":\"https:\\\/\\\/buergerbus-steinfurt.de\\\/?p=2514#primaryimage\"},\"thumbnailUrl\":\"https:\\\/\\\/buergerbus-steinfurt.de\\\/wp-content\\\/uploads\\\/2018\\\/09\\\/Airbus-Cargo.jpg\",\"datePublished\":\"2018-09-25T11:23:27+00:00\",\"dateModified\":\"2018-12-12T15:10:48+00:00\",\"breadcrumb\":{\"@id\":\"https:\\\/\\\/buergerbus-steinfurt.de\\\/?p=2514#breadcrumb\"},\"inLanguage\":\"de\",\"potentialAction\":[{\"@type\":\"ReadAction\",\"target\":[\"https:\\\/\\\/buergerbus-steinfurt.de\\\/?p=2514\"]}]},{\"@type\":\"ImageObject\",\"inLanguage\":\"de\",\"@id\":\"https:\\\/\\\/buergerbus-steinfurt.de\\\/?p=2514#primaryimage\",\"url\":\"https:\\\/\\\/buergerbus-steinfurt.de\\\/wp-content\\\/uploads\\\/2018\\\/09\\\/Airbus-Cargo.jpg\",\"contentUrl\":\"https:\\\/\\\/buergerbus-steinfurt.de\\\/wp-content\\\/uploads\\\/2018\\\/09\\\/Airbus-Cargo.jpg\",\"width\":910,\"height\":329},{\"@type\":\"BreadcrumbList\",\"@id\":\"https:\\\/\\\/buergerbus-steinfurt.de\\\/?p=2514#breadcrumb\",\"itemListElement\":[{\"@type\":\"ListItem\",\"position\":1,\"name\":\"Startseite\",\"item\":\"https:\\\/\\\/buergerbus-steinfurt.de\\\/\"},{\"@type\":\"ListItem\",\"position\":2,\"name\":\"&#8220;Fahrt ins Blaue&#8221; zu Airbus nach Hamburg\"}]},{\"@type\":\"WebSite\",\"@id\":\"https:\\\/\\\/buergerbus-steinfurt.de\\\/#website\",\"url\":\"https:\\\/\\\/buergerbus-steinfurt.de\\\/\",\"name\":\"B\u00dcRGERBUS STEINFURT\",\"description\":\"\",\"publisher\":{\"@id\":\"https:\\\/\\\/buergerbus-steinfurt.de\\\/#organization\"},\"potentialAction\":[{\"@type\":\"SearchAction\",\"target\":{\"@type\":\"EntryPoint\",\"urlTemplate\":\"https:\\\/\\\/buergerbus-steinfurt.de\\\/?s={search_term_string}\"},\"query-input\":{\"@type\":\"PropertyValueSpecification\",\"valueRequired\":true,\"valueName\":\"search_term_string\"}}],\"inLanguage\":\"de\"},{\"@type\":\"Organization\",\"@id\":\"https:\\\/\\\/buergerbus-steinfurt.de\\\/#organization\",\"name\":\"B\u00fcrgerbus Steinfurt e.V.\",\"url\":\"https:\\\/\\\/buergerbus-steinfurt.de\\\/\",\"logo\":{\"@type\":\"ImageObject\",\"inLanguage\":\"de\",\"@id\":\"https:\\\/\\\/buergerbus-steinfurt.de\\\/#\\\/schema\\\/logo\\\/image\\\/\",\"url\":\"https:\\\/\\\/buergerbus-steinfurt.de\\\/wp-content\\\/uploads\\\/2022\\\/08\\\/2bb-steinfurt-logo-neu.png\",\"contentUrl\":\"https:\\\/\\\/buergerbus-steinfurt.de\\\/wp-content\\\/uploads\\\/2022\\\/08\\\/2bb-steinfurt-logo-neu.png\",\"width\":293,\"height\":75,\"caption\":\"B\u00fcrgerbus Steinfurt e.V.\"},\"image\":{\"@id\":\"https:\\\/\\\/buergerbus-steinfurt.de\\\/#\\\/schema\\\/logo\\\/image\\\/\"}},{\"@type\":\"Person\",\"@id\":\"https:\\\/\\\/buergerbus-steinfurt.de\\\/#\\\/schema\\\/person\\\/d0df83117f05647dd427e2cec47c2195\",\"name\":\"Reimar Bage\",\"image\":{\"@type\":\"ImageObject\",\"inLanguage\":\"de\",\"@id\":\"https:\\\/\\\/secure.gravatar.com\\\/avatar\\\/39763b5f1cf57f5fba11a8cef91d12bcd5b654814054b4c246daa1f3737f8a35?s=96&d=mm&r=g\",\"url\":\"https:\\\/\\\/secure.gravatar.com\\\/avatar\\\/39763b5f1cf57f5fba11a8cef91d12bcd5b654814054b4c246daa1f3737f8a35?s=96&d=mm&r=g\",\"contentUrl\":\"https:\\\/\\\/secure.gravatar.com\\\/avatar\\\/39763b5f1cf57f5fba11a8cef91d12bcd5b654814054b4c246daa1f3737f8a35?s=96&d=mm&r=g\",\"caption\":\"Reimar Bage\"},\"url\":\"https:\\\/\\\/buergerbus-steinfurt.de\\\/?author=3\"}]}<\/script>\n<!-- \/ Yoast SEO plugin. -->","yoast_head_json":{"title":"\"Fahrt ins Blaue\" zu Airbus nach Hamburg - B\u00fcrgerbus Steinfurt %","robots":{"index":"index","follow":"follow","max-snippet":"max-snippet:-1","max-image-preview":"max-image-preview:large","max-video-preview":"max-video-preview:-1"},"canonical":"https:\/\/buergerbus-steinfurt.de\/?p=2514","og_locale":"de_DE","og_type":"article","og_title":"\"Fahrt ins Blaue\" zu Airbus nach Hamburg - B\u00fcrgerbus Steinfurt %","og_description":"In aller Herrgottsfr\u00fche startete in diesem Jahr die \u201eFahrt ins Blaue\u201c des B\u00fcrgerbusvereins Steinfurt, denn das Ziel \u2013 bis zum Start nur dem Vorstand bekannt \u2013 war das Airbus-Montagewerk in ...","og_url":"https:\/\/buergerbus-steinfurt.de\/?p=2514","og_site_name":"B\u00fcrgerbus Steinfurt","article_published_time":"2018-09-25T11:23:27+00:00","article_modified_time":"2018-12-12T15:10:48+00:00","og_image":[{"width":910,"height":329,"url":"https:\/\/buergerbus-steinfurt.de\/wp-content\/uploads\/2018\/09\/Airbus-Cargo.jpg","type":"image\/jpeg"}],"author":"Reimar Bage","twitter_card":"summary_large_image","twitter_misc":{"Verfasst von":"Reimar Bage","Gesch\u00e4tzte Lesezeit":"1\u00a0Minute"},"schema":{"@context":"https:\/\/schema.org","@graph":[{"@type":"Article","@id":"https:\/\/buergerbus-steinfurt.de\/?p=2514#article","isPartOf":{"@id":"https:\/\/buergerbus-steinfurt.de\/?p=2514"},"author":{"name":"Reimar Bage","@id":"https:\/\/buergerbus-steinfurt.de\/#\/schema\/person\/d0df83117f05647dd427e2cec47c2195"},"headline":"&#8222;Fahrt ins Blaue&#8220; zu Airbus nach Hamburg","datePublished":"2018-09-25T11:23:27+00:00","dateModified":"2018-12-12T15:10:48+00:00","mainEntityOfPage":{"@id":"https:\/\/buergerbus-steinfurt.de\/?p=2514"},"wordCount":258,"publisher":{"@id":"https:\/\/buergerbus-steinfurt.de\/#organization"},"image":{"@id":"https:\/\/buergerbus-steinfurt.de\/?p=2514#primaryimage"},"thumbnailUrl":"https:\/\/buergerbus-steinfurt.de\/wp-content\/uploads\/2018\/09\/Airbus-Cargo.jpg","articleSection":["Uncategorized"],"inLanguage":"de"},{"@type":"WebPage","@id":"https:\/\/buergerbus-steinfurt.de\/?p=2514","url":"https:\/\/buergerbus-steinfurt.de\/?p=2514","name":"\"Fahrt ins Blaue\" zu Airbus nach Hamburg - B\u00fcrgerbus Steinfurt %","isPartOf":{"@id":"https:\/\/buergerbus-steinfurt.de\/#website"},"primaryImageOfPage":{"@id":"https:\/\/buergerbus-steinfurt.de\/?p=2514#primaryimage"},"image":{"@id":"https:\/\/buergerbus-steinfurt.de\/?p=2514#primaryimage"},"thumbnailUrl":"https:\/\/buergerbus-steinfurt.de\/wp-content\/uploads\/2018\/09\/Airbus-Cargo.jpg","datePublished":"2018-09-25T11:23:27+00:00","dateModified":"2018-12-12T15:10:48+00:00","breadcrumb":{"@id":"https:\/\/buergerbus-steinfurt.de\/?p=2514#breadcrumb"},"inLanguage":"de","potentialAction":[{"@type":"ReadAction","target":["https:\/\/buergerbus-steinfurt.de\/?p=2514"]}]},{"@type":"ImageObject","inLanguage":"de","@id":"https:\/\/buergerbus-steinfurt.de\/?p=2514#primaryimage","url":"https:\/\/buergerbus-steinfurt.de\/wp-content\/uploads\/2018\/09\/Airbus-Cargo.jpg","contentUrl":"https:\/\/buergerbus-steinfurt.de\/wp-content\/uploads\/2018\/09\/Airbus-Cargo.jpg","width":910,"height":329},{"@type":"BreadcrumbList","@id":"https:\/\/buergerbus-steinfurt.de\/?p=2514#breadcrumb","itemListElement":[{"@type":"ListItem","position":1,"name":"Startseite","item":"https:\/\/buergerbus-steinfurt.de\/"},{"@type":"ListItem","position":2,"name":"&#8220;Fahrt ins Blaue&#8221; zu Airbus nach Hamburg"}]},{"@type":"WebSite","@id":"https:\/\/buergerbus-steinfurt.de\/#website","url":"https:\/\/buergerbus-steinfurt.de\/","name":"B\u00dcRGERBUS STEINFURT","description":"","publisher":{"@id":"https:\/\/buergerbus-steinfurt.de\/#organization"},"potentialAction":[{"@type":"SearchAction","target":{"@type":"EntryPoint","urlTemplate":"https:\/\/buergerbus-steinfurt.de\/?s={search_term_string}"},"query-input":{"@type":"PropertyValueSpecification","valueRequired":true,"valueName":"search_term_string"}}],"inLanguage":"de"},{"@type":"Organization","@id":"https:\/\/buergerbus-steinfurt.de\/#organization","name":"B\u00fcrgerbus Steinfurt e.V.","url":"https:\/\/buergerbus-steinfurt.de\/","logo":{"@type":"ImageObject","inLanguage":"de","@id":"https:\/\/buergerbus-steinfurt.de\/#\/schema\/logo\/image\/","url":"https:\/\/buergerbus-steinfurt.de\/wp-content\/uploads\/2022\/08\/2bb-steinfurt-logo-neu.png","contentUrl":"https:\/\/buergerbus-steinfurt.de\/wp-content\/uploads\/2022\/08\/2bb-steinfurt-logo-neu.png","width":293,"height":75,"caption":"B\u00fcrgerbus Steinfurt e.V."},"image":{"@id":"https:\/\/buergerbus-steinfurt.de\/#\/schema\/logo\/image\/"}},{"@type":"Person","@id":"https:\/\/buergerbus-steinfurt.de\/#\/schema\/person\/d0df83117f05647dd427e2cec47c2195","name":"Reimar Bage","image":{"@type":"ImageObject","inLanguage":"de","@id":"https:\/\/secure.gravatar.com\/avatar\/39763b5f1cf57f5fba11a8cef91d12bcd5b654814054b4c246daa1f3737f8a35?s=96&d=mm&r=g","url":"https:\/\/secure.gravatar.com\/avatar\/39763b5f1cf57f5fba11a8cef91d12bcd5b654814054b4c246daa1f3737f8a35?s=96&d=mm&r=g","contentUrl":"https:\/\/secure.gravatar.com\/avatar\/39763b5f1cf57f5fba11a8cef91d12bcd5b654814054b4c246daa1f3737f8a35?s=96&d=mm&r=g","caption":"Reimar Bage"},"url":"https:\/\/buergerbus-steinfurt.de\/?author=3"}]}},"_links":{"self":[{"href":"https:\/\/buergerbus-steinfurt.de\/index.php?rest_route=\/wp\/v2\/posts\/2514","targetHints":{"allow":["GET"]}}],"collection":[{"href":"https:\/\/buergerbus-steinfurt.de\/index.php?rest_route=\/wp\/v2\/posts"}],"about":[{"href":"https:\/\/buergerbus-steinfurt.de\/index.php?rest_route=\/wp\/v2\/types\/post"}],"author":[{"embeddable":true,"href":"https:\/\/buergerbus-steinfurt.de\/index.php?rest_route=\/wp\/v2\/users\/3"}],"replies":[{"embeddable":true,"href":"https:\/\/buergerbus-steinfurt.de\/index.php?rest_route=%2Fwp%2Fv2%2Fcomments&post=2514"}],"version-history":[{"count":4,"href":"https:\/\/buergerbus-steinfurt.de\/index.php?rest_route=\/wp\/v2\/posts\/2514\/revisions"}],"predecessor-version":[{"id":2539,"href":"https:\/\/buergerbus-steinfurt.de\/index.php?rest_route=\/wp\/v2\/posts\/2514\/revisions\/2539"}],"wp:featuredmedia":[{"embeddable":true,"href":"https:\/\/buergerbus-steinfurt.de\/index.php?rest_route=\/wp\/v2\/media\/2517"}],"wp:attachment":[{"href":"https:\/\/buergerbus-steinfurt.de\/index.php?rest_route=%2Fwp%2Fv2%2Fmedia&parent=2514"}],"wp:term":[{"taxonomy":"category","embeddable":true,"href":"https:\/\/buergerbus-steinfurt.de\/index.php?rest_route=%2Fwp%2Fv2%2Fcategories&post=2514"},{"taxonomy":"post_tag","embeddable":true,"href":"https:\/\/buergerbus-steinfurt.de\/index.php?rest_route=%2Fwp%2Fv2%2Ftags&post=2514"}],"curies":[{"name":"wp","href":"https:\/\/api.w.org\/{rel}","templated":true}]}}