{"id":2378,"date":"2018-07-21T11:24:23","date_gmt":"2018-07-21T11:24:23","guid":{"rendered":"https:\/\/buergerbus-steinfurt.de\/?p=2378"},"modified":"2018-07-22T14:22:48","modified_gmt":"2018-07-22T14:22:48","slug":"stimmungsvolles-buergerbus-sommerfest-in-wilmsberg","status":"publish","type":"post","link":"https:\/\/buergerbus-steinfurt.de\/?p=2378","title":{"rendered":"Stimmungsvolles Sommerfest in Wilmsberg"},"content":{"rendered":"<p><img loading=\"lazy\" decoding=\"async\" class=\"aligncenter size-large wp-image-2394\" src=\"https:\/\/buergerbus-steinfurt.de\/wp-content\/uploads\/2018\/07\/IMG_3679-1024x683.jpg\" alt=\"\" width=\"800\" height=\"534\" srcset=\"https:\/\/buergerbus-steinfurt.de\/wp-content\/uploads\/2018\/07\/IMG_3679-1024x683.jpg 1024w, https:\/\/buergerbus-steinfurt.de\/wp-content\/uploads\/2018\/07\/IMG_3679-300x200.jpg 300w, https:\/\/buergerbus-steinfurt.de\/wp-content\/uploads\/2018\/07\/IMG_3679-768x512.jpg 768w\" sizes=\"auto, (max-width: 800px) 100vw, 800px\" \/>Es ist ein sch\u00f6ner Brauch, dass der B\u00fcrgerbusverein Steinfurt seine Fahrerinnen und Fahrer sowie alle Mitglieder einmal im Jahr zu einem Sommerfest einl\u00e4dt. Diesmal traf man sich auf dem Anwesen der Familie Wolfgang Homfeld in Wilmsberg. Vorsitzender Ferdinand Brust begr\u00fc\u00dfte die zahlreichen Teilnehmer und dankte insbesondere wieder dem Team der ehrenamtlichen Buslenker f\u00fcr den Einsatz. Da auch in diesem Jahr wieder etliche Sponsoren zum Gelingen des Fests beigetragen hatten, galt auch ihnen das Dankesch\u00f6n des Vorsitzenden. B\u00fcrgermeisterin Claudia B\u00f6gel-Hoyer, die zu den Vereinsmitgliedern z\u00e4hlt, \u00fcberbrachte Gr\u00fc\u00dfe und Dank von Rat und Verwaltung an den B\u00fcrgerbusverein. Sie lobte insbesondere die stadtteil\u00fcbergreifende Arbeit des Vereins und w\u00fcnschte allzeit \u201eGute Fahrt\u201c. Danach verbrachte man auf der sch\u00f6nen Anlage einige Stunden bei Grillwurst, Salaten und k\u00fchlen Getr\u00e4nken. F\u00fcr gute Stimmung sorgten diesmal Bernhard Wollny und Rainer Dabeck, die die G\u00e4ste des stimmungsvollen Sommerfests mit eing\u00e4ngiger Oldie-Musik erfreuten.<\/p>\n<p><img loading=\"lazy\" decoding=\"async\" class=\"aligncenter size-large wp-image-2379\" src=\"https:\/\/buergerbus-steinfurt.de\/wp-content\/uploads\/2018\/07\/Sommerfest-B\u00fcrgerbus-1024x598.jpg\" alt=\"\" width=\"800\" height=\"467\" srcset=\"https:\/\/buergerbus-steinfurt.de\/wp-content\/uploads\/2018\/07\/Sommerfest-B\u00fcrgerbus-1024x598.jpg 1024w, https:\/\/buergerbus-steinfurt.de\/wp-content\/uploads\/2018\/07\/Sommerfest-B\u00fcrgerbus-300x175.jpg 300w, https:\/\/buergerbus-steinfurt.de\/wp-content\/uploads\/2018\/07\/Sommerfest-B\u00fcrgerbus-768x448.jpg 768w\" sizes=\"auto, (max-width: 800px) 100vw, 800px\" \/><\/p>\n<p><em>Das Foto zeigt die G\u00e4ste auf dem Festplatz sowie B\u00fcrgermeisterin B\u00f6gel-Hoyer und den 1. Vorsitzenden Ferdinand Brust bei ihren Gru\u00dfworten<\/em><\/p>\n<p><a href=\"https:\/\/buergerbus-steinfurt.de\/?attachment_id=2387\" rel=\"attachment wp-att-2387\"><img loading=\"lazy\" decoding=\"async\" class=\"size-large wp-image-2387 aligncenter\" src=\"https:\/\/buergerbus-steinfurt.de\/wp-content\/uploads\/2018\/07\/IMG_3643-1024x683.jpg\" alt=\"\" width=\"800\" height=\"534\" srcset=\"https:\/\/buergerbus-steinfurt.de\/wp-content\/uploads\/2018\/07\/IMG_3643-1024x683.jpg 1024w, https:\/\/buergerbus-steinfurt.de\/wp-content\/uploads\/2018\/07\/IMG_3643-300x200.jpg 300w, https:\/\/buergerbus-steinfurt.de\/wp-content\/uploads\/2018\/07\/IMG_3643-768x512.jpg 768w\" sizes=\"auto, (max-width: 800px) 100vw, 800px\" \/><\/a><\/p>\n<p><a href=\"https:\/\/buergerbus-steinfurt.de\/?attachment_id=2392\" rel=\"attachment wp-att-2392\"><img loading=\"lazy\" decoding=\"async\" class=\"size-large wp-image-2392 aligncenter\" src=\"https:\/\/buergerbus-steinfurt.de\/wp-content\/uploads\/2018\/07\/IMG_3655-1024x683.jpg\" alt=\"\" width=\"800\" height=\"534\" srcset=\"https:\/\/buergerbus-steinfurt.de\/wp-content\/uploads\/2018\/07\/IMG_3655-1024x683.jpg 1024w, https:\/\/buergerbus-steinfurt.de\/wp-content\/uploads\/2018\/07\/IMG_3655-300x200.jpg 300w, https:\/\/buergerbus-steinfurt.de\/wp-content\/uploads\/2018\/07\/IMG_3655-768x512.jpg 768w\" sizes=\"auto, (max-width: 800px) 100vw, 800px\" \/><\/a><\/p>\n<p><a href=\"https:\/\/buergerbus-steinfurt.de\/?attachment_id=2385\" rel=\"attachment wp-att-2385\"><img loading=\"lazy\" decoding=\"async\" class=\"wp-image-2385 size-large aligncenter\" src=\"https:\/\/buergerbus-steinfurt.de\/wp-content\/uploads\/2018\/07\/IMG_3639-1024x683.jpg\" alt=\"\" width=\"800\" height=\"534\" srcset=\"https:\/\/buergerbus-steinfurt.de\/wp-content\/uploads\/2018\/07\/IMG_3639-1024x683.jpg 1024w, https:\/\/buergerbus-steinfurt.de\/wp-content\/uploads\/2018\/07\/IMG_3639-300x200.jpg 300w, https:\/\/buergerbus-steinfurt.de\/wp-content\/uploads\/2018\/07\/IMG_3639-768x512.jpg 768w\" sizes=\"auto, (max-width: 800px) 100vw, 800px\" \/><\/a><\/p>\n<p><img loading=\"lazy\" decoding=\"async\" class=\"size-large wp-image-2393 aligncenter\" src=\"https:\/\/buergerbus-steinfurt.de\/wp-content\/uploads\/2018\/07\/IMG_3657-1024x683.jpg\" alt=\"\" width=\"800\" height=\"534\" srcset=\"https:\/\/buergerbus-steinfurt.de\/wp-content\/uploads\/2018\/07\/IMG_3657-1024x683.jpg 1024w, https:\/\/buergerbus-steinfurt.de\/wp-content\/uploads\/2018\/07\/IMG_3657-300x200.jpg 300w, https:\/\/buergerbus-steinfurt.de\/wp-content\/uploads\/2018\/07\/IMG_3657-768x512.jpg 768w\" sizes=\"auto, (max-width: 800px) 100vw, 800px\" \/><\/p>\n<p><a href=\"https:\/\/buergerbus-steinfurt.de\/?attachment_id=2388\" rel=\"attachment wp-att-2388\"><img loading=\"lazy\" decoding=\"async\" class=\"size-large wp-image-2388 aligncenter\" src=\"https:\/\/buergerbus-steinfurt.de\/wp-content\/uploads\/2018\/07\/IMG_3644-1024x683.jpg\" alt=\"\" width=\"800\" height=\"534\" srcset=\"https:\/\/buergerbus-steinfurt.de\/wp-content\/uploads\/2018\/07\/IMG_3644-1024x683.jpg 1024w, https:\/\/buergerbus-steinfurt.de\/wp-content\/uploads\/2018\/07\/IMG_3644-300x200.jpg 300w, https:\/\/buergerbus-steinfurt.de\/wp-content\/uploads\/2018\/07\/IMG_3644-768x512.jpg 768w\" sizes=\"auto, (max-width: 800px) 100vw, 800px\" \/><\/a><\/p>\n<p><a href=\"https:\/\/buergerbus-steinfurt.de\/?attachment_id=2389\" rel=\"attachment wp-att-2389\"><img loading=\"lazy\" decoding=\"async\" class=\"alignleft size-large wp-image-2389\" src=\"https:\/\/buergerbus-steinfurt.de\/wp-content\/uploads\/2018\/07\/IMG_3648-1024x683.jpg\" alt=\"\" width=\"800\" height=\"534\" srcset=\"https:\/\/buergerbus-steinfurt.de\/wp-content\/uploads\/2018\/07\/IMG_3648-1024x683.jpg 1024w, https:\/\/buergerbus-steinfurt.de\/wp-content\/uploads\/2018\/07\/IMG_3648-300x200.jpg 300w, https:\/\/buergerbus-steinfurt.de\/wp-content\/uploads\/2018\/07\/IMG_3648-768x512.jpg 768w\" sizes=\"auto, (max-width: 800px) 100vw, 800px\" \/><\/a><\/p>\n","protected":false},"excerpt":{"rendered":"<p>Es ist ein sch\u00f6ner Brauch, dass der B\u00fcrgerbusverein Steinfurt seine Fahrerinnen und Fahrer sowie alle Mitglieder einmal im Jahr zu einem Sommerfest einl\u00e4dt. Diesmal traf man sich auf dem Anwesen &#8230;<\/p>\n","protected":false},"author":3,"featured_media":2379,"comment_status":"closed","ping_status":"closed","sticky":false,"template":"","format":"standard","meta":{"footnotes":""},"categories":[1],"tags":[],"class_list":["post-2378","post","type-post","status-publish","format-standard","has-post-thumbnail","hentry","category-uncategorized"],"yoast_head":"<!-- This site is optimized with the Yoast SEO plugin v27.5 - https:\/\/yoast.com\/product\/yoast-seo-wordpress\/ -->\n<title>Stimmungsvolles Sommerfest in Wilmsberg - B\u00fcrgerbus Steinfurt %<\/title>\n<meta name=\"robots\" content=\"index, follow, max-snippet:-1, max-image-preview:large, max-video-preview:-1\" \/>\n<link rel=\"canonical\" href=\"https:\/\/buergerbus-steinfurt.de\/?p=2378\" \/>\n<meta property=\"og:locale\" content=\"de_DE\" \/>\n<meta property=\"og:type\" content=\"article\" \/>\n<meta property=\"og:title\" content=\"Stimmungsvolles Sommerfest in Wilmsberg - B\u00fcrgerbus Steinfurt %\" \/>\n<meta property=\"og:description\" content=\"Es ist ein sch\u00f6ner Brauch, dass der B\u00fcrgerbusverein Steinfurt seine Fahrerinnen und Fahrer sowie alle Mitglieder einmal im Jahr zu einem Sommerfest einl\u00e4dt. Diesmal traf man sich auf dem Anwesen ...\" \/>\n<meta property=\"og:url\" content=\"https:\/\/buergerbus-steinfurt.de\/?p=2378\" \/>\n<meta property=\"og:site_name\" content=\"B\u00fcrgerbus Steinfurt\" \/>\n<meta property=\"article:published_time\" content=\"2018-07-21T11:24:23+00:00\" \/>\n<meta property=\"article:modified_time\" content=\"2018-07-22T14:22:48+00:00\" \/>\n<meta property=\"og:image\" content=\"https:\/\/buergerbus-steinfurt.de\/wp-content\/uploads\/2018\/07\/Sommerfest-B\u00fcrgerbus-1024x598.jpg\" \/>\n\t<meta property=\"og:image:width\" content=\"1024\" \/>\n\t<meta property=\"og:image:height\" content=\"598\" \/>\n\t<meta property=\"og:image:type\" content=\"image\/jpeg\" \/>\n<meta name=\"author\" content=\"Reimar Bage\" \/>\n<meta name=\"twitter:card\" content=\"summary_large_image\" \/>\n<meta name=\"twitter:label1\" content=\"Verfasst von\" \/>\n\t<meta name=\"twitter:data1\" content=\"Reimar Bage\" \/>\n\t<meta name=\"twitter:label2\" content=\"Gesch\u00e4tzte Lesezeit\" \/>\n\t<meta name=\"twitter:data2\" content=\"1\u00a0Minute\" \/>\n<script type=\"application\/ld+json\" class=\"yoast-schema-graph\">{\"@context\":\"https:\\\/\\\/schema.org\",\"@graph\":[{\"@type\":\"Article\",\"@id\":\"https:\\\/\\\/buergerbus-steinfurt.de\\\/?p=2378#article\",\"isPartOf\":{\"@id\":\"https:\\\/\\\/buergerbus-steinfurt.de\\\/?p=2378\"},\"author\":{\"name\":\"Reimar Bage\",\"@id\":\"https:\\\/\\\/buergerbus-steinfurt.de\\\/#\\\/schema\\\/person\\\/d0df83117f05647dd427e2cec47c2195\"},\"headline\":\"Stimmungsvolles Sommerfest in Wilmsberg\",\"datePublished\":\"2018-07-21T11:24:23+00:00\",\"dateModified\":\"2018-07-22T14:22:48+00:00\",\"mainEntityOfPage\":{\"@id\":\"https:\\\/\\\/buergerbus-steinfurt.de\\\/?p=2378\"},\"wordCount\":189,\"publisher\":{\"@id\":\"https:\\\/\\\/buergerbus-steinfurt.de\\\/#organization\"},\"image\":{\"@id\":\"https:\\\/\\\/buergerbus-steinfurt.de\\\/?p=2378#primaryimage\"},\"thumbnailUrl\":\"https:\\\/\\\/buergerbus-steinfurt.de\\\/wp-content\\\/uploads\\\/2018\\\/07\\\/Sommerfest-B\u00fcrgerbus.jpg\",\"articleSection\":[\"Uncategorized\"],\"inLanguage\":\"de\"},{\"@type\":\"WebPage\",\"@id\":\"https:\\\/\\\/buergerbus-steinfurt.de\\\/?p=2378\",\"url\":\"https:\\\/\\\/buergerbus-steinfurt.de\\\/?p=2378\",\"name\":\"Stimmungsvolles Sommerfest in Wilmsberg - B\u00fcrgerbus Steinfurt %\",\"isPartOf\":{\"@id\":\"https:\\\/\\\/buergerbus-steinfurt.de\\\/#website\"},\"primaryImageOfPage\":{\"@id\":\"https:\\\/\\\/buergerbus-steinfurt.de\\\/?p=2378#primaryimage\"},\"image\":{\"@id\":\"https:\\\/\\\/buergerbus-steinfurt.de\\\/?p=2378#primaryimage\"},\"thumbnailUrl\":\"https:\\\/\\\/buergerbus-steinfurt.de\\\/wp-content\\\/uploads\\\/2018\\\/07\\\/Sommerfest-B\u00fcrgerbus.jpg\",\"datePublished\":\"2018-07-21T11:24:23+00:00\",\"dateModified\":\"2018-07-22T14:22:48+00:00\",\"breadcrumb\":{\"@id\":\"https:\\\/\\\/buergerbus-steinfurt.de\\\/?p=2378#breadcrumb\"},\"inLanguage\":\"de\",\"potentialAction\":[{\"@type\":\"ReadAction\",\"target\":[\"https:\\\/\\\/buergerbus-steinfurt.de\\\/?p=2378\"]}]},{\"@type\":\"ImageObject\",\"inLanguage\":\"de\",\"@id\":\"https:\\\/\\\/buergerbus-steinfurt.de\\\/?p=2378#primaryimage\",\"url\":\"https:\\\/\\\/buergerbus-steinfurt.de\\\/wp-content\\\/uploads\\\/2018\\\/07\\\/Sommerfest-B\u00fcrgerbus.jpg\",\"contentUrl\":\"https:\\\/\\\/buergerbus-steinfurt.de\\\/wp-content\\\/uploads\\\/2018\\\/07\\\/Sommerfest-B\u00fcrgerbus.jpg\",\"width\":3989,\"height\":2329},{\"@type\":\"BreadcrumbList\",\"@id\":\"https:\\\/\\\/buergerbus-steinfurt.de\\\/?p=2378#breadcrumb\",\"itemListElement\":[{\"@type\":\"ListItem\",\"position\":1,\"name\":\"Startseite\",\"item\":\"https:\\\/\\\/buergerbus-steinfurt.de\\\/\"},{\"@type\":\"ListItem\",\"position\":2,\"name\":\"Stimmungsvolles Sommerfest in Wilmsberg\"}]},{\"@type\":\"WebSite\",\"@id\":\"https:\\\/\\\/buergerbus-steinfurt.de\\\/#website\",\"url\":\"https:\\\/\\\/buergerbus-steinfurt.de\\\/\",\"name\":\"B\u00dcRGERBUS STEINFURT\",\"description\":\"\",\"publisher\":{\"@id\":\"https:\\\/\\\/buergerbus-steinfurt.de\\\/#organization\"},\"potentialAction\":[{\"@type\":\"SearchAction\",\"target\":{\"@type\":\"EntryPoint\",\"urlTemplate\":\"https:\\\/\\\/buergerbus-steinfurt.de\\\/?s={search_term_string}\"},\"query-input\":{\"@type\":\"PropertyValueSpecification\",\"valueRequired\":true,\"valueName\":\"search_term_string\"}}],\"inLanguage\":\"de\"},{\"@type\":\"Organization\",\"@id\":\"https:\\\/\\\/buergerbus-steinfurt.de\\\/#organization\",\"name\":\"B\u00fcrgerbus Steinfurt e.V.\",\"url\":\"https:\\\/\\\/buergerbus-steinfurt.de\\\/\",\"logo\":{\"@type\":\"ImageObject\",\"inLanguage\":\"de\",\"@id\":\"https:\\\/\\\/buergerbus-steinfurt.de\\\/#\\\/schema\\\/logo\\\/image\\\/\",\"url\":\"https:\\\/\\\/buergerbus-steinfurt.de\\\/wp-content\\\/uploads\\\/2022\\\/08\\\/2bb-steinfurt-logo-neu.png\",\"contentUrl\":\"https:\\\/\\\/buergerbus-steinfurt.de\\\/wp-content\\\/uploads\\\/2022\\\/08\\\/2bb-steinfurt-logo-neu.png\",\"width\":293,\"height\":75,\"caption\":\"B\u00fcrgerbus Steinfurt e.V.\"},\"image\":{\"@id\":\"https:\\\/\\\/buergerbus-steinfurt.de\\\/#\\\/schema\\\/logo\\\/image\\\/\"}},{\"@type\":\"Person\",\"@id\":\"https:\\\/\\\/buergerbus-steinfurt.de\\\/#\\\/schema\\\/person\\\/d0df83117f05647dd427e2cec47c2195\",\"name\":\"Reimar Bage\",\"image\":{\"@type\":\"ImageObject\",\"inLanguage\":\"de\",\"@id\":\"https:\\\/\\\/secure.gravatar.com\\\/avatar\\\/39763b5f1cf57f5fba11a8cef91d12bcd5b654814054b4c246daa1f3737f8a35?s=96&d=mm&r=g\",\"url\":\"https:\\\/\\\/secure.gravatar.com\\\/avatar\\\/39763b5f1cf57f5fba11a8cef91d12bcd5b654814054b4c246daa1f3737f8a35?s=96&d=mm&r=g\",\"contentUrl\":\"https:\\\/\\\/secure.gravatar.com\\\/avatar\\\/39763b5f1cf57f5fba11a8cef91d12bcd5b654814054b4c246daa1f3737f8a35?s=96&d=mm&r=g\",\"caption\":\"Reimar Bage\"},\"url\":\"https:\\\/\\\/buergerbus-steinfurt.de\\\/?author=3\"}]}<\/script>\n<!-- \/ Yoast SEO plugin. -->","yoast_head_json":{"title":"Stimmungsvolles Sommerfest in Wilmsberg - B\u00fcrgerbus Steinfurt %","robots":{"index":"index","follow":"follow","max-snippet":"max-snippet:-1","max-image-preview":"max-image-preview:large","max-video-preview":"max-video-preview:-1"},"canonical":"https:\/\/buergerbus-steinfurt.de\/?p=2378","og_locale":"de_DE","og_type":"article","og_title":"Stimmungsvolles Sommerfest in Wilmsberg - B\u00fcrgerbus Steinfurt %","og_description":"Es ist ein sch\u00f6ner Brauch, dass der B\u00fcrgerbusverein Steinfurt seine Fahrerinnen und Fahrer sowie alle Mitglieder einmal im Jahr zu einem Sommerfest einl\u00e4dt. Diesmal traf man sich auf dem Anwesen ...","og_url":"https:\/\/buergerbus-steinfurt.de\/?p=2378","og_site_name":"B\u00fcrgerbus Steinfurt","article_published_time":"2018-07-21T11:24:23+00:00","article_modified_time":"2018-07-22T14:22:48+00:00","og_image":[{"width":1024,"height":598,"url":"https:\/\/buergerbus-steinfurt.de\/wp-content\/uploads\/2018\/07\/Sommerfest-B\u00fcrgerbus-1024x598.jpg","type":"image\/jpeg"}],"author":"Reimar Bage","twitter_card":"summary_large_image","twitter_misc":{"Verfasst von":"Reimar Bage","Gesch\u00e4tzte Lesezeit":"1\u00a0Minute"},"schema":{"@context":"https:\/\/schema.org","@graph":[{"@type":"Article","@id":"https:\/\/buergerbus-steinfurt.de\/?p=2378#article","isPartOf":{"@id":"https:\/\/buergerbus-steinfurt.de\/?p=2378"},"author":{"name":"Reimar Bage","@id":"https:\/\/buergerbus-steinfurt.de\/#\/schema\/person\/d0df83117f05647dd427e2cec47c2195"},"headline":"Stimmungsvolles Sommerfest in Wilmsberg","datePublished":"2018-07-21T11:24:23+00:00","dateModified":"2018-07-22T14:22:48+00:00","mainEntityOfPage":{"@id":"https:\/\/buergerbus-steinfurt.de\/?p=2378"},"wordCount":189,"publisher":{"@id":"https:\/\/buergerbus-steinfurt.de\/#organization"},"image":{"@id":"https:\/\/buergerbus-steinfurt.de\/?p=2378#primaryimage"},"thumbnailUrl":"https:\/\/buergerbus-steinfurt.de\/wp-content\/uploads\/2018\/07\/Sommerfest-B\u00fcrgerbus.jpg","articleSection":["Uncategorized"],"inLanguage":"de"},{"@type":"WebPage","@id":"https:\/\/buergerbus-steinfurt.de\/?p=2378","url":"https:\/\/buergerbus-steinfurt.de\/?p=2378","name":"Stimmungsvolles Sommerfest in Wilmsberg - B\u00fcrgerbus Steinfurt %","isPartOf":{"@id":"https:\/\/buergerbus-steinfurt.de\/#website"},"primaryImageOfPage":{"@id":"https:\/\/buergerbus-steinfurt.de\/?p=2378#primaryimage"},"image":{"@id":"https:\/\/buergerbus-steinfurt.de\/?p=2378#primaryimage"},"thumbnailUrl":"https:\/\/buergerbus-steinfurt.de\/wp-content\/uploads\/2018\/07\/Sommerfest-B\u00fcrgerbus.jpg","datePublished":"2018-07-21T11:24:23+00:00","dateModified":"2018-07-22T14:22:48+00:00","breadcrumb":{"@id":"https:\/\/buergerbus-steinfurt.de\/?p=2378#breadcrumb"},"inLanguage":"de","potentialAction":[{"@type":"ReadAction","target":["https:\/\/buergerbus-steinfurt.de\/?p=2378"]}]},{"@type":"ImageObject","inLanguage":"de","@id":"https:\/\/buergerbus-steinfurt.de\/?p=2378#primaryimage","url":"https:\/\/buergerbus-steinfurt.de\/wp-content\/uploads\/2018\/07\/Sommerfest-B\u00fcrgerbus.jpg","contentUrl":"https:\/\/buergerbus-steinfurt.de\/wp-content\/uploads\/2018\/07\/Sommerfest-B\u00fcrgerbus.jpg","width":3989,"height":2329},{"@type":"BreadcrumbList","@id":"https:\/\/buergerbus-steinfurt.de\/?p=2378#breadcrumb","itemListElement":[{"@type":"ListItem","position":1,"name":"Startseite","item":"https:\/\/buergerbus-steinfurt.de\/"},{"@type":"ListItem","position":2,"name":"Stimmungsvolles Sommerfest in Wilmsberg"}]},{"@type":"WebSite","@id":"https:\/\/buergerbus-steinfurt.de\/#website","url":"https:\/\/buergerbus-steinfurt.de\/","name":"B\u00dcRGERBUS STEINFURT","description":"","publisher":{"@id":"https:\/\/buergerbus-steinfurt.de\/#organization"},"potentialAction":[{"@type":"SearchAction","target":{"@type":"EntryPoint","urlTemplate":"https:\/\/buergerbus-steinfurt.de\/?s={search_term_string}"},"query-input":{"@type":"PropertyValueSpecification","valueRequired":true,"valueName":"search_term_string"}}],"inLanguage":"de"},{"@type":"Organization","@id":"https:\/\/buergerbus-steinfurt.de\/#organization","name":"B\u00fcrgerbus Steinfurt e.V.","url":"https:\/\/buergerbus-steinfurt.de\/","logo":{"@type":"ImageObject","inLanguage":"de","@id":"https:\/\/buergerbus-steinfurt.de\/#\/schema\/logo\/image\/","url":"https:\/\/buergerbus-steinfurt.de\/wp-content\/uploads\/2022\/08\/2bb-steinfurt-logo-neu.png","contentUrl":"https:\/\/buergerbus-steinfurt.de\/wp-content\/uploads\/2022\/08\/2bb-steinfurt-logo-neu.png","width":293,"height":75,"caption":"B\u00fcrgerbus Steinfurt e.V."},"image":{"@id":"https:\/\/buergerbus-steinfurt.de\/#\/schema\/logo\/image\/"}},{"@type":"Person","@id":"https:\/\/buergerbus-steinfurt.de\/#\/schema\/person\/d0df83117f05647dd427e2cec47c2195","name":"Reimar Bage","image":{"@type":"ImageObject","inLanguage":"de","@id":"https:\/\/secure.gravatar.com\/avatar\/39763b5f1cf57f5fba11a8cef91d12bcd5b654814054b4c246daa1f3737f8a35?s=96&d=mm&r=g","url":"https:\/\/secure.gravatar.com\/avatar\/39763b5f1cf57f5fba11a8cef91d12bcd5b654814054b4c246daa1f3737f8a35?s=96&d=mm&r=g","contentUrl":"https:\/\/secure.gravatar.com\/avatar\/39763b5f1cf57f5fba11a8cef91d12bcd5b654814054b4c246daa1f3737f8a35?s=96&d=mm&r=g","caption":"Reimar Bage"},"url":"https:\/\/buergerbus-steinfurt.de\/?author=3"}]}},"_links":{"self":[{"href":"https:\/\/buergerbus-steinfurt.de\/index.php?rest_route=\/wp\/v2\/posts\/2378","targetHints":{"allow":["GET"]}}],"collection":[{"href":"https:\/\/buergerbus-steinfurt.de\/index.php?rest_route=\/wp\/v2\/posts"}],"about":[{"href":"https:\/\/buergerbus-steinfurt.de\/index.php?rest_route=\/wp\/v2\/types\/post"}],"author":[{"embeddable":true,"href":"https:\/\/buergerbus-steinfurt.de\/index.php?rest_route=\/wp\/v2\/users\/3"}],"replies":[{"embeddable":true,"href":"https:\/\/buergerbus-steinfurt.de\/index.php?rest_route=%2Fwp%2Fv2%2Fcomments&post=2378"}],"version-history":[{"count":21,"href":"https:\/\/buergerbus-steinfurt.de\/index.php?rest_route=\/wp\/v2\/posts\/2378\/revisions"}],"predecessor-version":[{"id":2417,"href":"https:\/\/buergerbus-steinfurt.de\/index.php?rest_route=\/wp\/v2\/posts\/2378\/revisions\/2417"}],"wp:featuredmedia":[{"embeddable":true,"href":"https:\/\/buergerbus-steinfurt.de\/index.php?rest_route=\/wp\/v2\/media\/2379"}],"wp:attachment":[{"href":"https:\/\/buergerbus-steinfurt.de\/index.php?rest_route=%2Fwp%2Fv2%2Fmedia&parent=2378"}],"wp:term":[{"taxonomy":"category","embeddable":true,"href":"https:\/\/buergerbus-steinfurt.de\/index.php?rest_route=%2Fwp%2Fv2%2Fcategories&post=2378"},{"taxonomy":"post_tag","embeddable":true,"href":"https:\/\/buergerbus-steinfurt.de\/index.php?rest_route=%2Fwp%2Fv2%2Ftags&post=2378"}],"curies":[{"name":"wp","href":"https:\/\/api.w.org\/{rel}","templated":true}]}}