{"id":2235,"date":"2018-04-12T09:43:21","date_gmt":"2018-04-12T09:43:21","guid":{"rendered":"https:\/\/buergerbus-steinfurt.de\/?p=2235"},"modified":"2018-04-12T09:52:58","modified_gmt":"2018-04-12T09:52:58","slug":"starthilfe-fuer-neuen-buergerbusverein-lienen-glandorf","status":"publish","type":"post","link":"https:\/\/buergerbus-steinfurt.de\/?p=2235","title":{"rendered":"Starthilfe f\u00fcr neuen B\u00fcrgerbusverein Lienen\/Glandorf"},"content":{"rendered":"<p>Zweimal in dieser Woche (9. bis 13. April 2018) waren 1. Vorsitzender Ferdinand Brust und stv. Gesch\u00e4ftsf\u00fchrer Reimar Bage vom B\u00fcrgerbusverein Steinfurt mit dem B\u00fcrgerbus unterwegs: Am Montag in Kattenvenne, Ortsteil von Lienen im Kreis Steinfurt, und am Mittwoch in Glandorf im nieders\u00e4chsischen Kreis Osnabr\u00fcck. Die Steinfurter standen Interessenten aus beiden Orten Rede und Antwort zum Thema \u201eWas ist ein B\u00fcrgerbus und wie wird er am besten betrieben\u201c. Au\u00dferdem hatten die B\u00fcrgermeister Arne Strietelmeier (Lienen) und B\u00fcrgermeisterin Dr. Magdalene Heuvelmann (Glandorf) Vertreter des Regionalverkehrs M\u00fcnsterland (RVM) und der Verkehrsgemeinschaft Osnabr\u00fcck zu den Informationsabenden eingeladen. Die Steinfurter G\u00e4ste lie\u00dfen die Teilnehmer einen Blick in den neuen Mercedes Sprinter werfen, drehten mit ihm eine kleine Runde im Ort und berichteten dann \u00fcber ihre Erfahrungen des B\u00fcrgervereins in den vergangenen acht Jahren. Dar\u00fcber hinaus gab es praktische Hinweise f\u00fcr Fahrbetrieb und Vereinsleben. Die Initiatoren in den beiden Orten wollen als n\u00e4chsten Schritt am 25. April 2018 in Lienen einen B\u00fcrgerbusverein Lienen\/Glandorf gr\u00fcnden.<\/p>\n<figure id=\"attachment_2240\" aria-describedby=\"caption-attachment-2240\" style=\"width: 800px\" class=\"wp-caption alignleft\"><a href=\"https:\/\/buergerbus-steinfurt.de\/?attachment_id=2240\" rel=\"attachment wp-att-2240\"><img loading=\"lazy\" decoding=\"async\" class=\"wp-image-2240 size-large\" src=\"https:\/\/buergerbus-steinfurt.de\/wp-content\/uploads\/2018\/04\/Lienen1-1024x616.jpg\" alt=\"\" width=\"800\" height=\"481\" srcset=\"https:\/\/buergerbus-steinfurt.de\/wp-content\/uploads\/2018\/04\/Lienen1-1024x616.jpg 1024w, https:\/\/buergerbus-steinfurt.de\/wp-content\/uploads\/2018\/04\/Lienen1-300x181.jpg 300w, https:\/\/buergerbus-steinfurt.de\/wp-content\/uploads\/2018\/04\/Lienen1-768x462.jpg 768w\" sizes=\"auto, (max-width: 800px) 100vw, 800px\" \/><\/a><figcaption id=\"caption-attachment-2240\" class=\"wp-caption-text\">Ortstermin in Glandorf mit Interessenten f\u00fcr den neuen B\u00fcrgerbusverein Lienen\/Glandorf. Am Einstieg B\u00fcrgermeisterin Dr. Heuvelmann und Ferdinand Brust (3.v.r.)<\/figcaption><\/figure>\n<p>&nbsp;<\/p>\n<p>&nbsp;<\/p>\n","protected":false},"excerpt":{"rendered":"<p>Zweimal in dieser Woche (9. bis 13. April 2018) waren 1. Vorsitzender Ferdinand Brust und stv. Gesch\u00e4ftsf\u00fchrer Reimar Bage vom B\u00fcrgerbusverein Steinfurt mit dem B\u00fcrgerbus unterwegs: Am Montag in Kattenvenne, &#8230;<\/p>\n","protected":false},"author":3,"featured_media":2236,"comment_status":"closed","ping_status":"closed","sticky":false,"template":"","format":"standard","meta":{"footnotes":""},"categories":[1],"tags":[],"class_list":["post-2235","post","type-post","status-publish","format-standard","has-post-thumbnail","hentry","category-uncategorized"],"yoast_head":"<!-- This site is optimized with the Yoast SEO plugin v27.5 - https:\/\/yoast.com\/product\/yoast-seo-wordpress\/ -->\n<title>Starthilfe f\u00fcr neuen B\u00fcrgerbusverein Lienen\/Glandorf - B\u00fcrgerbus Steinfurt %<\/title>\n<meta name=\"robots\" content=\"index, follow, max-snippet:-1, max-image-preview:large, max-video-preview:-1\" \/>\n<link rel=\"canonical\" href=\"https:\/\/buergerbus-steinfurt.de\/?p=2235\" \/>\n<meta property=\"og:locale\" content=\"de_DE\" \/>\n<meta property=\"og:type\" content=\"article\" \/>\n<meta property=\"og:title\" content=\"Starthilfe f\u00fcr neuen B\u00fcrgerbusverein Lienen\/Glandorf - B\u00fcrgerbus Steinfurt %\" \/>\n<meta property=\"og:description\" content=\"Zweimal in dieser Woche (9. bis 13. April 2018) waren 1. Vorsitzender Ferdinand Brust und stv. Gesch\u00e4ftsf\u00fchrer Reimar Bage vom B\u00fcrgerbusverein Steinfurt mit dem B\u00fcrgerbus unterwegs: Am Montag in Kattenvenne, ...\" \/>\n<meta property=\"og:url\" content=\"https:\/\/buergerbus-steinfurt.de\/?p=2235\" \/>\n<meta property=\"og:site_name\" content=\"B\u00fcrgerbus Steinfurt\" \/>\n<meta property=\"article:published_time\" content=\"2018-04-12T09:43:21+00:00\" \/>\n<meta property=\"article:modified_time\" content=\"2018-04-12T09:52:58+00:00\" \/>\n<meta property=\"og:image\" content=\"https:\/\/buergerbus-steinfurt.de\/wp-content\/uploads\/2018\/04\/Lienen3-1024x715.jpg\" \/>\n\t<meta property=\"og:image:width\" content=\"1024\" \/>\n\t<meta property=\"og:image:height\" content=\"715\" \/>\n\t<meta property=\"og:image:type\" content=\"image\/jpeg\" \/>\n<meta name=\"author\" content=\"Reimar Bage\" \/>\n<meta name=\"twitter:card\" content=\"summary_large_image\" \/>\n<meta name=\"twitter:label1\" content=\"Verfasst von\" \/>\n\t<meta name=\"twitter:data1\" content=\"Reimar Bage\" \/>\n\t<meta name=\"twitter:label2\" content=\"Gesch\u00e4tzte Lesezeit\" \/>\n\t<meta name=\"twitter:data2\" content=\"1\u00a0Minute\" \/>\n<script type=\"application\/ld+json\" class=\"yoast-schema-graph\">{\"@context\":\"https:\\\/\\\/schema.org\",\"@graph\":[{\"@type\":\"Article\",\"@id\":\"https:\\\/\\\/buergerbus-steinfurt.de\\\/?p=2235#article\",\"isPartOf\":{\"@id\":\"https:\\\/\\\/buergerbus-steinfurt.de\\\/?p=2235\"},\"author\":{\"name\":\"Reimar Bage\",\"@id\":\"https:\\\/\\\/buergerbus-steinfurt.de\\\/#\\\/schema\\\/person\\\/d0df83117f05647dd427e2cec47c2195\"},\"headline\":\"Starthilfe f\u00fcr neuen B\u00fcrgerbusverein Lienen\\\/Glandorf\",\"datePublished\":\"2018-04-12T09:43:21+00:00\",\"dateModified\":\"2018-04-12T09:52:58+00:00\",\"mainEntityOfPage\":{\"@id\":\"https:\\\/\\\/buergerbus-steinfurt.de\\\/?p=2235\"},\"wordCount\":215,\"publisher\":{\"@id\":\"https:\\\/\\\/buergerbus-steinfurt.de\\\/#organization\"},\"image\":{\"@id\":\"https:\\\/\\\/buergerbus-steinfurt.de\\\/?p=2235#primaryimage\"},\"thumbnailUrl\":\"https:\\\/\\\/buergerbus-steinfurt.de\\\/wp-content\\\/uploads\\\/2018\\\/04\\\/Lienen3.jpg\",\"articleSection\":[\"Uncategorized\"],\"inLanguage\":\"de\"},{\"@type\":\"WebPage\",\"@id\":\"https:\\\/\\\/buergerbus-steinfurt.de\\\/?p=2235\",\"url\":\"https:\\\/\\\/buergerbus-steinfurt.de\\\/?p=2235\",\"name\":\"Starthilfe f\u00fcr neuen B\u00fcrgerbusverein Lienen\\\/Glandorf - B\u00fcrgerbus Steinfurt %\",\"isPartOf\":{\"@id\":\"https:\\\/\\\/buergerbus-steinfurt.de\\\/#website\"},\"primaryImageOfPage\":{\"@id\":\"https:\\\/\\\/buergerbus-steinfurt.de\\\/?p=2235#primaryimage\"},\"image\":{\"@id\":\"https:\\\/\\\/buergerbus-steinfurt.de\\\/?p=2235#primaryimage\"},\"thumbnailUrl\":\"https:\\\/\\\/buergerbus-steinfurt.de\\\/wp-content\\\/uploads\\\/2018\\\/04\\\/Lienen3.jpg\",\"datePublished\":\"2018-04-12T09:43:21+00:00\",\"dateModified\":\"2018-04-12T09:52:58+00:00\",\"breadcrumb\":{\"@id\":\"https:\\\/\\\/buergerbus-steinfurt.de\\\/?p=2235#breadcrumb\"},\"inLanguage\":\"de\",\"potentialAction\":[{\"@type\":\"ReadAction\",\"target\":[\"https:\\\/\\\/buergerbus-steinfurt.de\\\/?p=2235\"]}]},{\"@type\":\"ImageObject\",\"inLanguage\":\"de\",\"@id\":\"https:\\\/\\\/buergerbus-steinfurt.de\\\/?p=2235#primaryimage\",\"url\":\"https:\\\/\\\/buergerbus-steinfurt.de\\\/wp-content\\\/uploads\\\/2018\\\/04\\\/Lienen3.jpg\",\"contentUrl\":\"https:\\\/\\\/buergerbus-steinfurt.de\\\/wp-content\\\/uploads\\\/2018\\\/04\\\/Lienen3.jpg\",\"width\":3351,\"height\":2339},{\"@type\":\"BreadcrumbList\",\"@id\":\"https:\\\/\\\/buergerbus-steinfurt.de\\\/?p=2235#breadcrumb\",\"itemListElement\":[{\"@type\":\"ListItem\",\"position\":1,\"name\":\"Startseite\",\"item\":\"https:\\\/\\\/buergerbus-steinfurt.de\\\/\"},{\"@type\":\"ListItem\",\"position\":2,\"name\":\"Starthilfe f\u00fcr neuen B\u00fcrgerbusverein Lienen\\\/Glandorf\"}]},{\"@type\":\"WebSite\",\"@id\":\"https:\\\/\\\/buergerbus-steinfurt.de\\\/#website\",\"url\":\"https:\\\/\\\/buergerbus-steinfurt.de\\\/\",\"name\":\"B\u00dcRGERBUS STEINFURT\",\"description\":\"\",\"publisher\":{\"@id\":\"https:\\\/\\\/buergerbus-steinfurt.de\\\/#organization\"},\"potentialAction\":[{\"@type\":\"SearchAction\",\"target\":{\"@type\":\"EntryPoint\",\"urlTemplate\":\"https:\\\/\\\/buergerbus-steinfurt.de\\\/?s={search_term_string}\"},\"query-input\":{\"@type\":\"PropertyValueSpecification\",\"valueRequired\":true,\"valueName\":\"search_term_string\"}}],\"inLanguage\":\"de\"},{\"@type\":\"Organization\",\"@id\":\"https:\\\/\\\/buergerbus-steinfurt.de\\\/#organization\",\"name\":\"B\u00fcrgerbus Steinfurt e.V.\",\"url\":\"https:\\\/\\\/buergerbus-steinfurt.de\\\/\",\"logo\":{\"@type\":\"ImageObject\",\"inLanguage\":\"de\",\"@id\":\"https:\\\/\\\/buergerbus-steinfurt.de\\\/#\\\/schema\\\/logo\\\/image\\\/\",\"url\":\"https:\\\/\\\/buergerbus-steinfurt.de\\\/wp-content\\\/uploads\\\/2022\\\/08\\\/2bb-steinfurt-logo-neu.png\",\"contentUrl\":\"https:\\\/\\\/buergerbus-steinfurt.de\\\/wp-content\\\/uploads\\\/2022\\\/08\\\/2bb-steinfurt-logo-neu.png\",\"width\":293,\"height\":75,\"caption\":\"B\u00fcrgerbus Steinfurt e.V.\"},\"image\":{\"@id\":\"https:\\\/\\\/buergerbus-steinfurt.de\\\/#\\\/schema\\\/logo\\\/image\\\/\"}},{\"@type\":\"Person\",\"@id\":\"https:\\\/\\\/buergerbus-steinfurt.de\\\/#\\\/schema\\\/person\\\/d0df83117f05647dd427e2cec47c2195\",\"name\":\"Reimar Bage\",\"image\":{\"@type\":\"ImageObject\",\"inLanguage\":\"de\",\"@id\":\"https:\\\/\\\/secure.gravatar.com\\\/avatar\\\/39763b5f1cf57f5fba11a8cef91d12bcd5b654814054b4c246daa1f3737f8a35?s=96&d=mm&r=g\",\"url\":\"https:\\\/\\\/secure.gravatar.com\\\/avatar\\\/39763b5f1cf57f5fba11a8cef91d12bcd5b654814054b4c246daa1f3737f8a35?s=96&d=mm&r=g\",\"contentUrl\":\"https:\\\/\\\/secure.gravatar.com\\\/avatar\\\/39763b5f1cf57f5fba11a8cef91d12bcd5b654814054b4c246daa1f3737f8a35?s=96&d=mm&r=g\",\"caption\":\"Reimar Bage\"},\"url\":\"https:\\\/\\\/buergerbus-steinfurt.de\\\/?author=3\"}]}<\/script>\n<!-- \/ Yoast SEO plugin. -->","yoast_head_json":{"title":"Starthilfe f\u00fcr neuen B\u00fcrgerbusverein Lienen\/Glandorf - B\u00fcrgerbus Steinfurt %","robots":{"index":"index","follow":"follow","max-snippet":"max-snippet:-1","max-image-preview":"max-image-preview:large","max-video-preview":"max-video-preview:-1"},"canonical":"https:\/\/buergerbus-steinfurt.de\/?p=2235","og_locale":"de_DE","og_type":"article","og_title":"Starthilfe f\u00fcr neuen B\u00fcrgerbusverein Lienen\/Glandorf - B\u00fcrgerbus Steinfurt %","og_description":"Zweimal in dieser Woche (9. bis 13. April 2018) waren 1. Vorsitzender Ferdinand Brust und stv. Gesch\u00e4ftsf\u00fchrer Reimar Bage vom B\u00fcrgerbusverein Steinfurt mit dem B\u00fcrgerbus unterwegs: Am Montag in Kattenvenne, ...","og_url":"https:\/\/buergerbus-steinfurt.de\/?p=2235","og_site_name":"B\u00fcrgerbus Steinfurt","article_published_time":"2018-04-12T09:43:21+00:00","article_modified_time":"2018-04-12T09:52:58+00:00","og_image":[{"width":1024,"height":715,"url":"https:\/\/buergerbus-steinfurt.de\/wp-content\/uploads\/2018\/04\/Lienen3-1024x715.jpg","type":"image\/jpeg"}],"author":"Reimar Bage","twitter_card":"summary_large_image","twitter_misc":{"Verfasst von":"Reimar Bage","Gesch\u00e4tzte Lesezeit":"1\u00a0Minute"},"schema":{"@context":"https:\/\/schema.org","@graph":[{"@type":"Article","@id":"https:\/\/buergerbus-steinfurt.de\/?p=2235#article","isPartOf":{"@id":"https:\/\/buergerbus-steinfurt.de\/?p=2235"},"author":{"name":"Reimar Bage","@id":"https:\/\/buergerbus-steinfurt.de\/#\/schema\/person\/d0df83117f05647dd427e2cec47c2195"},"headline":"Starthilfe f\u00fcr neuen B\u00fcrgerbusverein Lienen\/Glandorf","datePublished":"2018-04-12T09:43:21+00:00","dateModified":"2018-04-12T09:52:58+00:00","mainEntityOfPage":{"@id":"https:\/\/buergerbus-steinfurt.de\/?p=2235"},"wordCount":215,"publisher":{"@id":"https:\/\/buergerbus-steinfurt.de\/#organization"},"image":{"@id":"https:\/\/buergerbus-steinfurt.de\/?p=2235#primaryimage"},"thumbnailUrl":"https:\/\/buergerbus-steinfurt.de\/wp-content\/uploads\/2018\/04\/Lienen3.jpg","articleSection":["Uncategorized"],"inLanguage":"de"},{"@type":"WebPage","@id":"https:\/\/buergerbus-steinfurt.de\/?p=2235","url":"https:\/\/buergerbus-steinfurt.de\/?p=2235","name":"Starthilfe f\u00fcr neuen B\u00fcrgerbusverein Lienen\/Glandorf - B\u00fcrgerbus Steinfurt %","isPartOf":{"@id":"https:\/\/buergerbus-steinfurt.de\/#website"},"primaryImageOfPage":{"@id":"https:\/\/buergerbus-steinfurt.de\/?p=2235#primaryimage"},"image":{"@id":"https:\/\/buergerbus-steinfurt.de\/?p=2235#primaryimage"},"thumbnailUrl":"https:\/\/buergerbus-steinfurt.de\/wp-content\/uploads\/2018\/04\/Lienen3.jpg","datePublished":"2018-04-12T09:43:21+00:00","dateModified":"2018-04-12T09:52:58+00:00","breadcrumb":{"@id":"https:\/\/buergerbus-steinfurt.de\/?p=2235#breadcrumb"},"inLanguage":"de","potentialAction":[{"@type":"ReadAction","target":["https:\/\/buergerbus-steinfurt.de\/?p=2235"]}]},{"@type":"ImageObject","inLanguage":"de","@id":"https:\/\/buergerbus-steinfurt.de\/?p=2235#primaryimage","url":"https:\/\/buergerbus-steinfurt.de\/wp-content\/uploads\/2018\/04\/Lienen3.jpg","contentUrl":"https:\/\/buergerbus-steinfurt.de\/wp-content\/uploads\/2018\/04\/Lienen3.jpg","width":3351,"height":2339},{"@type":"BreadcrumbList","@id":"https:\/\/buergerbus-steinfurt.de\/?p=2235#breadcrumb","itemListElement":[{"@type":"ListItem","position":1,"name":"Startseite","item":"https:\/\/buergerbus-steinfurt.de\/"},{"@type":"ListItem","position":2,"name":"Starthilfe f\u00fcr neuen B\u00fcrgerbusverein Lienen\/Glandorf"}]},{"@type":"WebSite","@id":"https:\/\/buergerbus-steinfurt.de\/#website","url":"https:\/\/buergerbus-steinfurt.de\/","name":"B\u00dcRGERBUS STEINFURT","description":"","publisher":{"@id":"https:\/\/buergerbus-steinfurt.de\/#organization"},"potentialAction":[{"@type":"SearchAction","target":{"@type":"EntryPoint","urlTemplate":"https:\/\/buergerbus-steinfurt.de\/?s={search_term_string}"},"query-input":{"@type":"PropertyValueSpecification","valueRequired":true,"valueName":"search_term_string"}}],"inLanguage":"de"},{"@type":"Organization","@id":"https:\/\/buergerbus-steinfurt.de\/#organization","name":"B\u00fcrgerbus Steinfurt e.V.","url":"https:\/\/buergerbus-steinfurt.de\/","logo":{"@type":"ImageObject","inLanguage":"de","@id":"https:\/\/buergerbus-steinfurt.de\/#\/schema\/logo\/image\/","url":"https:\/\/buergerbus-steinfurt.de\/wp-content\/uploads\/2022\/08\/2bb-steinfurt-logo-neu.png","contentUrl":"https:\/\/buergerbus-steinfurt.de\/wp-content\/uploads\/2022\/08\/2bb-steinfurt-logo-neu.png","width":293,"height":75,"caption":"B\u00fcrgerbus Steinfurt e.V."},"image":{"@id":"https:\/\/buergerbus-steinfurt.de\/#\/schema\/logo\/image\/"}},{"@type":"Person","@id":"https:\/\/buergerbus-steinfurt.de\/#\/schema\/person\/d0df83117f05647dd427e2cec47c2195","name":"Reimar Bage","image":{"@type":"ImageObject","inLanguage":"de","@id":"https:\/\/secure.gravatar.com\/avatar\/39763b5f1cf57f5fba11a8cef91d12bcd5b654814054b4c246daa1f3737f8a35?s=96&d=mm&r=g","url":"https:\/\/secure.gravatar.com\/avatar\/39763b5f1cf57f5fba11a8cef91d12bcd5b654814054b4c246daa1f3737f8a35?s=96&d=mm&r=g","contentUrl":"https:\/\/secure.gravatar.com\/avatar\/39763b5f1cf57f5fba11a8cef91d12bcd5b654814054b4c246daa1f3737f8a35?s=96&d=mm&r=g","caption":"Reimar Bage"},"url":"https:\/\/buergerbus-steinfurt.de\/?author=3"}]}},"_links":{"self":[{"href":"https:\/\/buergerbus-steinfurt.de\/index.php?rest_route=\/wp\/v2\/posts\/2235","targetHints":{"allow":["GET"]}}],"collection":[{"href":"https:\/\/buergerbus-steinfurt.de\/index.php?rest_route=\/wp\/v2\/posts"}],"about":[{"href":"https:\/\/buergerbus-steinfurt.de\/index.php?rest_route=\/wp\/v2\/types\/post"}],"author":[{"embeddable":true,"href":"https:\/\/buergerbus-steinfurt.de\/index.php?rest_route=\/wp\/v2\/users\/3"}],"replies":[{"embeddable":true,"href":"https:\/\/buergerbus-steinfurt.de\/index.php?rest_route=%2Fwp%2Fv2%2Fcomments&post=2235"}],"version-history":[{"count":5,"href":"https:\/\/buergerbus-steinfurt.de\/index.php?rest_route=\/wp\/v2\/posts\/2235\/revisions"}],"predecessor-version":[{"id":2244,"href":"https:\/\/buergerbus-steinfurt.de\/index.php?rest_route=\/wp\/v2\/posts\/2235\/revisions\/2244"}],"wp:featuredmedia":[{"embeddable":true,"href":"https:\/\/buergerbus-steinfurt.de\/index.php?rest_route=\/wp\/v2\/media\/2236"}],"wp:attachment":[{"href":"https:\/\/buergerbus-steinfurt.de\/index.php?rest_route=%2Fwp%2Fv2%2Fmedia&parent=2235"}],"wp:term":[{"taxonomy":"category","embeddable":true,"href":"https:\/\/buergerbus-steinfurt.de\/index.php?rest_route=%2Fwp%2Fv2%2Fcategories&post=2235"},{"taxonomy":"post_tag","embeddable":true,"href":"https:\/\/buergerbus-steinfurt.de\/index.php?rest_route=%2Fwp%2Fv2%2Ftags&post=2235"}],"curies":[{"name":"wp","href":"https:\/\/api.w.org\/{rel}","templated":true}]}}