{"id":1881,"date":"2017-09-19T16:43:30","date_gmt":"2017-09-19T16:43:30","guid":{"rendered":"https:\/\/buergerbus-steinfurt.de\/?p=1881"},"modified":"2017-09-20T09:35:43","modified_gmt":"2017-09-20T09:35:43","slug":"fahrt-ins-blaue-ging-ins-emsland","status":"publish","type":"post","link":"https:\/\/buergerbus-steinfurt.de\/?p=1881","title":{"rendered":"&#8222;Fahrt ins Blaue&#8220; ging ins Emsland"},"content":{"rendered":"<p><img loading=\"lazy\" decoding=\"async\" class=\"alignleft size-large wp-image-1883\" src=\"https:\/\/buergerbus-steinfurt.de\/wp-content\/uploads\/2017\/09\/Meyer2-1024x683.jpg\" alt=\"\" width=\"800\" height=\"534\" srcset=\"https:\/\/buergerbus-steinfurt.de\/wp-content\/uploads\/2017\/09\/Meyer2-1024x683.jpg 1024w, https:\/\/buergerbus-steinfurt.de\/wp-content\/uploads\/2017\/09\/Meyer2-300x200.jpg 300w, https:\/\/buergerbus-steinfurt.de\/wp-content\/uploads\/2017\/09\/Meyer2-768x512.jpg 768w\" sizes=\"auto, (max-width: 800px) 100vw, 800px\" \/>Erneut hatte der Vorstand des B\u00fcrgerbusvereins Steinfurt seine Fahrerinnen und Fahrer zu einer \u201eFahrt ins Blaue\u201c als Dankesch\u00f6n f\u00fcr ihren ehrenamtlichen Einsatz eingeladen. Diesmal l\u00fcftete Vorsitzender Ferdinand Brust nach dem Start das Geheimnis: Es ging \u00fcber die A 31 nach Papenburg zur bekannten Meyer-Werft. Dort erwartete die G\u00e4ste aus Steinfurt eine interessante und medial hervorragend gestaltete zweist\u00fcndige F\u00fchrung. Das renommierte Papenburger Unternehmen hat inzwischen zahlreiche bekannte Kreuzfahrtschiffe gebaut. Und f\u00fcr die n\u00e4chsten Jahre liegen weitere interessante Auftr\u00e4ge vor. Von Papenburg lie\u00dfen sich die Fahrerinnen und Fahrer dann von einem Kollegen der Firma Wilke nach Hasel\u00fcnne kutschieren. Dort war man zu Gast in der Firma Berentzen. Nach einer F\u00fchrung entlang eines Kellergangs mit zahlreichen Vitrinen, in denen die unterschiedlichsten Produkte der Traditions-Brennerei vorgestellt wurden, gab es einen schmackhaften und reichhaltigen \u201eLandsknecht-Schmaus\u201c, der neben leckerem Rolinck-Altbier auch noch etliche Kostproben der Hasel\u00fcnner Spirituosen beinhaltete. So gest\u00e4rkt ging es wieder zur\u00fcck nach Steinfurt, wobei Fahrdienstleiter Wilhelm Klaassen besonderer Dank f\u00fcr die gelungene Organisation des Ausflugs gezollt wurde.<\/p>\n<p><img loading=\"lazy\" decoding=\"async\" class=\"alignleft size-large wp-image-1891\" src=\"https:\/\/buergerbus-steinfurt.de\/wp-content\/uploads\/2017\/09\/IMG_3409-1024x683.jpg\" alt=\"\" width=\"800\" height=\"534\" srcset=\"https:\/\/buergerbus-steinfurt.de\/wp-content\/uploads\/2017\/09\/IMG_3409-1024x683.jpg 1024w, https:\/\/buergerbus-steinfurt.de\/wp-content\/uploads\/2017\/09\/IMG_3409-300x200.jpg 300w, https:\/\/buergerbus-steinfurt.de\/wp-content\/uploads\/2017\/09\/IMG_3409-768x512.jpg 768w\" sizes=\"auto, (max-width: 800px) 100vw, 800px\" \/> <img loading=\"lazy\" decoding=\"async\" class=\"alignleft size-large wp-image-1892\" src=\"https:\/\/buergerbus-steinfurt.de\/wp-content\/uploads\/2017\/09\/IMG_3408-1024x683.jpg\" alt=\"\" width=\"800\" height=\"534\" srcset=\"https:\/\/buergerbus-steinfurt.de\/wp-content\/uploads\/2017\/09\/IMG_3408-1024x683.jpg 1024w, https:\/\/buergerbus-steinfurt.de\/wp-content\/uploads\/2017\/09\/IMG_3408-300x200.jpg 300w, https:\/\/buergerbus-steinfurt.de\/wp-content\/uploads\/2017\/09\/IMG_3408-768x512.jpg 768w\" sizes=\"auto, (max-width: 800px) 100vw, 800px\" \/> <img loading=\"lazy\" decoding=\"async\" class=\"alignleft size-large wp-image-1893\" src=\"https:\/\/buergerbus-steinfurt.de\/wp-content\/uploads\/2017\/09\/IMG_3423-1024x683.jpg\" alt=\"\" width=\"800\" height=\"534\" srcset=\"https:\/\/buergerbus-steinfurt.de\/wp-content\/uploads\/2017\/09\/IMG_3423-1024x683.jpg 1024w, https:\/\/buergerbus-steinfurt.de\/wp-content\/uploads\/2017\/09\/IMG_3423-300x200.jpg 300w, https:\/\/buergerbus-steinfurt.de\/wp-content\/uploads\/2017\/09\/IMG_3423-768x512.jpg 768w\" sizes=\"auto, (max-width: 800px) 100vw, 800px\" \/> <img loading=\"lazy\" decoding=\"async\" class=\"alignleft size-large wp-image-1894\" src=\"https:\/\/buergerbus-steinfurt.de\/wp-content\/uploads\/2017\/09\/IMG_3397-1024x683.jpg\" alt=\"\" width=\"800\" height=\"534\" srcset=\"https:\/\/buergerbus-steinfurt.de\/wp-content\/uploads\/2017\/09\/IMG_3397-1024x683.jpg 1024w, https:\/\/buergerbus-steinfurt.de\/wp-content\/uploads\/2017\/09\/IMG_3397-300x200.jpg 300w, https:\/\/buergerbus-steinfurt.de\/wp-content\/uploads\/2017\/09\/IMG_3397-768x512.jpg 768w\" sizes=\"auto, (max-width: 800px) 100vw, 800px\" \/> <img loading=\"lazy\" decoding=\"async\" class=\"alignleft size-large wp-image-1895\" src=\"https:\/\/buergerbus-steinfurt.de\/wp-content\/uploads\/2017\/09\/IMG_3391-1024x683.jpg\" alt=\"\" width=\"800\" height=\"534\" srcset=\"https:\/\/buergerbus-steinfurt.de\/wp-content\/uploads\/2017\/09\/IMG_3391-1024x683.jpg 1024w, https:\/\/buergerbus-steinfurt.de\/wp-content\/uploads\/2017\/09\/IMG_3391-300x200.jpg 300w, https:\/\/buergerbus-steinfurt.de\/wp-content\/uploads\/2017\/09\/IMG_3391-768x512.jpg 768w\" sizes=\"auto, (max-width: 800px) 100vw, 800px\" \/> <img loading=\"lazy\" decoding=\"async\" class=\"alignleft size-large wp-image-1896\" src=\"https:\/\/buergerbus-steinfurt.de\/wp-content\/uploads\/2017\/09\/IMG_3399-1024x683.jpg\" alt=\"\" width=\"800\" height=\"534\" srcset=\"https:\/\/buergerbus-steinfurt.de\/wp-content\/uploads\/2017\/09\/IMG_3399-1024x683.jpg 1024w, https:\/\/buergerbus-steinfurt.de\/wp-content\/uploads\/2017\/09\/IMG_3399-300x200.jpg 300w, https:\/\/buergerbus-steinfurt.de\/wp-content\/uploads\/2017\/09\/IMG_3399-768x512.jpg 768w\" sizes=\"auto, (max-width: 800px) 100vw, 800px\" \/><\/p>\n","protected":false},"excerpt":{"rendered":"<p>Erneut hatte der Vorstand des B\u00fcrgerbusvereins Steinfurt seine Fahrerinnen und Fahrer zu einer \u201eFahrt ins Blaue\u201c als Dankesch\u00f6n f\u00fcr ihren ehrenamtlichen Einsatz eingeladen. Diesmal l\u00fcftete Vorsitzender Ferdinand Brust nach dem &#8230;<\/p>\n","protected":false},"author":3,"featured_media":1883,"comment_status":"closed","ping_status":"closed","sticky":false,"template":"","format":"standard","meta":{"footnotes":""},"categories":[1],"tags":[],"class_list":["post-1881","post","type-post","status-publish","format-standard","has-post-thumbnail","hentry","category-uncategorized"],"yoast_head":"<!-- This site is optimized with the Yoast SEO plugin v27.5 - https:\/\/yoast.com\/product\/yoast-seo-wordpress\/ -->\n<title>&quot;Fahrt ins Blaue&quot; ging ins Emsland - B\u00fcrgerbus Steinfurt %<\/title>\n<meta name=\"robots\" content=\"index, follow, max-snippet:-1, max-image-preview:large, max-video-preview:-1\" \/>\n<link rel=\"canonical\" href=\"https:\/\/buergerbus-steinfurt.de\/?p=1881\" \/>\n<meta property=\"og:locale\" content=\"de_DE\" \/>\n<meta property=\"og:type\" content=\"article\" \/>\n<meta property=\"og:title\" content=\"&quot;Fahrt ins Blaue&quot; ging ins Emsland - B\u00fcrgerbus Steinfurt %\" \/>\n<meta property=\"og:description\" content=\"Erneut hatte der Vorstand des B\u00fcrgerbusvereins Steinfurt seine Fahrerinnen und Fahrer zu einer \u201eFahrt ins Blaue\u201c als Dankesch\u00f6n f\u00fcr ihren ehrenamtlichen Einsatz eingeladen. Diesmal l\u00fcftete Vorsitzender Ferdinand Brust nach dem ...\" \/>\n<meta property=\"og:url\" content=\"https:\/\/buergerbus-steinfurt.de\/?p=1881\" \/>\n<meta property=\"og:site_name\" content=\"B\u00fcrgerbus Steinfurt\" \/>\n<meta property=\"article:published_time\" content=\"2017-09-19T16:43:30+00:00\" \/>\n<meta property=\"article:modified_time\" content=\"2017-09-20T09:35:43+00:00\" \/>\n<meta property=\"og:image\" content=\"https:\/\/buergerbus-steinfurt.de\/wp-content\/uploads\/2017\/09\/Meyer2-1024x683.jpg\" \/>\n\t<meta property=\"og:image:width\" content=\"1024\" \/>\n\t<meta property=\"og:image:height\" content=\"683\" \/>\n\t<meta property=\"og:image:type\" content=\"image\/jpeg\" \/>\n<meta name=\"author\" content=\"Reimar Bage\" \/>\n<meta name=\"twitter:card\" content=\"summary_large_image\" \/>\n<meta name=\"twitter:label1\" content=\"Verfasst von\" \/>\n\t<meta name=\"twitter:data1\" content=\"Reimar Bage\" \/>\n\t<meta name=\"twitter:label2\" content=\"Gesch\u00e4tzte Lesezeit\" \/>\n\t<meta name=\"twitter:data2\" content=\"1\u00a0Minute\" \/>\n<script type=\"application\/ld+json\" class=\"yoast-schema-graph\">{\"@context\":\"https:\\\/\\\/schema.org\",\"@graph\":[{\"@type\":\"Article\",\"@id\":\"https:\\\/\\\/buergerbus-steinfurt.de\\\/?p=1881#article\",\"isPartOf\":{\"@id\":\"https:\\\/\\\/buergerbus-steinfurt.de\\\/?p=1881\"},\"author\":{\"name\":\"Reimar Bage\",\"@id\":\"https:\\\/\\\/buergerbus-steinfurt.de\\\/#\\\/schema\\\/person\\\/d0df83117f05647dd427e2cec47c2195\"},\"headline\":\"&#8222;Fahrt ins Blaue&#8220; ging ins Emsland\",\"datePublished\":\"2017-09-19T16:43:30+00:00\",\"dateModified\":\"2017-09-20T09:35:43+00:00\",\"mainEntityOfPage\":{\"@id\":\"https:\\\/\\\/buergerbus-steinfurt.de\\\/?p=1881\"},\"wordCount\":186,\"publisher\":{\"@id\":\"https:\\\/\\\/buergerbus-steinfurt.de\\\/#organization\"},\"image\":{\"@id\":\"https:\\\/\\\/buergerbus-steinfurt.de\\\/?p=1881#primaryimage\"},\"thumbnailUrl\":\"https:\\\/\\\/buergerbus-steinfurt.de\\\/wp-content\\\/uploads\\\/2017\\\/09\\\/Meyer2.jpg\",\"articleSection\":[\"Uncategorized\"],\"inLanguage\":\"de\"},{\"@type\":\"WebPage\",\"@id\":\"https:\\\/\\\/buergerbus-steinfurt.de\\\/?p=1881\",\"url\":\"https:\\\/\\\/buergerbus-steinfurt.de\\\/?p=1881\",\"name\":\"\\\"Fahrt ins Blaue\\\" ging ins Emsland - B\u00fcrgerbus Steinfurt %\",\"isPartOf\":{\"@id\":\"https:\\\/\\\/buergerbus-steinfurt.de\\\/#website\"},\"primaryImageOfPage\":{\"@id\":\"https:\\\/\\\/buergerbus-steinfurt.de\\\/?p=1881#primaryimage\"},\"image\":{\"@id\":\"https:\\\/\\\/buergerbus-steinfurt.de\\\/?p=1881#primaryimage\"},\"thumbnailUrl\":\"https:\\\/\\\/buergerbus-steinfurt.de\\\/wp-content\\\/uploads\\\/2017\\\/09\\\/Meyer2.jpg\",\"datePublished\":\"2017-09-19T16:43:30+00:00\",\"dateModified\":\"2017-09-20T09:35:43+00:00\",\"breadcrumb\":{\"@id\":\"https:\\\/\\\/buergerbus-steinfurt.de\\\/?p=1881#breadcrumb\"},\"inLanguage\":\"de\",\"potentialAction\":[{\"@type\":\"ReadAction\",\"target\":[\"https:\\\/\\\/buergerbus-steinfurt.de\\\/?p=1881\"]}]},{\"@type\":\"ImageObject\",\"inLanguage\":\"de\",\"@id\":\"https:\\\/\\\/buergerbus-steinfurt.de\\\/?p=1881#primaryimage\",\"url\":\"https:\\\/\\\/buergerbus-steinfurt.de\\\/wp-content\\\/uploads\\\/2017\\\/09\\\/Meyer2.jpg\",\"contentUrl\":\"https:\\\/\\\/buergerbus-steinfurt.de\\\/wp-content\\\/uploads\\\/2017\\\/09\\\/Meyer2.jpg\",\"width\":4272,\"height\":2848},{\"@type\":\"BreadcrumbList\",\"@id\":\"https:\\\/\\\/buergerbus-steinfurt.de\\\/?p=1881#breadcrumb\",\"itemListElement\":[{\"@type\":\"ListItem\",\"position\":1,\"name\":\"Startseite\",\"item\":\"https:\\\/\\\/buergerbus-steinfurt.de\\\/\"},{\"@type\":\"ListItem\",\"position\":2,\"name\":\"&#8220;Fahrt ins Blaue&#8221; ging ins Emsland\"}]},{\"@type\":\"WebSite\",\"@id\":\"https:\\\/\\\/buergerbus-steinfurt.de\\\/#website\",\"url\":\"https:\\\/\\\/buergerbus-steinfurt.de\\\/\",\"name\":\"B\u00dcRGERBUS STEINFURT\",\"description\":\"\",\"publisher\":{\"@id\":\"https:\\\/\\\/buergerbus-steinfurt.de\\\/#organization\"},\"potentialAction\":[{\"@type\":\"SearchAction\",\"target\":{\"@type\":\"EntryPoint\",\"urlTemplate\":\"https:\\\/\\\/buergerbus-steinfurt.de\\\/?s={search_term_string}\"},\"query-input\":{\"@type\":\"PropertyValueSpecification\",\"valueRequired\":true,\"valueName\":\"search_term_string\"}}],\"inLanguage\":\"de\"},{\"@type\":\"Organization\",\"@id\":\"https:\\\/\\\/buergerbus-steinfurt.de\\\/#organization\",\"name\":\"B\u00fcrgerbus Steinfurt e.V.\",\"url\":\"https:\\\/\\\/buergerbus-steinfurt.de\\\/\",\"logo\":{\"@type\":\"ImageObject\",\"inLanguage\":\"de\",\"@id\":\"https:\\\/\\\/buergerbus-steinfurt.de\\\/#\\\/schema\\\/logo\\\/image\\\/\",\"url\":\"https:\\\/\\\/buergerbus-steinfurt.de\\\/wp-content\\\/uploads\\\/2022\\\/08\\\/2bb-steinfurt-logo-neu.png\",\"contentUrl\":\"https:\\\/\\\/buergerbus-steinfurt.de\\\/wp-content\\\/uploads\\\/2022\\\/08\\\/2bb-steinfurt-logo-neu.png\",\"width\":293,\"height\":75,\"caption\":\"B\u00fcrgerbus Steinfurt e.V.\"},\"image\":{\"@id\":\"https:\\\/\\\/buergerbus-steinfurt.de\\\/#\\\/schema\\\/logo\\\/image\\\/\"}},{\"@type\":\"Person\",\"@id\":\"https:\\\/\\\/buergerbus-steinfurt.de\\\/#\\\/schema\\\/person\\\/d0df83117f05647dd427e2cec47c2195\",\"name\":\"Reimar Bage\",\"image\":{\"@type\":\"ImageObject\",\"inLanguage\":\"de\",\"@id\":\"https:\\\/\\\/secure.gravatar.com\\\/avatar\\\/39763b5f1cf57f5fba11a8cef91d12bcd5b654814054b4c246daa1f3737f8a35?s=96&d=mm&r=g\",\"url\":\"https:\\\/\\\/secure.gravatar.com\\\/avatar\\\/39763b5f1cf57f5fba11a8cef91d12bcd5b654814054b4c246daa1f3737f8a35?s=96&d=mm&r=g\",\"contentUrl\":\"https:\\\/\\\/secure.gravatar.com\\\/avatar\\\/39763b5f1cf57f5fba11a8cef91d12bcd5b654814054b4c246daa1f3737f8a35?s=96&d=mm&r=g\",\"caption\":\"Reimar Bage\"},\"url\":\"https:\\\/\\\/buergerbus-steinfurt.de\\\/?author=3\"}]}<\/script>\n<!-- \/ Yoast SEO plugin. -->","yoast_head_json":{"title":"\"Fahrt ins Blaue\" ging ins Emsland - B\u00fcrgerbus Steinfurt %","robots":{"index":"index","follow":"follow","max-snippet":"max-snippet:-1","max-image-preview":"max-image-preview:large","max-video-preview":"max-video-preview:-1"},"canonical":"https:\/\/buergerbus-steinfurt.de\/?p=1881","og_locale":"de_DE","og_type":"article","og_title":"\"Fahrt ins Blaue\" ging ins Emsland - B\u00fcrgerbus Steinfurt %","og_description":"Erneut hatte der Vorstand des B\u00fcrgerbusvereins Steinfurt seine Fahrerinnen und Fahrer zu einer \u201eFahrt ins Blaue\u201c als Dankesch\u00f6n f\u00fcr ihren ehrenamtlichen Einsatz eingeladen. Diesmal l\u00fcftete Vorsitzender Ferdinand Brust nach dem ...","og_url":"https:\/\/buergerbus-steinfurt.de\/?p=1881","og_site_name":"B\u00fcrgerbus Steinfurt","article_published_time":"2017-09-19T16:43:30+00:00","article_modified_time":"2017-09-20T09:35:43+00:00","og_image":[{"width":1024,"height":683,"url":"https:\/\/buergerbus-steinfurt.de\/wp-content\/uploads\/2017\/09\/Meyer2-1024x683.jpg","type":"image\/jpeg"}],"author":"Reimar Bage","twitter_card":"summary_large_image","twitter_misc":{"Verfasst von":"Reimar Bage","Gesch\u00e4tzte Lesezeit":"1\u00a0Minute"},"schema":{"@context":"https:\/\/schema.org","@graph":[{"@type":"Article","@id":"https:\/\/buergerbus-steinfurt.de\/?p=1881#article","isPartOf":{"@id":"https:\/\/buergerbus-steinfurt.de\/?p=1881"},"author":{"name":"Reimar Bage","@id":"https:\/\/buergerbus-steinfurt.de\/#\/schema\/person\/d0df83117f05647dd427e2cec47c2195"},"headline":"&#8222;Fahrt ins Blaue&#8220; ging ins Emsland","datePublished":"2017-09-19T16:43:30+00:00","dateModified":"2017-09-20T09:35:43+00:00","mainEntityOfPage":{"@id":"https:\/\/buergerbus-steinfurt.de\/?p=1881"},"wordCount":186,"publisher":{"@id":"https:\/\/buergerbus-steinfurt.de\/#organization"},"image":{"@id":"https:\/\/buergerbus-steinfurt.de\/?p=1881#primaryimage"},"thumbnailUrl":"https:\/\/buergerbus-steinfurt.de\/wp-content\/uploads\/2017\/09\/Meyer2.jpg","articleSection":["Uncategorized"],"inLanguage":"de"},{"@type":"WebPage","@id":"https:\/\/buergerbus-steinfurt.de\/?p=1881","url":"https:\/\/buergerbus-steinfurt.de\/?p=1881","name":"\"Fahrt ins Blaue\" ging ins Emsland - B\u00fcrgerbus Steinfurt %","isPartOf":{"@id":"https:\/\/buergerbus-steinfurt.de\/#website"},"primaryImageOfPage":{"@id":"https:\/\/buergerbus-steinfurt.de\/?p=1881#primaryimage"},"image":{"@id":"https:\/\/buergerbus-steinfurt.de\/?p=1881#primaryimage"},"thumbnailUrl":"https:\/\/buergerbus-steinfurt.de\/wp-content\/uploads\/2017\/09\/Meyer2.jpg","datePublished":"2017-09-19T16:43:30+00:00","dateModified":"2017-09-20T09:35:43+00:00","breadcrumb":{"@id":"https:\/\/buergerbus-steinfurt.de\/?p=1881#breadcrumb"},"inLanguage":"de","potentialAction":[{"@type":"ReadAction","target":["https:\/\/buergerbus-steinfurt.de\/?p=1881"]}]},{"@type":"ImageObject","inLanguage":"de","@id":"https:\/\/buergerbus-steinfurt.de\/?p=1881#primaryimage","url":"https:\/\/buergerbus-steinfurt.de\/wp-content\/uploads\/2017\/09\/Meyer2.jpg","contentUrl":"https:\/\/buergerbus-steinfurt.de\/wp-content\/uploads\/2017\/09\/Meyer2.jpg","width":4272,"height":2848},{"@type":"BreadcrumbList","@id":"https:\/\/buergerbus-steinfurt.de\/?p=1881#breadcrumb","itemListElement":[{"@type":"ListItem","position":1,"name":"Startseite","item":"https:\/\/buergerbus-steinfurt.de\/"},{"@type":"ListItem","position":2,"name":"&#8220;Fahrt ins Blaue&#8221; ging ins Emsland"}]},{"@type":"WebSite","@id":"https:\/\/buergerbus-steinfurt.de\/#website","url":"https:\/\/buergerbus-steinfurt.de\/","name":"B\u00dcRGERBUS STEINFURT","description":"","publisher":{"@id":"https:\/\/buergerbus-steinfurt.de\/#organization"},"potentialAction":[{"@type":"SearchAction","target":{"@type":"EntryPoint","urlTemplate":"https:\/\/buergerbus-steinfurt.de\/?s={search_term_string}"},"query-input":{"@type":"PropertyValueSpecification","valueRequired":true,"valueName":"search_term_string"}}],"inLanguage":"de"},{"@type":"Organization","@id":"https:\/\/buergerbus-steinfurt.de\/#organization","name":"B\u00fcrgerbus Steinfurt e.V.","url":"https:\/\/buergerbus-steinfurt.de\/","logo":{"@type":"ImageObject","inLanguage":"de","@id":"https:\/\/buergerbus-steinfurt.de\/#\/schema\/logo\/image\/","url":"https:\/\/buergerbus-steinfurt.de\/wp-content\/uploads\/2022\/08\/2bb-steinfurt-logo-neu.png","contentUrl":"https:\/\/buergerbus-steinfurt.de\/wp-content\/uploads\/2022\/08\/2bb-steinfurt-logo-neu.png","width":293,"height":75,"caption":"B\u00fcrgerbus Steinfurt e.V."},"image":{"@id":"https:\/\/buergerbus-steinfurt.de\/#\/schema\/logo\/image\/"}},{"@type":"Person","@id":"https:\/\/buergerbus-steinfurt.de\/#\/schema\/person\/d0df83117f05647dd427e2cec47c2195","name":"Reimar Bage","image":{"@type":"ImageObject","inLanguage":"de","@id":"https:\/\/secure.gravatar.com\/avatar\/39763b5f1cf57f5fba11a8cef91d12bcd5b654814054b4c246daa1f3737f8a35?s=96&d=mm&r=g","url":"https:\/\/secure.gravatar.com\/avatar\/39763b5f1cf57f5fba11a8cef91d12bcd5b654814054b4c246daa1f3737f8a35?s=96&d=mm&r=g","contentUrl":"https:\/\/secure.gravatar.com\/avatar\/39763b5f1cf57f5fba11a8cef91d12bcd5b654814054b4c246daa1f3737f8a35?s=96&d=mm&r=g","caption":"Reimar Bage"},"url":"https:\/\/buergerbus-steinfurt.de\/?author=3"}]}},"_links":{"self":[{"href":"https:\/\/buergerbus-steinfurt.de\/index.php?rest_route=\/wp\/v2\/posts\/1881","targetHints":{"allow":["GET"]}}],"collection":[{"href":"https:\/\/buergerbus-steinfurt.de\/index.php?rest_route=\/wp\/v2\/posts"}],"about":[{"href":"https:\/\/buergerbus-steinfurt.de\/index.php?rest_route=\/wp\/v2\/types\/post"}],"author":[{"embeddable":true,"href":"https:\/\/buergerbus-steinfurt.de\/index.php?rest_route=\/wp\/v2\/users\/3"}],"replies":[{"embeddable":true,"href":"https:\/\/buergerbus-steinfurt.de\/index.php?rest_route=%2Fwp%2Fv2%2Fcomments&post=1881"}],"version-history":[{"count":6,"href":"https:\/\/buergerbus-steinfurt.de\/index.php?rest_route=\/wp\/v2\/posts\/1881\/revisions"}],"predecessor-version":[{"id":1897,"href":"https:\/\/buergerbus-steinfurt.de\/index.php?rest_route=\/wp\/v2\/posts\/1881\/revisions\/1897"}],"wp:featuredmedia":[{"embeddable":true,"href":"https:\/\/buergerbus-steinfurt.de\/index.php?rest_route=\/wp\/v2\/media\/1883"}],"wp:attachment":[{"href":"https:\/\/buergerbus-steinfurt.de\/index.php?rest_route=%2Fwp%2Fv2%2Fmedia&parent=1881"}],"wp:term":[{"taxonomy":"category","embeddable":true,"href":"https:\/\/buergerbus-steinfurt.de\/index.php?rest_route=%2Fwp%2Fv2%2Fcategories&post=1881"},{"taxonomy":"post_tag","embeddable":true,"href":"https:\/\/buergerbus-steinfurt.de\/index.php?rest_route=%2Fwp%2Fv2%2Ftags&post=1881"}],"curies":[{"name":"wp","href":"https:\/\/api.w.org\/{rel}","templated":true}]}}