{"id":1764,"date":"2017-08-24T12:43:55","date_gmt":"2017-08-24T12:43:55","guid":{"rendered":"https:\/\/buergerbus-steinfurt.de\/?p=1764"},"modified":"2017-08-24T17:51:55","modified_gmt":"2017-08-24T17:51:55","slug":"wn-bericht-ueber-den-buergerbus-steinfurt","status":"publish","type":"post","link":"https:\/\/buergerbus-steinfurt.de\/?p=1764","title":{"rendered":"WN-Bericht \u00fcber den B\u00fcrgerbus Steinfurt"},"content":{"rendered":"<p>&nbsp;<\/p>\n<p>Die &#8222;Westf\u00e4lischen Nachrichten&#8220; Steinfurt berichten am 24. August 2017 \u00fcber unseren B\u00fcrgerbus.<img loading=\"lazy\" decoding=\"async\" class=\"alignleft size-medium wp-image-1776\" src=\"https:\/\/buergerbus-steinfurt.de\/wp-content\/uploads\/2017\/08\/B\u00fcBusFoto-WN-300x200.jpg\" alt=\"\" width=\"300\" height=\"200\" srcset=\"https:\/\/buergerbus-steinfurt.de\/wp-content\/uploads\/2017\/08\/B\u00fcBusFoto-WN-300x200.jpg 300w, https:\/\/buergerbus-steinfurt.de\/wp-content\/uploads\/2017\/08\/B\u00fcBusFoto-WN.jpg 630w\" sizes=\"auto, (max-width: 300px) 100vw, 300px\" \/><\/p>\n<p>&nbsp;<\/p>\n<p>&nbsp;<\/p>\n<p>&nbsp;<\/p>\n<p>&nbsp;<\/p>\n<p>&nbsp;<\/p>\n<p>http:\/\/www.wn.de\/Muensterland\/Kreis-Steinfurt\/Steinfurt\/2952603-Buergerbus-Lebensqualitaet-dank-Mobilitaet<\/p>\n<p><img loading=\"lazy\" decoding=\"async\" class=\"alignleft size-medium wp-image-1771\" src=\"https:\/\/buergerbus-steinfurt.de\/wp-content\/uploads\/2017\/08\/B\u00fcBus-WN-292x300.jpg\" alt=\"\" width=\"292\" height=\"300\" srcset=\"https:\/\/buergerbus-steinfurt.de\/wp-content\/uploads\/2017\/08\/B\u00fcBus-WN-292x300.jpg 292w, https:\/\/buergerbus-steinfurt.de\/wp-content\/uploads\/2017\/08\/B\u00fcBus-WN-768x789.jpg 768w, https:\/\/buergerbus-steinfurt.de\/wp-content\/uploads\/2017\/08\/B\u00fcBus-WN.jpg 853w\" sizes=\"auto, (max-width: 292px) 100vw, 292px\" \/><\/p>\n","protected":false},"excerpt":{"rendered":"<p>&nbsp; Die &#8222;Westf\u00e4lischen Nachrichten&#8220; Steinfurt berichten am 24. August 2017 \u00fcber unseren B\u00fcrgerbus. &nbsp; &nbsp; &nbsp; &nbsp; &nbsp; http:\/\/www.wn.de\/Muensterland\/Kreis-Steinfurt\/Steinfurt\/2952603-Buergerbus-Lebensqualitaet-dank-Mobilitaet<\/p>\n","protected":false},"author":3,"featured_media":1776,"comment_status":"closed","ping_status":"closed","sticky":false,"template":"","format":"standard","meta":{"footnotes":""},"categories":[1],"tags":[],"class_list":["post-1764","post","type-post","status-publish","format-standard","has-post-thumbnail","hentry","category-uncategorized"],"yoast_head":"<!-- This site is optimized with the Yoast SEO plugin v27.5 - https:\/\/yoast.com\/product\/yoast-seo-wordpress\/ -->\n<title>WN-Bericht \u00fcber den B\u00fcrgerbus Steinfurt - B\u00fcrgerbus Steinfurt %<\/title>\n<meta name=\"robots\" content=\"index, follow, max-snippet:-1, max-image-preview:large, max-video-preview:-1\" \/>\n<link rel=\"canonical\" href=\"https:\/\/buergerbus-steinfurt.de\/?p=1764\" \/>\n<meta property=\"og:locale\" content=\"de_DE\" \/>\n<meta property=\"og:type\" content=\"article\" \/>\n<meta property=\"og:title\" content=\"WN-Bericht \u00fcber den B\u00fcrgerbus Steinfurt - B\u00fcrgerbus Steinfurt %\" \/>\n<meta property=\"og:description\" content=\"&nbsp; Die &#8222;Westf\u00e4lischen Nachrichten&#8220; Steinfurt berichten am 24. August 2017 \u00fcber unseren B\u00fcrgerbus. &nbsp; &nbsp; &nbsp; &nbsp; &nbsp; http:\/\/www.wn.de\/Muensterland\/Kreis-Steinfurt\/Steinfurt\/2952603-Buergerbus-Lebensqualitaet-dank-Mobilitaet\" \/>\n<meta property=\"og:url\" content=\"https:\/\/buergerbus-steinfurt.de\/?p=1764\" \/>\n<meta property=\"og:site_name\" content=\"B\u00fcrgerbus Steinfurt\" \/>\n<meta property=\"article:published_time\" content=\"2017-08-24T12:43:55+00:00\" \/>\n<meta property=\"article:modified_time\" content=\"2017-08-24T17:51:55+00:00\" \/>\n<meta property=\"og:image\" content=\"https:\/\/buergerbus-steinfurt.de\/wp-content\/uploads\/2017\/08\/B\u00fcBusFoto-WN.jpg\" \/>\n\t<meta property=\"og:image:width\" content=\"630\" \/>\n\t<meta property=\"og:image:height\" content=\"420\" \/>\n\t<meta property=\"og:image:type\" content=\"image\/jpeg\" \/>\n<meta name=\"author\" content=\"Reimar Bage\" \/>\n<meta name=\"twitter:card\" content=\"summary_large_image\" \/>\n<meta name=\"twitter:label1\" content=\"Verfasst von\" \/>\n\t<meta name=\"twitter:data1\" content=\"Reimar Bage\" \/>\n<script type=\"application\/ld+json\" class=\"yoast-schema-graph\">{\"@context\":\"https:\\\/\\\/schema.org\",\"@graph\":[{\"@type\":\"Article\",\"@id\":\"https:\\\/\\\/buergerbus-steinfurt.de\\\/?p=1764#article\",\"isPartOf\":{\"@id\":\"https:\\\/\\\/buergerbus-steinfurt.de\\\/?p=1764\"},\"author\":{\"name\":\"Reimar Bage\",\"@id\":\"https:\\\/\\\/buergerbus-steinfurt.de\\\/#\\\/schema\\\/person\\\/d0df83117f05647dd427e2cec47c2195\"},\"headline\":\"WN-Bericht \u00fcber den B\u00fcrgerbus Steinfurt\",\"datePublished\":\"2017-08-24T12:43:55+00:00\",\"dateModified\":\"2017-08-24T17:51:55+00:00\",\"mainEntityOfPage\":{\"@id\":\"https:\\\/\\\/buergerbus-steinfurt.de\\\/?p=1764\"},\"wordCount\":32,\"publisher\":{\"@id\":\"https:\\\/\\\/buergerbus-steinfurt.de\\\/#organization\"},\"image\":{\"@id\":\"https:\\\/\\\/buergerbus-steinfurt.de\\\/?p=1764#primaryimage\"},\"thumbnailUrl\":\"https:\\\/\\\/buergerbus-steinfurt.de\\\/wp-content\\\/uploads\\\/2017\\\/08\\\/B\u00fcBusFoto-WN.jpg\",\"articleSection\":[\"Uncategorized\"],\"inLanguage\":\"de\"},{\"@type\":\"WebPage\",\"@id\":\"https:\\\/\\\/buergerbus-steinfurt.de\\\/?p=1764\",\"url\":\"https:\\\/\\\/buergerbus-steinfurt.de\\\/?p=1764\",\"name\":\"WN-Bericht \u00fcber den B\u00fcrgerbus Steinfurt - B\u00fcrgerbus Steinfurt %\",\"isPartOf\":{\"@id\":\"https:\\\/\\\/buergerbus-steinfurt.de\\\/#website\"},\"primaryImageOfPage\":{\"@id\":\"https:\\\/\\\/buergerbus-steinfurt.de\\\/?p=1764#primaryimage\"},\"image\":{\"@id\":\"https:\\\/\\\/buergerbus-steinfurt.de\\\/?p=1764#primaryimage\"},\"thumbnailUrl\":\"https:\\\/\\\/buergerbus-steinfurt.de\\\/wp-content\\\/uploads\\\/2017\\\/08\\\/B\u00fcBusFoto-WN.jpg\",\"datePublished\":\"2017-08-24T12:43:55+00:00\",\"dateModified\":\"2017-08-24T17:51:55+00:00\",\"breadcrumb\":{\"@id\":\"https:\\\/\\\/buergerbus-steinfurt.de\\\/?p=1764#breadcrumb\"},\"inLanguage\":\"de\",\"potentialAction\":[{\"@type\":\"ReadAction\",\"target\":[\"https:\\\/\\\/buergerbus-steinfurt.de\\\/?p=1764\"]}]},{\"@type\":\"ImageObject\",\"inLanguage\":\"de\",\"@id\":\"https:\\\/\\\/buergerbus-steinfurt.de\\\/?p=1764#primaryimage\",\"url\":\"https:\\\/\\\/buergerbus-steinfurt.de\\\/wp-content\\\/uploads\\\/2017\\\/08\\\/B\u00fcBusFoto-WN.jpg\",\"contentUrl\":\"https:\\\/\\\/buergerbus-steinfurt.de\\\/wp-content\\\/uploads\\\/2017\\\/08\\\/B\u00fcBusFoto-WN.jpg\",\"width\":630,\"height\":420},{\"@type\":\"BreadcrumbList\",\"@id\":\"https:\\\/\\\/buergerbus-steinfurt.de\\\/?p=1764#breadcrumb\",\"itemListElement\":[{\"@type\":\"ListItem\",\"position\":1,\"name\":\"Startseite\",\"item\":\"https:\\\/\\\/buergerbus-steinfurt.de\\\/\"},{\"@type\":\"ListItem\",\"position\":2,\"name\":\"WN-Bericht \u00fcber den B\u00fcrgerbus Steinfurt\"}]},{\"@type\":\"WebSite\",\"@id\":\"https:\\\/\\\/buergerbus-steinfurt.de\\\/#website\",\"url\":\"https:\\\/\\\/buergerbus-steinfurt.de\\\/\",\"name\":\"B\u00dcRGERBUS STEINFURT\",\"description\":\"\",\"publisher\":{\"@id\":\"https:\\\/\\\/buergerbus-steinfurt.de\\\/#organization\"},\"potentialAction\":[{\"@type\":\"SearchAction\",\"target\":{\"@type\":\"EntryPoint\",\"urlTemplate\":\"https:\\\/\\\/buergerbus-steinfurt.de\\\/?s={search_term_string}\"},\"query-input\":{\"@type\":\"PropertyValueSpecification\",\"valueRequired\":true,\"valueName\":\"search_term_string\"}}],\"inLanguage\":\"de\"},{\"@type\":\"Organization\",\"@id\":\"https:\\\/\\\/buergerbus-steinfurt.de\\\/#organization\",\"name\":\"B\u00fcrgerbus Steinfurt e.V.\",\"url\":\"https:\\\/\\\/buergerbus-steinfurt.de\\\/\",\"logo\":{\"@type\":\"ImageObject\",\"inLanguage\":\"de\",\"@id\":\"https:\\\/\\\/buergerbus-steinfurt.de\\\/#\\\/schema\\\/logo\\\/image\\\/\",\"url\":\"https:\\\/\\\/buergerbus-steinfurt.de\\\/wp-content\\\/uploads\\\/2022\\\/08\\\/2bb-steinfurt-logo-neu.png\",\"contentUrl\":\"https:\\\/\\\/buergerbus-steinfurt.de\\\/wp-content\\\/uploads\\\/2022\\\/08\\\/2bb-steinfurt-logo-neu.png\",\"width\":293,\"height\":75,\"caption\":\"B\u00fcrgerbus Steinfurt e.V.\"},\"image\":{\"@id\":\"https:\\\/\\\/buergerbus-steinfurt.de\\\/#\\\/schema\\\/logo\\\/image\\\/\"}},{\"@type\":\"Person\",\"@id\":\"https:\\\/\\\/buergerbus-steinfurt.de\\\/#\\\/schema\\\/person\\\/d0df83117f05647dd427e2cec47c2195\",\"name\":\"Reimar Bage\",\"image\":{\"@type\":\"ImageObject\",\"inLanguage\":\"de\",\"@id\":\"https:\\\/\\\/secure.gravatar.com\\\/avatar\\\/39763b5f1cf57f5fba11a8cef91d12bcd5b654814054b4c246daa1f3737f8a35?s=96&d=mm&r=g\",\"url\":\"https:\\\/\\\/secure.gravatar.com\\\/avatar\\\/39763b5f1cf57f5fba11a8cef91d12bcd5b654814054b4c246daa1f3737f8a35?s=96&d=mm&r=g\",\"contentUrl\":\"https:\\\/\\\/secure.gravatar.com\\\/avatar\\\/39763b5f1cf57f5fba11a8cef91d12bcd5b654814054b4c246daa1f3737f8a35?s=96&d=mm&r=g\",\"caption\":\"Reimar Bage\"},\"url\":\"https:\\\/\\\/buergerbus-steinfurt.de\\\/?author=3\"}]}<\/script>\n<!-- \/ Yoast SEO plugin. -->","yoast_head_json":{"title":"WN-Bericht \u00fcber den B\u00fcrgerbus Steinfurt - B\u00fcrgerbus Steinfurt %","robots":{"index":"index","follow":"follow","max-snippet":"max-snippet:-1","max-image-preview":"max-image-preview:large","max-video-preview":"max-video-preview:-1"},"canonical":"https:\/\/buergerbus-steinfurt.de\/?p=1764","og_locale":"de_DE","og_type":"article","og_title":"WN-Bericht \u00fcber den B\u00fcrgerbus Steinfurt - B\u00fcrgerbus Steinfurt %","og_description":"&nbsp; Die &#8222;Westf\u00e4lischen Nachrichten&#8220; Steinfurt berichten am 24. August 2017 \u00fcber unseren B\u00fcrgerbus. &nbsp; &nbsp; &nbsp; &nbsp; &nbsp; http:\/\/www.wn.de\/Muensterland\/Kreis-Steinfurt\/Steinfurt\/2952603-Buergerbus-Lebensqualitaet-dank-Mobilitaet","og_url":"https:\/\/buergerbus-steinfurt.de\/?p=1764","og_site_name":"B\u00fcrgerbus Steinfurt","article_published_time":"2017-08-24T12:43:55+00:00","article_modified_time":"2017-08-24T17:51:55+00:00","og_image":[{"width":630,"height":420,"url":"https:\/\/buergerbus-steinfurt.de\/wp-content\/uploads\/2017\/08\/B\u00fcBusFoto-WN.jpg","type":"image\/jpeg"}],"author":"Reimar Bage","twitter_card":"summary_large_image","twitter_misc":{"Verfasst von":"Reimar Bage"},"schema":{"@context":"https:\/\/schema.org","@graph":[{"@type":"Article","@id":"https:\/\/buergerbus-steinfurt.de\/?p=1764#article","isPartOf":{"@id":"https:\/\/buergerbus-steinfurt.de\/?p=1764"},"author":{"name":"Reimar Bage","@id":"https:\/\/buergerbus-steinfurt.de\/#\/schema\/person\/d0df83117f05647dd427e2cec47c2195"},"headline":"WN-Bericht \u00fcber den B\u00fcrgerbus Steinfurt","datePublished":"2017-08-24T12:43:55+00:00","dateModified":"2017-08-24T17:51:55+00:00","mainEntityOfPage":{"@id":"https:\/\/buergerbus-steinfurt.de\/?p=1764"},"wordCount":32,"publisher":{"@id":"https:\/\/buergerbus-steinfurt.de\/#organization"},"image":{"@id":"https:\/\/buergerbus-steinfurt.de\/?p=1764#primaryimage"},"thumbnailUrl":"https:\/\/buergerbus-steinfurt.de\/wp-content\/uploads\/2017\/08\/B\u00fcBusFoto-WN.jpg","articleSection":["Uncategorized"],"inLanguage":"de"},{"@type":"WebPage","@id":"https:\/\/buergerbus-steinfurt.de\/?p=1764","url":"https:\/\/buergerbus-steinfurt.de\/?p=1764","name":"WN-Bericht \u00fcber den B\u00fcrgerbus Steinfurt - B\u00fcrgerbus Steinfurt %","isPartOf":{"@id":"https:\/\/buergerbus-steinfurt.de\/#website"},"primaryImageOfPage":{"@id":"https:\/\/buergerbus-steinfurt.de\/?p=1764#primaryimage"},"image":{"@id":"https:\/\/buergerbus-steinfurt.de\/?p=1764#primaryimage"},"thumbnailUrl":"https:\/\/buergerbus-steinfurt.de\/wp-content\/uploads\/2017\/08\/B\u00fcBusFoto-WN.jpg","datePublished":"2017-08-24T12:43:55+00:00","dateModified":"2017-08-24T17:51:55+00:00","breadcrumb":{"@id":"https:\/\/buergerbus-steinfurt.de\/?p=1764#breadcrumb"},"inLanguage":"de","potentialAction":[{"@type":"ReadAction","target":["https:\/\/buergerbus-steinfurt.de\/?p=1764"]}]},{"@type":"ImageObject","inLanguage":"de","@id":"https:\/\/buergerbus-steinfurt.de\/?p=1764#primaryimage","url":"https:\/\/buergerbus-steinfurt.de\/wp-content\/uploads\/2017\/08\/B\u00fcBusFoto-WN.jpg","contentUrl":"https:\/\/buergerbus-steinfurt.de\/wp-content\/uploads\/2017\/08\/B\u00fcBusFoto-WN.jpg","width":630,"height":420},{"@type":"BreadcrumbList","@id":"https:\/\/buergerbus-steinfurt.de\/?p=1764#breadcrumb","itemListElement":[{"@type":"ListItem","position":1,"name":"Startseite","item":"https:\/\/buergerbus-steinfurt.de\/"},{"@type":"ListItem","position":2,"name":"WN-Bericht \u00fcber den B\u00fcrgerbus Steinfurt"}]},{"@type":"WebSite","@id":"https:\/\/buergerbus-steinfurt.de\/#website","url":"https:\/\/buergerbus-steinfurt.de\/","name":"B\u00dcRGERBUS STEINFURT","description":"","publisher":{"@id":"https:\/\/buergerbus-steinfurt.de\/#organization"},"potentialAction":[{"@type":"SearchAction","target":{"@type":"EntryPoint","urlTemplate":"https:\/\/buergerbus-steinfurt.de\/?s={search_term_string}"},"query-input":{"@type":"PropertyValueSpecification","valueRequired":true,"valueName":"search_term_string"}}],"inLanguage":"de"},{"@type":"Organization","@id":"https:\/\/buergerbus-steinfurt.de\/#organization","name":"B\u00fcrgerbus Steinfurt e.V.","url":"https:\/\/buergerbus-steinfurt.de\/","logo":{"@type":"ImageObject","inLanguage":"de","@id":"https:\/\/buergerbus-steinfurt.de\/#\/schema\/logo\/image\/","url":"https:\/\/buergerbus-steinfurt.de\/wp-content\/uploads\/2022\/08\/2bb-steinfurt-logo-neu.png","contentUrl":"https:\/\/buergerbus-steinfurt.de\/wp-content\/uploads\/2022\/08\/2bb-steinfurt-logo-neu.png","width":293,"height":75,"caption":"B\u00fcrgerbus Steinfurt e.V."},"image":{"@id":"https:\/\/buergerbus-steinfurt.de\/#\/schema\/logo\/image\/"}},{"@type":"Person","@id":"https:\/\/buergerbus-steinfurt.de\/#\/schema\/person\/d0df83117f05647dd427e2cec47c2195","name":"Reimar Bage","image":{"@type":"ImageObject","inLanguage":"de","@id":"https:\/\/secure.gravatar.com\/avatar\/39763b5f1cf57f5fba11a8cef91d12bcd5b654814054b4c246daa1f3737f8a35?s=96&d=mm&r=g","url":"https:\/\/secure.gravatar.com\/avatar\/39763b5f1cf57f5fba11a8cef91d12bcd5b654814054b4c246daa1f3737f8a35?s=96&d=mm&r=g","contentUrl":"https:\/\/secure.gravatar.com\/avatar\/39763b5f1cf57f5fba11a8cef91d12bcd5b654814054b4c246daa1f3737f8a35?s=96&d=mm&r=g","caption":"Reimar Bage"},"url":"https:\/\/buergerbus-steinfurt.de\/?author=3"}]}},"_links":{"self":[{"href":"https:\/\/buergerbus-steinfurt.de\/index.php?rest_route=\/wp\/v2\/posts\/1764","targetHints":{"allow":["GET"]}}],"collection":[{"href":"https:\/\/buergerbus-steinfurt.de\/index.php?rest_route=\/wp\/v2\/posts"}],"about":[{"href":"https:\/\/buergerbus-steinfurt.de\/index.php?rest_route=\/wp\/v2\/types\/post"}],"author":[{"embeddable":true,"href":"https:\/\/buergerbus-steinfurt.de\/index.php?rest_route=\/wp\/v2\/users\/3"}],"replies":[{"embeddable":true,"href":"https:\/\/buergerbus-steinfurt.de\/index.php?rest_route=%2Fwp%2Fv2%2Fcomments&post=1764"}],"version-history":[{"count":8,"href":"https:\/\/buergerbus-steinfurt.de\/index.php?rest_route=\/wp\/v2\/posts\/1764\/revisions"}],"predecessor-version":[{"id":1781,"href":"https:\/\/buergerbus-steinfurt.de\/index.php?rest_route=\/wp\/v2\/posts\/1764\/revisions\/1781"}],"wp:featuredmedia":[{"embeddable":true,"href":"https:\/\/buergerbus-steinfurt.de\/index.php?rest_route=\/wp\/v2\/media\/1776"}],"wp:attachment":[{"href":"https:\/\/buergerbus-steinfurt.de\/index.php?rest_route=%2Fwp%2Fv2%2Fmedia&parent=1764"}],"wp:term":[{"taxonomy":"category","embeddable":true,"href":"https:\/\/buergerbus-steinfurt.de\/index.php?rest_route=%2Fwp%2Fv2%2Fcategories&post=1764"},{"taxonomy":"post_tag","embeddable":true,"href":"https:\/\/buergerbus-steinfurt.de\/index.php?rest_route=%2Fwp%2Fv2%2Ftags&post=1764"}],"curies":[{"name":"wp","href":"https:\/\/api.w.org\/{rel}","templated":true}]}}