{"id":1369,"date":"2017-05-10T17:45:42","date_gmt":"2017-05-10T17:45:42","guid":{"rendered":"http:\/\/demo-df41a8f1.buergerbus-steinfurt.de\/?p=1369"},"modified":"2017-05-10T17:46:18","modified_gmt":"2017-05-10T17:46:18","slug":"schlachtfest-fuer-buergerbus-sparschwein","status":"publish","type":"post","link":"https:\/\/buergerbus-steinfurt.de\/?p=1369","title":{"rendered":"&#8222;Schlachtfest&#8220; f\u00fcr B\u00fcrgerbus-Sparschwein"},"content":{"rendered":"<p><img loading=\"lazy\" decoding=\"async\" src=\"https:\/\/buergerbus-steinfurt.de\/\/wp-content\/uploads\/2017\/05\/Team3aa-1024x465.jpg\" alt=\"\" width=\"800\" height=\"363\" class=\"aligncenter size-large wp-image-1370\" srcset=\"https:\/\/buergerbus-steinfurt.de\/wp-content\/uploads\/2017\/05\/Team3aa-1024x465.jpg 1024w, https:\/\/buergerbus-steinfurt.de\/wp-content\/uploads\/2017\/05\/Team3aa-300x136.jpg 300w, https:\/\/buergerbus-steinfurt.de\/wp-content\/uploads\/2017\/05\/Team3aa-768x349.jpg 768w\" sizes=\"auto, (max-width: 800px) 100vw, 800px\" \/><br \/>\nDer monatliche Stammtisch der Fahrerinnen und Fahrer des B\u00fcrgerbusses Steinfurt wurde diesmal zum &#8222;Schlachtfest&#8220;. Seit nunmehr f\u00fcnf Jahren haben viele Fahrg\u00e4ste aus verschiedensten Gr\u00fcnden &#8211; vorrangig aber wegen der freundliche Hilfe und des uneigenn\u00fctzigen Einsatzes &#8211; das Sparschwein  mit Spenden &#8222;gef\u00fcttert&#8220;, das auf dem Fahrertisch steht. Jetzt hatte das Team Gelegenheit, den ansehnlichen Inhalt in kulinarische K\u00f6stlichkeiten zu verwandeln. Dazu traf man sich zu einem Spargelb\u00fcfett im Caf\u00e9 Probst in Burgsteinfurt. Nach der Spargelcremesupee zum Auftakt gab es anschlie\u00dfend Spargel satt mit verschiedensten Beilagen und So\u00dfen. Und zum Abschluss konnte man noch ein leckeres Dessert-B\u00fcfett pl\u00fcndern. Bei verschiedenen Getr\u00e4nken verbrachten die Frauen und M\u00e4nner des B\u00fcrgerbus-Teams noch einige harmonische Stunden. Zuvor wurde noch ein Gruppenbild gemacht, das demn\u00e4chst auf der umgestalteten Internetseite des B\u00fcrgerbusses zu sehen sein wird.<\/p>\n","protected":false},"excerpt":{"rendered":"<p>Der monatliche Stammtisch der Fahrerinnen und Fahrer des B\u00fcrgerbusses Steinfurt wurde diesmal zum &#8222;Schlachtfest&#8220;. Seit nunmehr f\u00fcnf Jahren haben viele Fahrg\u00e4ste aus verschiedensten Gr\u00fcnden &#8211; vorrangig aber wegen der freundliche &#8230;<\/p>\n","protected":false},"author":1,"featured_media":1370,"comment_status":"closed","ping_status":"closed","sticky":false,"template":"","format":"standard","meta":{"footnotes":""},"categories":[1],"tags":[],"class_list":["post-1369","post","type-post","status-publish","format-standard","has-post-thumbnail","hentry","category-uncategorized"],"yoast_head":"<!-- This site is optimized with the Yoast SEO plugin v27.5 - https:\/\/yoast.com\/product\/yoast-seo-wordpress\/ -->\n<title>&quot;Schlachtfest&quot; f\u00fcr B\u00fcrgerbus-Sparschwein - B\u00fcrgerbus Steinfurt %<\/title>\n<meta name=\"robots\" content=\"index, follow, max-snippet:-1, max-image-preview:large, max-video-preview:-1\" \/>\n<link rel=\"canonical\" href=\"https:\/\/buergerbus-steinfurt.de\/?p=1369\" \/>\n<meta property=\"og:locale\" content=\"de_DE\" \/>\n<meta property=\"og:type\" content=\"article\" \/>\n<meta property=\"og:title\" content=\"&quot;Schlachtfest&quot; f\u00fcr B\u00fcrgerbus-Sparschwein - B\u00fcrgerbus Steinfurt %\" \/>\n<meta property=\"og:description\" content=\"Der monatliche Stammtisch der Fahrerinnen und Fahrer des B\u00fcrgerbusses Steinfurt wurde diesmal zum &#8222;Schlachtfest&#8220;. Seit nunmehr f\u00fcnf Jahren haben viele Fahrg\u00e4ste aus verschiedensten Gr\u00fcnden &#8211; vorrangig aber wegen der freundliche ...\" \/>\n<meta property=\"og:url\" content=\"https:\/\/buergerbus-steinfurt.de\/?p=1369\" \/>\n<meta property=\"og:site_name\" content=\"B\u00fcrgerbus Steinfurt\" \/>\n<meta property=\"article:published_time\" content=\"2017-05-10T17:45:42+00:00\" \/>\n<meta property=\"article:modified_time\" content=\"2017-05-10T17:46:18+00:00\" \/>\n<meta property=\"og:image\" content=\"https:\/\/buergerbus-steinfurt.de\/wp-content\/uploads\/2017\/05\/Team3aa.jpg\" \/>\n\t<meta property=\"og:image:width\" content=\"4074\" \/>\n\t<meta property=\"og:image:height\" content=\"1850\" \/>\n\t<meta property=\"og:image:type\" content=\"image\/jpeg\" \/>\n<meta name=\"author\" content=\"fs-vonrudorff\" \/>\n<meta name=\"twitter:card\" content=\"summary_large_image\" \/>\n<meta name=\"twitter:label1\" content=\"Verfasst von\" \/>\n\t<meta name=\"twitter:data1\" content=\"fs-vonrudorff\" \/>\n\t<meta name=\"twitter:label2\" content=\"Gesch\u00e4tzte Lesezeit\" \/>\n\t<meta name=\"twitter:data2\" content=\"1\u00a0Minute\" \/>\n<script type=\"application\/ld+json\" class=\"yoast-schema-graph\">{\"@context\":\"https:\\\/\\\/schema.org\",\"@graph\":[{\"@type\":\"Article\",\"@id\":\"https:\\\/\\\/buergerbus-steinfurt.de\\\/?p=1369#article\",\"isPartOf\":{\"@id\":\"https:\\\/\\\/buergerbus-steinfurt.de\\\/?p=1369\"},\"author\":{\"name\":\"fs-vonrudorff\",\"@id\":\"https:\\\/\\\/buergerbus-steinfurt.de\\\/#\\\/schema\\\/person\\\/7a5e6cefb968ea22c7d0b994b389cdf4\"},\"headline\":\"&#8222;Schlachtfest&#8220; f\u00fcr B\u00fcrgerbus-Sparschwein\",\"datePublished\":\"2017-05-10T17:45:42+00:00\",\"dateModified\":\"2017-05-10T17:46:18+00:00\",\"mainEntityOfPage\":{\"@id\":\"https:\\\/\\\/buergerbus-steinfurt.de\\\/?p=1369\"},\"wordCount\":150,\"publisher\":{\"@id\":\"https:\\\/\\\/buergerbus-steinfurt.de\\\/#organization\"},\"image\":{\"@id\":\"https:\\\/\\\/buergerbus-steinfurt.de\\\/?p=1369#primaryimage\"},\"thumbnailUrl\":\"https:\\\/\\\/buergerbus-steinfurt.de\\\/wp-content\\\/uploads\\\/2017\\\/05\\\/Team3aa.jpg\",\"articleSection\":[\"Uncategorized\"],\"inLanguage\":\"de\"},{\"@type\":\"WebPage\",\"@id\":\"https:\\\/\\\/buergerbus-steinfurt.de\\\/?p=1369\",\"url\":\"https:\\\/\\\/buergerbus-steinfurt.de\\\/?p=1369\",\"name\":\"\\\"Schlachtfest\\\" f\u00fcr B\u00fcrgerbus-Sparschwein - B\u00fcrgerbus Steinfurt %\",\"isPartOf\":{\"@id\":\"https:\\\/\\\/buergerbus-steinfurt.de\\\/#website\"},\"primaryImageOfPage\":{\"@id\":\"https:\\\/\\\/buergerbus-steinfurt.de\\\/?p=1369#primaryimage\"},\"image\":{\"@id\":\"https:\\\/\\\/buergerbus-steinfurt.de\\\/?p=1369#primaryimage\"},\"thumbnailUrl\":\"https:\\\/\\\/buergerbus-steinfurt.de\\\/wp-content\\\/uploads\\\/2017\\\/05\\\/Team3aa.jpg\",\"datePublished\":\"2017-05-10T17:45:42+00:00\",\"dateModified\":\"2017-05-10T17:46:18+00:00\",\"breadcrumb\":{\"@id\":\"https:\\\/\\\/buergerbus-steinfurt.de\\\/?p=1369#breadcrumb\"},\"inLanguage\":\"de\",\"potentialAction\":[{\"@type\":\"ReadAction\",\"target\":[\"https:\\\/\\\/buergerbus-steinfurt.de\\\/?p=1369\"]}]},{\"@type\":\"ImageObject\",\"inLanguage\":\"de\",\"@id\":\"https:\\\/\\\/buergerbus-steinfurt.de\\\/?p=1369#primaryimage\",\"url\":\"https:\\\/\\\/buergerbus-steinfurt.de\\\/wp-content\\\/uploads\\\/2017\\\/05\\\/Team3aa.jpg\",\"contentUrl\":\"https:\\\/\\\/buergerbus-steinfurt.de\\\/wp-content\\\/uploads\\\/2017\\\/05\\\/Team3aa.jpg\",\"width\":4074,\"height\":1850},{\"@type\":\"BreadcrumbList\",\"@id\":\"https:\\\/\\\/buergerbus-steinfurt.de\\\/?p=1369#breadcrumb\",\"itemListElement\":[{\"@type\":\"ListItem\",\"position\":1,\"name\":\"Startseite\",\"item\":\"https:\\\/\\\/buergerbus-steinfurt.de\\\/\"},{\"@type\":\"ListItem\",\"position\":2,\"name\":\"&#8220;Schlachtfest&#8221; f\u00fcr B\u00fcrgerbus-Sparschwein\"}]},{\"@type\":\"WebSite\",\"@id\":\"https:\\\/\\\/buergerbus-steinfurt.de\\\/#website\",\"url\":\"https:\\\/\\\/buergerbus-steinfurt.de\\\/\",\"name\":\"B\u00dcRGERBUS STEINFURT\",\"description\":\"\",\"publisher\":{\"@id\":\"https:\\\/\\\/buergerbus-steinfurt.de\\\/#organization\"},\"potentialAction\":[{\"@type\":\"SearchAction\",\"target\":{\"@type\":\"EntryPoint\",\"urlTemplate\":\"https:\\\/\\\/buergerbus-steinfurt.de\\\/?s={search_term_string}\"},\"query-input\":{\"@type\":\"PropertyValueSpecification\",\"valueRequired\":true,\"valueName\":\"search_term_string\"}}],\"inLanguage\":\"de\"},{\"@type\":\"Organization\",\"@id\":\"https:\\\/\\\/buergerbus-steinfurt.de\\\/#organization\",\"name\":\"B\u00fcrgerbus Steinfurt e.V.\",\"url\":\"https:\\\/\\\/buergerbus-steinfurt.de\\\/\",\"logo\":{\"@type\":\"ImageObject\",\"inLanguage\":\"de\",\"@id\":\"https:\\\/\\\/buergerbus-steinfurt.de\\\/#\\\/schema\\\/logo\\\/image\\\/\",\"url\":\"https:\\\/\\\/buergerbus-steinfurt.de\\\/wp-content\\\/uploads\\\/2022\\\/08\\\/2bb-steinfurt-logo-neu.png\",\"contentUrl\":\"https:\\\/\\\/buergerbus-steinfurt.de\\\/wp-content\\\/uploads\\\/2022\\\/08\\\/2bb-steinfurt-logo-neu.png\",\"width\":293,\"height\":75,\"caption\":\"B\u00fcrgerbus Steinfurt e.V.\"},\"image\":{\"@id\":\"https:\\\/\\\/buergerbus-steinfurt.de\\\/#\\\/schema\\\/logo\\\/image\\\/\"}},{\"@type\":\"Person\",\"@id\":\"https:\\\/\\\/buergerbus-steinfurt.de\\\/#\\\/schema\\\/person\\\/7a5e6cefb968ea22c7d0b994b389cdf4\",\"name\":\"fs-vonrudorff\",\"image\":{\"@type\":\"ImageObject\",\"inLanguage\":\"de\",\"@id\":\"https:\\\/\\\/secure.gravatar.com\\\/avatar\\\/fc5f65ec7dee558858b1258d3d162a8b5ed4ac47ebdeb7a0beea2138ece5cc5a?s=96&d=mm&r=g\",\"url\":\"https:\\\/\\\/secure.gravatar.com\\\/avatar\\\/fc5f65ec7dee558858b1258d3d162a8b5ed4ac47ebdeb7a0beea2138ece5cc5a?s=96&d=mm&r=g\",\"contentUrl\":\"https:\\\/\\\/secure.gravatar.com\\\/avatar\\\/fc5f65ec7dee558858b1258d3d162a8b5ed4ac47ebdeb7a0beea2138ece5cc5a?s=96&d=mm&r=g\",\"caption\":\"fs-vonrudorff\"},\"url\":\"https:\\\/\\\/buergerbus-steinfurt.de\\\/?author=1\"}]}<\/script>\n<!-- \/ Yoast SEO plugin. -->","yoast_head_json":{"title":"\"Schlachtfest\" f\u00fcr B\u00fcrgerbus-Sparschwein - B\u00fcrgerbus Steinfurt %","robots":{"index":"index","follow":"follow","max-snippet":"max-snippet:-1","max-image-preview":"max-image-preview:large","max-video-preview":"max-video-preview:-1"},"canonical":"https:\/\/buergerbus-steinfurt.de\/?p=1369","og_locale":"de_DE","og_type":"article","og_title":"\"Schlachtfest\" f\u00fcr B\u00fcrgerbus-Sparschwein - B\u00fcrgerbus Steinfurt %","og_description":"Der monatliche Stammtisch der Fahrerinnen und Fahrer des B\u00fcrgerbusses Steinfurt wurde diesmal zum &#8222;Schlachtfest&#8220;. Seit nunmehr f\u00fcnf Jahren haben viele Fahrg\u00e4ste aus verschiedensten Gr\u00fcnden &#8211; vorrangig aber wegen der freundliche ...","og_url":"https:\/\/buergerbus-steinfurt.de\/?p=1369","og_site_name":"B\u00fcrgerbus Steinfurt","article_published_time":"2017-05-10T17:45:42+00:00","article_modified_time":"2017-05-10T17:46:18+00:00","og_image":[{"width":4074,"height":1850,"url":"https:\/\/buergerbus-steinfurt.de\/wp-content\/uploads\/2017\/05\/Team3aa.jpg","type":"image\/jpeg"}],"author":"fs-vonrudorff","twitter_card":"summary_large_image","twitter_misc":{"Verfasst von":"fs-vonrudorff","Gesch\u00e4tzte Lesezeit":"1\u00a0Minute"},"schema":{"@context":"https:\/\/schema.org","@graph":[{"@type":"Article","@id":"https:\/\/buergerbus-steinfurt.de\/?p=1369#article","isPartOf":{"@id":"https:\/\/buergerbus-steinfurt.de\/?p=1369"},"author":{"name":"fs-vonrudorff","@id":"https:\/\/buergerbus-steinfurt.de\/#\/schema\/person\/7a5e6cefb968ea22c7d0b994b389cdf4"},"headline":"&#8222;Schlachtfest&#8220; f\u00fcr B\u00fcrgerbus-Sparschwein","datePublished":"2017-05-10T17:45:42+00:00","dateModified":"2017-05-10T17:46:18+00:00","mainEntityOfPage":{"@id":"https:\/\/buergerbus-steinfurt.de\/?p=1369"},"wordCount":150,"publisher":{"@id":"https:\/\/buergerbus-steinfurt.de\/#organization"},"image":{"@id":"https:\/\/buergerbus-steinfurt.de\/?p=1369#primaryimage"},"thumbnailUrl":"https:\/\/buergerbus-steinfurt.de\/wp-content\/uploads\/2017\/05\/Team3aa.jpg","articleSection":["Uncategorized"],"inLanguage":"de"},{"@type":"WebPage","@id":"https:\/\/buergerbus-steinfurt.de\/?p=1369","url":"https:\/\/buergerbus-steinfurt.de\/?p=1369","name":"\"Schlachtfest\" f\u00fcr B\u00fcrgerbus-Sparschwein - B\u00fcrgerbus Steinfurt %","isPartOf":{"@id":"https:\/\/buergerbus-steinfurt.de\/#website"},"primaryImageOfPage":{"@id":"https:\/\/buergerbus-steinfurt.de\/?p=1369#primaryimage"},"image":{"@id":"https:\/\/buergerbus-steinfurt.de\/?p=1369#primaryimage"},"thumbnailUrl":"https:\/\/buergerbus-steinfurt.de\/wp-content\/uploads\/2017\/05\/Team3aa.jpg","datePublished":"2017-05-10T17:45:42+00:00","dateModified":"2017-05-10T17:46:18+00:00","breadcrumb":{"@id":"https:\/\/buergerbus-steinfurt.de\/?p=1369#breadcrumb"},"inLanguage":"de","potentialAction":[{"@type":"ReadAction","target":["https:\/\/buergerbus-steinfurt.de\/?p=1369"]}]},{"@type":"ImageObject","inLanguage":"de","@id":"https:\/\/buergerbus-steinfurt.de\/?p=1369#primaryimage","url":"https:\/\/buergerbus-steinfurt.de\/wp-content\/uploads\/2017\/05\/Team3aa.jpg","contentUrl":"https:\/\/buergerbus-steinfurt.de\/wp-content\/uploads\/2017\/05\/Team3aa.jpg","width":4074,"height":1850},{"@type":"BreadcrumbList","@id":"https:\/\/buergerbus-steinfurt.de\/?p=1369#breadcrumb","itemListElement":[{"@type":"ListItem","position":1,"name":"Startseite","item":"https:\/\/buergerbus-steinfurt.de\/"},{"@type":"ListItem","position":2,"name":"&#8220;Schlachtfest&#8221; f\u00fcr B\u00fcrgerbus-Sparschwein"}]},{"@type":"WebSite","@id":"https:\/\/buergerbus-steinfurt.de\/#website","url":"https:\/\/buergerbus-steinfurt.de\/","name":"B\u00dcRGERBUS STEINFURT","description":"","publisher":{"@id":"https:\/\/buergerbus-steinfurt.de\/#organization"},"potentialAction":[{"@type":"SearchAction","target":{"@type":"EntryPoint","urlTemplate":"https:\/\/buergerbus-steinfurt.de\/?s={search_term_string}"},"query-input":{"@type":"PropertyValueSpecification","valueRequired":true,"valueName":"search_term_string"}}],"inLanguage":"de"},{"@type":"Organization","@id":"https:\/\/buergerbus-steinfurt.de\/#organization","name":"B\u00fcrgerbus Steinfurt e.V.","url":"https:\/\/buergerbus-steinfurt.de\/","logo":{"@type":"ImageObject","inLanguage":"de","@id":"https:\/\/buergerbus-steinfurt.de\/#\/schema\/logo\/image\/","url":"https:\/\/buergerbus-steinfurt.de\/wp-content\/uploads\/2022\/08\/2bb-steinfurt-logo-neu.png","contentUrl":"https:\/\/buergerbus-steinfurt.de\/wp-content\/uploads\/2022\/08\/2bb-steinfurt-logo-neu.png","width":293,"height":75,"caption":"B\u00fcrgerbus Steinfurt e.V."},"image":{"@id":"https:\/\/buergerbus-steinfurt.de\/#\/schema\/logo\/image\/"}},{"@type":"Person","@id":"https:\/\/buergerbus-steinfurt.de\/#\/schema\/person\/7a5e6cefb968ea22c7d0b994b389cdf4","name":"fs-vonrudorff","image":{"@type":"ImageObject","inLanguage":"de","@id":"https:\/\/secure.gravatar.com\/avatar\/fc5f65ec7dee558858b1258d3d162a8b5ed4ac47ebdeb7a0beea2138ece5cc5a?s=96&d=mm&r=g","url":"https:\/\/secure.gravatar.com\/avatar\/fc5f65ec7dee558858b1258d3d162a8b5ed4ac47ebdeb7a0beea2138ece5cc5a?s=96&d=mm&r=g","contentUrl":"https:\/\/secure.gravatar.com\/avatar\/fc5f65ec7dee558858b1258d3d162a8b5ed4ac47ebdeb7a0beea2138ece5cc5a?s=96&d=mm&r=g","caption":"fs-vonrudorff"},"url":"https:\/\/buergerbus-steinfurt.de\/?author=1"}]}},"_links":{"self":[{"href":"https:\/\/buergerbus-steinfurt.de\/index.php?rest_route=\/wp\/v2\/posts\/1369","targetHints":{"allow":["GET"]}}],"collection":[{"href":"https:\/\/buergerbus-steinfurt.de\/index.php?rest_route=\/wp\/v2\/posts"}],"about":[{"href":"https:\/\/buergerbus-steinfurt.de\/index.php?rest_route=\/wp\/v2\/types\/post"}],"author":[{"embeddable":true,"href":"https:\/\/buergerbus-steinfurt.de\/index.php?rest_route=\/wp\/v2\/users\/1"}],"replies":[{"embeddable":true,"href":"https:\/\/buergerbus-steinfurt.de\/index.php?rest_route=%2Fwp%2Fv2%2Fcomments&post=1369"}],"version-history":[{"count":1,"href":"https:\/\/buergerbus-steinfurt.de\/index.php?rest_route=\/wp\/v2\/posts\/1369\/revisions"}],"predecessor-version":[{"id":1371,"href":"https:\/\/buergerbus-steinfurt.de\/index.php?rest_route=\/wp\/v2\/posts\/1369\/revisions\/1371"}],"wp:featuredmedia":[{"embeddable":true,"href":"https:\/\/buergerbus-steinfurt.de\/index.php?rest_route=\/wp\/v2\/media\/1370"}],"wp:attachment":[{"href":"https:\/\/buergerbus-steinfurt.de\/index.php?rest_route=%2Fwp%2Fv2%2Fmedia&parent=1369"}],"wp:term":[{"taxonomy":"category","embeddable":true,"href":"https:\/\/buergerbus-steinfurt.de\/index.php?rest_route=%2Fwp%2Fv2%2Fcategories&post=1369"},{"taxonomy":"post_tag","embeddable":true,"href":"https:\/\/buergerbus-steinfurt.de\/index.php?rest_route=%2Fwp%2Fv2%2Ftags&post=1369"}],"curies":[{"name":"wp","href":"https:\/\/api.w.org\/{rel}","templated":true}]}}