{"id":1366,"date":"2017-05-10T17:43:03","date_gmt":"2017-05-10T17:43:03","guid":{"rendered":"http:\/\/demo-df41a8f1.buergerbus-steinfurt.de\/?p=1366"},"modified":"2017-05-10T17:46:30","modified_gmt":"2017-05-10T17:46:30","slug":"buergerbus-als-wichtiger-mobilitaetsfaktor","status":"publish","type":"post","link":"https:\/\/buergerbus-steinfurt.de\/?p=1366","title":{"rendered":"B\u00fcrgerbus als wichtiger Mobilit\u00e4tsfaktor"},"content":{"rendered":"<p><img loading=\"lazy\" decoding=\"async\" src=\"https:\/\/buergerbus-steinfurt.de\/\/wp-content\/uploads\/2017\/05\/Melle-1_gross.jpg\" alt=\"\" width=\"500\" height=\"375\" class=\"aligncenter size-full wp-image-1367\" srcset=\"https:\/\/buergerbus-steinfurt.de\/wp-content\/uploads\/2017\/05\/Melle-1_gross.jpg 500w, https:\/\/buergerbus-steinfurt.de\/wp-content\/uploads\/2017\/05\/Melle-1_gross-300x225.jpg 300w\" sizes=\"auto, (max-width: 500px) 100vw, 500px\" \/><br \/>\n1. Vorsitzender Ferdinand Brust (2. v. r.) und stv. Gesch\u00e4ftsf\u00fchrer Reimar Bage (r)  vom B\u00fcrgerbus Steinfurt e.V. haben auf Einladung des Kreises Steinfurt den B\u00fcrgerbus Steinfurt als ein wichtiges Instrument f\u00fcr Mobilit\u00e4t im l\u00e4ndlichen Raum vorgestellt. Bei der 2.Partnerschaftskonferenz der Kreise Steinfurt und Osnabr\u00fcck mit G\u00e4sten aus Polen, Litauen und des Landkreises Mecklenburger Seenplatte berichteten Brust und Bage anhand eines Powerpoint-Vortrages \u00fcber die Entstehung und Entwicklung des B\u00fcrgerbusse Steinfurt seit Dezember 2011. Sie standen ferner f\u00fcr zahlreiche Nachfragen zur Verf\u00fcgung. Zuvor hatte die Verkehrsplanerin des Kreises Steinfurt, Renate Schulte, zum Thema &#8222;Wie sichern wir die Mobilit\u00e4t im l\u00e4ndlichen Raum? &#8211; L\u00f6sungsans\u00e4tze im Kreis Steinfurt&#8220;  die Forumsteilnehmer \u00fcber die vielf\u00e4ltigen Formen der Verkehrsmittel im Kreisgebiet informiert. Anschlie\u00dfend berichteten die Vertreter der anderen Regionen \u00fcber ihre Probleme und Erfahrungen.<\/p>\n","protected":false},"excerpt":{"rendered":"<p>1. Vorsitzender Ferdinand Brust (2. v. r.) und stv. Gesch\u00e4ftsf\u00fchrer Reimar Bage (r) vom B\u00fcrgerbus Steinfurt e.V. haben auf Einladung des Kreises Steinfurt den B\u00fcrgerbus Steinfurt als ein wichtiges Instrument &#8230;<\/p>\n","protected":false},"author":1,"featured_media":1367,"comment_status":"closed","ping_status":"closed","sticky":false,"template":"","format":"standard","meta":{"footnotes":""},"categories":[1],"tags":[],"class_list":["post-1366","post","type-post","status-publish","format-standard","has-post-thumbnail","hentry","category-uncategorized"],"yoast_head":"<!-- This site is optimized with the Yoast SEO plugin v27.5 - https:\/\/yoast.com\/product\/yoast-seo-wordpress\/ -->\n<title>B\u00fcrgerbus als wichtiger Mobilit\u00e4tsfaktor - B\u00fcrgerbus Steinfurt %<\/title>\n<meta name=\"robots\" content=\"index, follow, max-snippet:-1, max-image-preview:large, max-video-preview:-1\" \/>\n<link rel=\"canonical\" href=\"https:\/\/buergerbus-steinfurt.de\/?p=1366\" \/>\n<meta property=\"og:locale\" content=\"de_DE\" \/>\n<meta property=\"og:type\" content=\"article\" \/>\n<meta property=\"og:title\" content=\"B\u00fcrgerbus als wichtiger Mobilit\u00e4tsfaktor - B\u00fcrgerbus Steinfurt %\" \/>\n<meta property=\"og:description\" content=\"1. Vorsitzender Ferdinand Brust (2. v. r.) und stv. Gesch\u00e4ftsf\u00fchrer Reimar Bage (r) vom B\u00fcrgerbus Steinfurt e.V. haben auf Einladung des Kreises Steinfurt den B\u00fcrgerbus Steinfurt als ein wichtiges Instrument ...\" \/>\n<meta property=\"og:url\" content=\"https:\/\/buergerbus-steinfurt.de\/?p=1366\" \/>\n<meta property=\"og:site_name\" content=\"B\u00fcrgerbus Steinfurt\" \/>\n<meta property=\"article:published_time\" content=\"2017-05-10T17:43:03+00:00\" \/>\n<meta property=\"article:modified_time\" content=\"2017-05-10T17:46:30+00:00\" \/>\n<meta property=\"og:image\" content=\"https:\/\/buergerbus-steinfurt.de\/wp-content\/uploads\/2017\/05\/Melle-1_gross.jpg\" \/>\n\t<meta property=\"og:image:width\" content=\"500\" \/>\n\t<meta property=\"og:image:height\" content=\"375\" \/>\n\t<meta property=\"og:image:type\" content=\"image\/jpeg\" \/>\n<meta name=\"author\" content=\"fs-vonrudorff\" \/>\n<meta name=\"twitter:card\" content=\"summary_large_image\" \/>\n<meta name=\"twitter:label1\" content=\"Verfasst von\" \/>\n\t<meta name=\"twitter:data1\" content=\"fs-vonrudorff\" \/>\n\t<meta name=\"twitter:label2\" content=\"Gesch\u00e4tzte Lesezeit\" \/>\n\t<meta name=\"twitter:data2\" content=\"1\u00a0Minute\" \/>\n<script type=\"application\/ld+json\" class=\"yoast-schema-graph\">{\"@context\":\"https:\\\/\\\/schema.org\",\"@graph\":[{\"@type\":\"Article\",\"@id\":\"https:\\\/\\\/buergerbus-steinfurt.de\\\/?p=1366#article\",\"isPartOf\":{\"@id\":\"https:\\\/\\\/buergerbus-steinfurt.de\\\/?p=1366\"},\"author\":{\"name\":\"fs-vonrudorff\",\"@id\":\"https:\\\/\\\/buergerbus-steinfurt.de\\\/#\\\/schema\\\/person\\\/7a5e6cefb968ea22c7d0b994b389cdf4\"},\"headline\":\"B\u00fcrgerbus als wichtiger Mobilit\u00e4tsfaktor\",\"datePublished\":\"2017-05-10T17:43:03+00:00\",\"dateModified\":\"2017-05-10T17:46:30+00:00\",\"mainEntityOfPage\":{\"@id\":\"https:\\\/\\\/buergerbus-steinfurt.de\\\/?p=1366\"},\"wordCount\":149,\"publisher\":{\"@id\":\"https:\\\/\\\/buergerbus-steinfurt.de\\\/#organization\"},\"image\":{\"@id\":\"https:\\\/\\\/buergerbus-steinfurt.de\\\/?p=1366#primaryimage\"},\"thumbnailUrl\":\"https:\\\/\\\/buergerbus-steinfurt.de\\\/wp-content\\\/uploads\\\/2017\\\/05\\\/Melle-1_gross.jpg\",\"articleSection\":[\"Uncategorized\"],\"inLanguage\":\"de\"},{\"@type\":\"WebPage\",\"@id\":\"https:\\\/\\\/buergerbus-steinfurt.de\\\/?p=1366\",\"url\":\"https:\\\/\\\/buergerbus-steinfurt.de\\\/?p=1366\",\"name\":\"B\u00fcrgerbus als wichtiger Mobilit\u00e4tsfaktor - B\u00fcrgerbus Steinfurt %\",\"isPartOf\":{\"@id\":\"https:\\\/\\\/buergerbus-steinfurt.de\\\/#website\"},\"primaryImageOfPage\":{\"@id\":\"https:\\\/\\\/buergerbus-steinfurt.de\\\/?p=1366#primaryimage\"},\"image\":{\"@id\":\"https:\\\/\\\/buergerbus-steinfurt.de\\\/?p=1366#primaryimage\"},\"thumbnailUrl\":\"https:\\\/\\\/buergerbus-steinfurt.de\\\/wp-content\\\/uploads\\\/2017\\\/05\\\/Melle-1_gross.jpg\",\"datePublished\":\"2017-05-10T17:43:03+00:00\",\"dateModified\":\"2017-05-10T17:46:30+00:00\",\"breadcrumb\":{\"@id\":\"https:\\\/\\\/buergerbus-steinfurt.de\\\/?p=1366#breadcrumb\"},\"inLanguage\":\"de\",\"potentialAction\":[{\"@type\":\"ReadAction\",\"target\":[\"https:\\\/\\\/buergerbus-steinfurt.de\\\/?p=1366\"]}]},{\"@type\":\"ImageObject\",\"inLanguage\":\"de\",\"@id\":\"https:\\\/\\\/buergerbus-steinfurt.de\\\/?p=1366#primaryimage\",\"url\":\"https:\\\/\\\/buergerbus-steinfurt.de\\\/wp-content\\\/uploads\\\/2017\\\/05\\\/Melle-1_gross.jpg\",\"contentUrl\":\"https:\\\/\\\/buergerbus-steinfurt.de\\\/wp-content\\\/uploads\\\/2017\\\/05\\\/Melle-1_gross.jpg\",\"width\":500,\"height\":375},{\"@type\":\"BreadcrumbList\",\"@id\":\"https:\\\/\\\/buergerbus-steinfurt.de\\\/?p=1366#breadcrumb\",\"itemListElement\":[{\"@type\":\"ListItem\",\"position\":1,\"name\":\"Startseite\",\"item\":\"https:\\\/\\\/buergerbus-steinfurt.de\\\/\"},{\"@type\":\"ListItem\",\"position\":2,\"name\":\"B\u00fcrgerbus als wichtiger Mobilit\u00e4tsfaktor\"}]},{\"@type\":\"WebSite\",\"@id\":\"https:\\\/\\\/buergerbus-steinfurt.de\\\/#website\",\"url\":\"https:\\\/\\\/buergerbus-steinfurt.de\\\/\",\"name\":\"B\u00dcRGERBUS STEINFURT\",\"description\":\"\",\"publisher\":{\"@id\":\"https:\\\/\\\/buergerbus-steinfurt.de\\\/#organization\"},\"potentialAction\":[{\"@type\":\"SearchAction\",\"target\":{\"@type\":\"EntryPoint\",\"urlTemplate\":\"https:\\\/\\\/buergerbus-steinfurt.de\\\/?s={search_term_string}\"},\"query-input\":{\"@type\":\"PropertyValueSpecification\",\"valueRequired\":true,\"valueName\":\"search_term_string\"}}],\"inLanguage\":\"de\"},{\"@type\":\"Organization\",\"@id\":\"https:\\\/\\\/buergerbus-steinfurt.de\\\/#organization\",\"name\":\"B\u00fcrgerbus Steinfurt e.V.\",\"url\":\"https:\\\/\\\/buergerbus-steinfurt.de\\\/\",\"logo\":{\"@type\":\"ImageObject\",\"inLanguage\":\"de\",\"@id\":\"https:\\\/\\\/buergerbus-steinfurt.de\\\/#\\\/schema\\\/logo\\\/image\\\/\",\"url\":\"https:\\\/\\\/buergerbus-steinfurt.de\\\/wp-content\\\/uploads\\\/2022\\\/08\\\/2bb-steinfurt-logo-neu.png\",\"contentUrl\":\"https:\\\/\\\/buergerbus-steinfurt.de\\\/wp-content\\\/uploads\\\/2022\\\/08\\\/2bb-steinfurt-logo-neu.png\",\"width\":293,\"height\":75,\"caption\":\"B\u00fcrgerbus Steinfurt e.V.\"},\"image\":{\"@id\":\"https:\\\/\\\/buergerbus-steinfurt.de\\\/#\\\/schema\\\/logo\\\/image\\\/\"}},{\"@type\":\"Person\",\"@id\":\"https:\\\/\\\/buergerbus-steinfurt.de\\\/#\\\/schema\\\/person\\\/7a5e6cefb968ea22c7d0b994b389cdf4\",\"name\":\"fs-vonrudorff\",\"image\":{\"@type\":\"ImageObject\",\"inLanguage\":\"de\",\"@id\":\"https:\\\/\\\/secure.gravatar.com\\\/avatar\\\/fc5f65ec7dee558858b1258d3d162a8b5ed4ac47ebdeb7a0beea2138ece5cc5a?s=96&d=mm&r=g\",\"url\":\"https:\\\/\\\/secure.gravatar.com\\\/avatar\\\/fc5f65ec7dee558858b1258d3d162a8b5ed4ac47ebdeb7a0beea2138ece5cc5a?s=96&d=mm&r=g\",\"contentUrl\":\"https:\\\/\\\/secure.gravatar.com\\\/avatar\\\/fc5f65ec7dee558858b1258d3d162a8b5ed4ac47ebdeb7a0beea2138ece5cc5a?s=96&d=mm&r=g\",\"caption\":\"fs-vonrudorff\"},\"url\":\"https:\\\/\\\/buergerbus-steinfurt.de\\\/?author=1\"}]}<\/script>\n<!-- \/ Yoast SEO plugin. -->","yoast_head_json":{"title":"B\u00fcrgerbus als wichtiger Mobilit\u00e4tsfaktor - B\u00fcrgerbus Steinfurt %","robots":{"index":"index","follow":"follow","max-snippet":"max-snippet:-1","max-image-preview":"max-image-preview:large","max-video-preview":"max-video-preview:-1"},"canonical":"https:\/\/buergerbus-steinfurt.de\/?p=1366","og_locale":"de_DE","og_type":"article","og_title":"B\u00fcrgerbus als wichtiger Mobilit\u00e4tsfaktor - B\u00fcrgerbus Steinfurt %","og_description":"1. Vorsitzender Ferdinand Brust (2. v. r.) und stv. Gesch\u00e4ftsf\u00fchrer Reimar Bage (r) vom B\u00fcrgerbus Steinfurt e.V. haben auf Einladung des Kreises Steinfurt den B\u00fcrgerbus Steinfurt als ein wichtiges Instrument ...","og_url":"https:\/\/buergerbus-steinfurt.de\/?p=1366","og_site_name":"B\u00fcrgerbus Steinfurt","article_published_time":"2017-05-10T17:43:03+00:00","article_modified_time":"2017-05-10T17:46:30+00:00","og_image":[{"width":500,"height":375,"url":"https:\/\/buergerbus-steinfurt.de\/wp-content\/uploads\/2017\/05\/Melle-1_gross.jpg","type":"image\/jpeg"}],"author":"fs-vonrudorff","twitter_card":"summary_large_image","twitter_misc":{"Verfasst von":"fs-vonrudorff","Gesch\u00e4tzte Lesezeit":"1\u00a0Minute"},"schema":{"@context":"https:\/\/schema.org","@graph":[{"@type":"Article","@id":"https:\/\/buergerbus-steinfurt.de\/?p=1366#article","isPartOf":{"@id":"https:\/\/buergerbus-steinfurt.de\/?p=1366"},"author":{"name":"fs-vonrudorff","@id":"https:\/\/buergerbus-steinfurt.de\/#\/schema\/person\/7a5e6cefb968ea22c7d0b994b389cdf4"},"headline":"B\u00fcrgerbus als wichtiger Mobilit\u00e4tsfaktor","datePublished":"2017-05-10T17:43:03+00:00","dateModified":"2017-05-10T17:46:30+00:00","mainEntityOfPage":{"@id":"https:\/\/buergerbus-steinfurt.de\/?p=1366"},"wordCount":149,"publisher":{"@id":"https:\/\/buergerbus-steinfurt.de\/#organization"},"image":{"@id":"https:\/\/buergerbus-steinfurt.de\/?p=1366#primaryimage"},"thumbnailUrl":"https:\/\/buergerbus-steinfurt.de\/wp-content\/uploads\/2017\/05\/Melle-1_gross.jpg","articleSection":["Uncategorized"],"inLanguage":"de"},{"@type":"WebPage","@id":"https:\/\/buergerbus-steinfurt.de\/?p=1366","url":"https:\/\/buergerbus-steinfurt.de\/?p=1366","name":"B\u00fcrgerbus als wichtiger Mobilit\u00e4tsfaktor - B\u00fcrgerbus Steinfurt %","isPartOf":{"@id":"https:\/\/buergerbus-steinfurt.de\/#website"},"primaryImageOfPage":{"@id":"https:\/\/buergerbus-steinfurt.de\/?p=1366#primaryimage"},"image":{"@id":"https:\/\/buergerbus-steinfurt.de\/?p=1366#primaryimage"},"thumbnailUrl":"https:\/\/buergerbus-steinfurt.de\/wp-content\/uploads\/2017\/05\/Melle-1_gross.jpg","datePublished":"2017-05-10T17:43:03+00:00","dateModified":"2017-05-10T17:46:30+00:00","breadcrumb":{"@id":"https:\/\/buergerbus-steinfurt.de\/?p=1366#breadcrumb"},"inLanguage":"de","potentialAction":[{"@type":"ReadAction","target":["https:\/\/buergerbus-steinfurt.de\/?p=1366"]}]},{"@type":"ImageObject","inLanguage":"de","@id":"https:\/\/buergerbus-steinfurt.de\/?p=1366#primaryimage","url":"https:\/\/buergerbus-steinfurt.de\/wp-content\/uploads\/2017\/05\/Melle-1_gross.jpg","contentUrl":"https:\/\/buergerbus-steinfurt.de\/wp-content\/uploads\/2017\/05\/Melle-1_gross.jpg","width":500,"height":375},{"@type":"BreadcrumbList","@id":"https:\/\/buergerbus-steinfurt.de\/?p=1366#breadcrumb","itemListElement":[{"@type":"ListItem","position":1,"name":"Startseite","item":"https:\/\/buergerbus-steinfurt.de\/"},{"@type":"ListItem","position":2,"name":"B\u00fcrgerbus als wichtiger Mobilit\u00e4tsfaktor"}]},{"@type":"WebSite","@id":"https:\/\/buergerbus-steinfurt.de\/#website","url":"https:\/\/buergerbus-steinfurt.de\/","name":"B\u00dcRGERBUS STEINFURT","description":"","publisher":{"@id":"https:\/\/buergerbus-steinfurt.de\/#organization"},"potentialAction":[{"@type":"SearchAction","target":{"@type":"EntryPoint","urlTemplate":"https:\/\/buergerbus-steinfurt.de\/?s={search_term_string}"},"query-input":{"@type":"PropertyValueSpecification","valueRequired":true,"valueName":"search_term_string"}}],"inLanguage":"de"},{"@type":"Organization","@id":"https:\/\/buergerbus-steinfurt.de\/#organization","name":"B\u00fcrgerbus Steinfurt e.V.","url":"https:\/\/buergerbus-steinfurt.de\/","logo":{"@type":"ImageObject","inLanguage":"de","@id":"https:\/\/buergerbus-steinfurt.de\/#\/schema\/logo\/image\/","url":"https:\/\/buergerbus-steinfurt.de\/wp-content\/uploads\/2022\/08\/2bb-steinfurt-logo-neu.png","contentUrl":"https:\/\/buergerbus-steinfurt.de\/wp-content\/uploads\/2022\/08\/2bb-steinfurt-logo-neu.png","width":293,"height":75,"caption":"B\u00fcrgerbus Steinfurt e.V."},"image":{"@id":"https:\/\/buergerbus-steinfurt.de\/#\/schema\/logo\/image\/"}},{"@type":"Person","@id":"https:\/\/buergerbus-steinfurt.de\/#\/schema\/person\/7a5e6cefb968ea22c7d0b994b389cdf4","name":"fs-vonrudorff","image":{"@type":"ImageObject","inLanguage":"de","@id":"https:\/\/secure.gravatar.com\/avatar\/fc5f65ec7dee558858b1258d3d162a8b5ed4ac47ebdeb7a0beea2138ece5cc5a?s=96&d=mm&r=g","url":"https:\/\/secure.gravatar.com\/avatar\/fc5f65ec7dee558858b1258d3d162a8b5ed4ac47ebdeb7a0beea2138ece5cc5a?s=96&d=mm&r=g","contentUrl":"https:\/\/secure.gravatar.com\/avatar\/fc5f65ec7dee558858b1258d3d162a8b5ed4ac47ebdeb7a0beea2138ece5cc5a?s=96&d=mm&r=g","caption":"fs-vonrudorff"},"url":"https:\/\/buergerbus-steinfurt.de\/?author=1"}]}},"_links":{"self":[{"href":"https:\/\/buergerbus-steinfurt.de\/index.php?rest_route=\/wp\/v2\/posts\/1366","targetHints":{"allow":["GET"]}}],"collection":[{"href":"https:\/\/buergerbus-steinfurt.de\/index.php?rest_route=\/wp\/v2\/posts"}],"about":[{"href":"https:\/\/buergerbus-steinfurt.de\/index.php?rest_route=\/wp\/v2\/types\/post"}],"author":[{"embeddable":true,"href":"https:\/\/buergerbus-steinfurt.de\/index.php?rest_route=\/wp\/v2\/users\/1"}],"replies":[{"embeddable":true,"href":"https:\/\/buergerbus-steinfurt.de\/index.php?rest_route=%2Fwp%2Fv2%2Fcomments&post=1366"}],"version-history":[{"count":1,"href":"https:\/\/buergerbus-steinfurt.de\/index.php?rest_route=\/wp\/v2\/posts\/1366\/revisions"}],"predecessor-version":[{"id":1368,"href":"https:\/\/buergerbus-steinfurt.de\/index.php?rest_route=\/wp\/v2\/posts\/1366\/revisions\/1368"}],"wp:featuredmedia":[{"embeddable":true,"href":"https:\/\/buergerbus-steinfurt.de\/index.php?rest_route=\/wp\/v2\/media\/1367"}],"wp:attachment":[{"href":"https:\/\/buergerbus-steinfurt.de\/index.php?rest_route=%2Fwp%2Fv2%2Fmedia&parent=1366"}],"wp:term":[{"taxonomy":"category","embeddable":true,"href":"https:\/\/buergerbus-steinfurt.de\/index.php?rest_route=%2Fwp%2Fv2%2Fcategories&post=1366"},{"taxonomy":"post_tag","embeddable":true,"href":"https:\/\/buergerbus-steinfurt.de\/index.php?rest_route=%2Fwp%2Fv2%2Ftags&post=1366"}],"curies":[{"name":"wp","href":"https:\/\/api.w.org\/{rel}","templated":true}]}}