{"id":1286,"date":"2017-01-07T08:14:51","date_gmt":"2017-01-07T08:14:51","guid":{"rendered":"http:\/\/demo-df41a8f1.buergerbus-steinfurt.de\/?p=1286"},"modified":"2017-03-07T08:19:29","modified_gmt":"2017-03-07T08:19:29","slug":"weihnachtsfeier-als-dank-an-das-fahrerteam","status":"publish","type":"post","link":"https:\/\/buergerbus-steinfurt.de\/?p=1286","title":{"rendered":"Weihnachtsfeier als Dank an das Fahrerteam"},"content":{"rendered":"<p>Auch in diesem Jahr dankte der Vorstand des Vereins B\u00fcrgerbus Steinfurt seinen Fahrerinnen und Fahrern im Rahmen einer kleinen Weihnachtsfeier in der Gastst\u00e4tte Hersping f\u00fcr den unerm\u00fcdlichen ehrenamtlichen Einsatz. Vorsitzender Ferdinand Brust hatte zu Beginn des Treffens seine Mitstreiter willkommen gehei\u00dfen, ihnen Lob f\u00fcr bislang unfallfreies Fahren gezollt und bedankte sich dann bei den B\u00fcrgerbuslenkern mit einem nahrhaften Pr\u00e4sent (Foto). F\u00fcr die rechte Einstimmung auf das Weihnachtsfest hatte zuvor Eva Maria Fangmeyer mit einer nachdenklichen Betrachtung \u00fcber den Wreihnachtsmann gesorgt. Nach der kleinen Bescherung verbrachten die Teilnehmer bei leckerem Abendessen und Getr\u00e4nken noch einige gesellige Stunden.<\/p>\n<p>&nbsp;<\/p>\n<div id='gallery-1' class='gallery galleryid-1286 gallery-columns-2 gallery-size-medium'><figure class='gallery-item'>\n\t\t\t<div class='gallery-icon landscape'>\n\t\t\t\t<img loading=\"lazy\" decoding=\"async\" width=\"300\" height=\"225\" src=\"https:\/\/buergerbus-steinfurt.de\/wp-content\/uploads\/2017\/03\/IMG_3242_gross-300x225.jpg\" class=\"attachment-medium size-medium\" alt=\"\" srcset=\"https:\/\/buergerbus-steinfurt.de\/wp-content\/uploads\/2017\/03\/IMG_3242_gross-300x225.jpg 300w, https:\/\/buergerbus-steinfurt.de\/wp-content\/uploads\/2017\/03\/IMG_3242_gross.jpg 500w\" sizes=\"auto, (max-width: 300px) 100vw, 300px\" \/>\n\t\t\t<\/div><\/figure><figure class='gallery-item'>\n\t\t\t<div class='gallery-icon landscape'>\n\t\t\t\t<img loading=\"lazy\" decoding=\"async\" width=\"300\" height=\"225\" src=\"https:\/\/buergerbus-steinfurt.de\/wp-content\/uploads\/2017\/03\/IMG_3247_mittel-300x225.jpg\" class=\"attachment-medium size-medium\" alt=\"\" srcset=\"https:\/\/buergerbus-steinfurt.de\/wp-content\/uploads\/2017\/03\/IMG_3247_mittel-300x225.jpg 300w, https:\/\/buergerbus-steinfurt.de\/wp-content\/uploads\/2017\/03\/IMG_3247_mittel.jpg 400w\" sizes=\"auto, (max-width: 300px) 100vw, 300px\" \/>\n\t\t\t<\/div><\/figure><figure class='gallery-item'>\n\t\t\t<div class='gallery-icon landscape'>\n\t\t\t\t<img loading=\"lazy\" decoding=\"async\" width=\"300\" height=\"225\" src=\"https:\/\/buergerbus-steinfurt.de\/wp-content\/uploads\/2017\/03\/IMG_3248_gross-300x225.jpg\" class=\"attachment-medium size-medium\" alt=\"\" srcset=\"https:\/\/buergerbus-steinfurt.de\/wp-content\/uploads\/2017\/03\/IMG_3248_gross-300x225.jpg 300w, https:\/\/buergerbus-steinfurt.de\/wp-content\/uploads\/2017\/03\/IMG_3248_gross.jpg 500w\" sizes=\"auto, (max-width: 300px) 100vw, 300px\" \/>\n\t\t\t<\/div><\/figure><figure class='gallery-item'>\n\t\t\t<div class='gallery-icon landscape'>\n\t\t\t\t<img loading=\"lazy\" decoding=\"async\" width=\"300\" height=\"225\" src=\"https:\/\/buergerbus-steinfurt.de\/wp-content\/uploads\/2017\/03\/IMG_3249_gross-300x225.jpg\" class=\"attachment-medium size-medium\" alt=\"\" srcset=\"https:\/\/buergerbus-steinfurt.de\/wp-content\/uploads\/2017\/03\/IMG_3249_gross-300x225.jpg 300w, https:\/\/buergerbus-steinfurt.de\/wp-content\/uploads\/2017\/03\/IMG_3249_gross.jpg 500w\" sizes=\"auto, (max-width: 300px) 100vw, 300px\" \/>\n\t\t\t<\/div><\/figure><figure class='gallery-item'>\n\t\t\t<div class='gallery-icon landscape'>\n\t\t\t\t<img loading=\"lazy\" decoding=\"async\" width=\"300\" height=\"225\" src=\"https:\/\/buergerbus-steinfurt.de\/wp-content\/uploads\/2017\/03\/IMG_3246_gross-300x225.jpg\" class=\"attachment-medium size-medium\" alt=\"\" srcset=\"https:\/\/buergerbus-steinfurt.de\/wp-content\/uploads\/2017\/03\/IMG_3246_gross-300x225.jpg 300w, https:\/\/buergerbus-steinfurt.de\/wp-content\/uploads\/2017\/03\/IMG_3246_gross.jpg 500w\" sizes=\"auto, (max-width: 300px) 100vw, 300px\" \/>\n\t\t\t<\/div><\/figure><figure class='gallery-item'>\n\t\t\t<div class='gallery-icon landscape'>\n\t\t\t\t<img loading=\"lazy\" decoding=\"async\" width=\"300\" height=\"225\" src=\"https:\/\/buergerbus-steinfurt.de\/wp-content\/uploads\/2017\/03\/B\u00fcrgerbus2_16_gross-300x225.jpg\" class=\"attachment-medium size-medium\" alt=\"\" srcset=\"https:\/\/buergerbus-steinfurt.de\/wp-content\/uploads\/2017\/03\/B\u00fcrgerbus2_16_gross-300x225.jpg 300w, https:\/\/buergerbus-steinfurt.de\/wp-content\/uploads\/2017\/03\/B\u00fcrgerbus2_16_gross.jpg 500w\" sizes=\"auto, (max-width: 300px) 100vw, 300px\" \/>\n\t\t\t<\/div><\/figure><figure class='gallery-item'>\n\t\t\t<div class='gallery-icon landscape'>\n\t\t\t\t<img loading=\"lazy\" decoding=\"async\" width=\"300\" height=\"225\" src=\"https:\/\/buergerbus-steinfurt.de\/wp-content\/uploads\/2017\/03\/B\u00fcrgerbus-Weihnachtsfeier_16_gross-300x225.jpg\" class=\"attachment-medium size-medium\" alt=\"\" srcset=\"https:\/\/buergerbus-steinfurt.de\/wp-content\/uploads\/2017\/03\/B\u00fcrgerbus-Weihnachtsfeier_16_gross-300x225.jpg 300w, https:\/\/buergerbus-steinfurt.de\/wp-content\/uploads\/2017\/03\/B\u00fcrgerbus-Weihnachtsfeier_16_gross.jpg 500w\" sizes=\"auto, (max-width: 300px) 100vw, 300px\" \/>\n\t\t\t<\/div><\/figure>\n\t\t<\/div>\n\n","protected":false},"excerpt":{"rendered":"<p>Auch in diesem Jahr dankte der Vorstand des Vereins B\u00fcrgerbus Steinfurt seinen Fahrerinnen und Fahrern im Rahmen einer kleinen Weihnachtsfeier in der Gastst\u00e4tte Hersping f\u00fcr den unerm\u00fcdlichen ehrenamtlichen Einsatz. Vorsitzender &#8230;<\/p>\n","protected":false},"author":1,"featured_media":1292,"comment_status":"closed","ping_status":"closed","sticky":false,"template":"","format":"standard","meta":{"footnotes":""},"categories":[1],"tags":[],"class_list":["post-1286","post","type-post","status-publish","format-standard","has-post-thumbnail","hentry","category-uncategorized"],"yoast_head":"<!-- This site is optimized with the Yoast SEO plugin v27.5 - https:\/\/yoast.com\/product\/yoast-seo-wordpress\/ -->\n<title>Weihnachtsfeier als Dank an das Fahrerteam - B\u00fcrgerbus Steinfurt %<\/title>\n<meta name=\"robots\" content=\"index, follow, max-snippet:-1, max-image-preview:large, max-video-preview:-1\" \/>\n<link rel=\"canonical\" href=\"https:\/\/buergerbus-steinfurt.de\/?p=1286\" \/>\n<meta property=\"og:locale\" content=\"de_DE\" \/>\n<meta property=\"og:type\" content=\"article\" \/>\n<meta property=\"og:title\" content=\"Weihnachtsfeier als Dank an das Fahrerteam - B\u00fcrgerbus Steinfurt %\" \/>\n<meta property=\"og:description\" content=\"Auch in diesem Jahr dankte der Vorstand des Vereins B\u00fcrgerbus Steinfurt seinen Fahrerinnen und Fahrern im Rahmen einer kleinen Weihnachtsfeier in der Gastst\u00e4tte Hersping f\u00fcr den unerm\u00fcdlichen ehrenamtlichen Einsatz. Vorsitzender ...\" \/>\n<meta property=\"og:url\" content=\"https:\/\/buergerbus-steinfurt.de\/?p=1286\" \/>\n<meta property=\"og:site_name\" content=\"B\u00fcrgerbus Steinfurt\" \/>\n<meta property=\"article:published_time\" content=\"2017-01-07T08:14:51+00:00\" \/>\n<meta property=\"article:modified_time\" content=\"2017-03-07T08:19:29+00:00\" \/>\n<meta property=\"og:image\" content=\"https:\/\/buergerbus-steinfurt.de\/wp-content\/uploads\/2017\/03\/B\u00fcrgerbus2_16_gross.jpg\" \/>\n\t<meta property=\"og:image:width\" content=\"500\" \/>\n\t<meta property=\"og:image:height\" content=\"375\" \/>\n\t<meta property=\"og:image:type\" content=\"image\/jpeg\" \/>\n<meta name=\"author\" content=\"fs-vonrudorff\" \/>\n<meta name=\"twitter:card\" content=\"summary_large_image\" \/>\n<meta name=\"twitter:label1\" content=\"Verfasst von\" \/>\n\t<meta name=\"twitter:data1\" content=\"fs-vonrudorff\" \/>\n\t<meta name=\"twitter:label2\" content=\"Gesch\u00e4tzte Lesezeit\" \/>\n\t<meta name=\"twitter:data2\" content=\"1\u00a0Minute\" \/>\n<script type=\"application\/ld+json\" class=\"yoast-schema-graph\">{\"@context\":\"https:\\\/\\\/schema.org\",\"@graph\":[{\"@type\":\"Article\",\"@id\":\"https:\\\/\\\/buergerbus-steinfurt.de\\\/?p=1286#article\",\"isPartOf\":{\"@id\":\"https:\\\/\\\/buergerbus-steinfurt.de\\\/?p=1286\"},\"author\":{\"name\":\"fs-vonrudorff\",\"@id\":\"https:\\\/\\\/buergerbus-steinfurt.de\\\/#\\\/schema\\\/person\\\/7a5e6cefb968ea22c7d0b994b389cdf4\"},\"headline\":\"Weihnachtsfeier als Dank an das Fahrerteam\",\"datePublished\":\"2017-01-07T08:14:51+00:00\",\"dateModified\":\"2017-03-07T08:19:29+00:00\",\"mainEntityOfPage\":{\"@id\":\"https:\\\/\\\/buergerbus-steinfurt.de\\\/?p=1286\"},\"wordCount\":120,\"publisher\":{\"@id\":\"https:\\\/\\\/buergerbus-steinfurt.de\\\/#organization\"},\"image\":{\"@id\":\"https:\\\/\\\/buergerbus-steinfurt.de\\\/?p=1286#primaryimage\"},\"thumbnailUrl\":\"https:\\\/\\\/buergerbus-steinfurt.de\\\/wp-content\\\/uploads\\\/2017\\\/03\\\/B\u00fcrgerbus2_16_gross.jpg\",\"articleSection\":[\"Uncategorized\"],\"inLanguage\":\"de\"},{\"@type\":\"WebPage\",\"@id\":\"https:\\\/\\\/buergerbus-steinfurt.de\\\/?p=1286\",\"url\":\"https:\\\/\\\/buergerbus-steinfurt.de\\\/?p=1286\",\"name\":\"Weihnachtsfeier als Dank an das Fahrerteam - B\u00fcrgerbus Steinfurt %\",\"isPartOf\":{\"@id\":\"https:\\\/\\\/buergerbus-steinfurt.de\\\/#website\"},\"primaryImageOfPage\":{\"@id\":\"https:\\\/\\\/buergerbus-steinfurt.de\\\/?p=1286#primaryimage\"},\"image\":{\"@id\":\"https:\\\/\\\/buergerbus-steinfurt.de\\\/?p=1286#primaryimage\"},\"thumbnailUrl\":\"https:\\\/\\\/buergerbus-steinfurt.de\\\/wp-content\\\/uploads\\\/2017\\\/03\\\/B\u00fcrgerbus2_16_gross.jpg\",\"datePublished\":\"2017-01-07T08:14:51+00:00\",\"dateModified\":\"2017-03-07T08:19:29+00:00\",\"breadcrumb\":{\"@id\":\"https:\\\/\\\/buergerbus-steinfurt.de\\\/?p=1286#breadcrumb\"},\"inLanguage\":\"de\",\"potentialAction\":[{\"@type\":\"ReadAction\",\"target\":[\"https:\\\/\\\/buergerbus-steinfurt.de\\\/?p=1286\"]}]},{\"@type\":\"ImageObject\",\"inLanguage\":\"de\",\"@id\":\"https:\\\/\\\/buergerbus-steinfurt.de\\\/?p=1286#primaryimage\",\"url\":\"https:\\\/\\\/buergerbus-steinfurt.de\\\/wp-content\\\/uploads\\\/2017\\\/03\\\/B\u00fcrgerbus2_16_gross.jpg\",\"contentUrl\":\"https:\\\/\\\/buergerbus-steinfurt.de\\\/wp-content\\\/uploads\\\/2017\\\/03\\\/B\u00fcrgerbus2_16_gross.jpg\",\"width\":500,\"height\":375},{\"@type\":\"BreadcrumbList\",\"@id\":\"https:\\\/\\\/buergerbus-steinfurt.de\\\/?p=1286#breadcrumb\",\"itemListElement\":[{\"@type\":\"ListItem\",\"position\":1,\"name\":\"Startseite\",\"item\":\"https:\\\/\\\/buergerbus-steinfurt.de\\\/\"},{\"@type\":\"ListItem\",\"position\":2,\"name\":\"Weihnachtsfeier als Dank an das Fahrerteam\"}]},{\"@type\":\"WebSite\",\"@id\":\"https:\\\/\\\/buergerbus-steinfurt.de\\\/#website\",\"url\":\"https:\\\/\\\/buergerbus-steinfurt.de\\\/\",\"name\":\"B\u00dcRGERBUS STEINFURT\",\"description\":\"\",\"publisher\":{\"@id\":\"https:\\\/\\\/buergerbus-steinfurt.de\\\/#organization\"},\"potentialAction\":[{\"@type\":\"SearchAction\",\"target\":{\"@type\":\"EntryPoint\",\"urlTemplate\":\"https:\\\/\\\/buergerbus-steinfurt.de\\\/?s={search_term_string}\"},\"query-input\":{\"@type\":\"PropertyValueSpecification\",\"valueRequired\":true,\"valueName\":\"search_term_string\"}}],\"inLanguage\":\"de\"},{\"@type\":\"Organization\",\"@id\":\"https:\\\/\\\/buergerbus-steinfurt.de\\\/#organization\",\"name\":\"B\u00fcrgerbus Steinfurt e.V.\",\"url\":\"https:\\\/\\\/buergerbus-steinfurt.de\\\/\",\"logo\":{\"@type\":\"ImageObject\",\"inLanguage\":\"de\",\"@id\":\"https:\\\/\\\/buergerbus-steinfurt.de\\\/#\\\/schema\\\/logo\\\/image\\\/\",\"url\":\"https:\\\/\\\/buergerbus-steinfurt.de\\\/wp-content\\\/uploads\\\/2022\\\/08\\\/2bb-steinfurt-logo-neu.png\",\"contentUrl\":\"https:\\\/\\\/buergerbus-steinfurt.de\\\/wp-content\\\/uploads\\\/2022\\\/08\\\/2bb-steinfurt-logo-neu.png\",\"width\":293,\"height\":75,\"caption\":\"B\u00fcrgerbus Steinfurt e.V.\"},\"image\":{\"@id\":\"https:\\\/\\\/buergerbus-steinfurt.de\\\/#\\\/schema\\\/logo\\\/image\\\/\"}},{\"@type\":\"Person\",\"@id\":\"https:\\\/\\\/buergerbus-steinfurt.de\\\/#\\\/schema\\\/person\\\/7a5e6cefb968ea22c7d0b994b389cdf4\",\"name\":\"fs-vonrudorff\",\"image\":{\"@type\":\"ImageObject\",\"inLanguage\":\"de\",\"@id\":\"https:\\\/\\\/secure.gravatar.com\\\/avatar\\\/fc5f65ec7dee558858b1258d3d162a8b5ed4ac47ebdeb7a0beea2138ece5cc5a?s=96&d=mm&r=g\",\"url\":\"https:\\\/\\\/secure.gravatar.com\\\/avatar\\\/fc5f65ec7dee558858b1258d3d162a8b5ed4ac47ebdeb7a0beea2138ece5cc5a?s=96&d=mm&r=g\",\"contentUrl\":\"https:\\\/\\\/secure.gravatar.com\\\/avatar\\\/fc5f65ec7dee558858b1258d3d162a8b5ed4ac47ebdeb7a0beea2138ece5cc5a?s=96&d=mm&r=g\",\"caption\":\"fs-vonrudorff\"},\"url\":\"https:\\\/\\\/buergerbus-steinfurt.de\\\/?author=1\"}]}<\/script>\n<!-- \/ Yoast SEO plugin. -->","yoast_head_json":{"title":"Weihnachtsfeier als Dank an das Fahrerteam - B\u00fcrgerbus Steinfurt %","robots":{"index":"index","follow":"follow","max-snippet":"max-snippet:-1","max-image-preview":"max-image-preview:large","max-video-preview":"max-video-preview:-1"},"canonical":"https:\/\/buergerbus-steinfurt.de\/?p=1286","og_locale":"de_DE","og_type":"article","og_title":"Weihnachtsfeier als Dank an das Fahrerteam - B\u00fcrgerbus Steinfurt %","og_description":"Auch in diesem Jahr dankte der Vorstand des Vereins B\u00fcrgerbus Steinfurt seinen Fahrerinnen und Fahrern im Rahmen einer kleinen Weihnachtsfeier in der Gastst\u00e4tte Hersping f\u00fcr den unerm\u00fcdlichen ehrenamtlichen Einsatz. Vorsitzender ...","og_url":"https:\/\/buergerbus-steinfurt.de\/?p=1286","og_site_name":"B\u00fcrgerbus Steinfurt","article_published_time":"2017-01-07T08:14:51+00:00","article_modified_time":"2017-03-07T08:19:29+00:00","og_image":[{"width":500,"height":375,"url":"https:\/\/buergerbus-steinfurt.de\/wp-content\/uploads\/2017\/03\/B\u00fcrgerbus2_16_gross.jpg","type":"image\/jpeg"}],"author":"fs-vonrudorff","twitter_card":"summary_large_image","twitter_misc":{"Verfasst von":"fs-vonrudorff","Gesch\u00e4tzte Lesezeit":"1\u00a0Minute"},"schema":{"@context":"https:\/\/schema.org","@graph":[{"@type":"Article","@id":"https:\/\/buergerbus-steinfurt.de\/?p=1286#article","isPartOf":{"@id":"https:\/\/buergerbus-steinfurt.de\/?p=1286"},"author":{"name":"fs-vonrudorff","@id":"https:\/\/buergerbus-steinfurt.de\/#\/schema\/person\/7a5e6cefb968ea22c7d0b994b389cdf4"},"headline":"Weihnachtsfeier als Dank an das Fahrerteam","datePublished":"2017-01-07T08:14:51+00:00","dateModified":"2017-03-07T08:19:29+00:00","mainEntityOfPage":{"@id":"https:\/\/buergerbus-steinfurt.de\/?p=1286"},"wordCount":120,"publisher":{"@id":"https:\/\/buergerbus-steinfurt.de\/#organization"},"image":{"@id":"https:\/\/buergerbus-steinfurt.de\/?p=1286#primaryimage"},"thumbnailUrl":"https:\/\/buergerbus-steinfurt.de\/wp-content\/uploads\/2017\/03\/B\u00fcrgerbus2_16_gross.jpg","articleSection":["Uncategorized"],"inLanguage":"de"},{"@type":"WebPage","@id":"https:\/\/buergerbus-steinfurt.de\/?p=1286","url":"https:\/\/buergerbus-steinfurt.de\/?p=1286","name":"Weihnachtsfeier als Dank an das Fahrerteam - B\u00fcrgerbus Steinfurt %","isPartOf":{"@id":"https:\/\/buergerbus-steinfurt.de\/#website"},"primaryImageOfPage":{"@id":"https:\/\/buergerbus-steinfurt.de\/?p=1286#primaryimage"},"image":{"@id":"https:\/\/buergerbus-steinfurt.de\/?p=1286#primaryimage"},"thumbnailUrl":"https:\/\/buergerbus-steinfurt.de\/wp-content\/uploads\/2017\/03\/B\u00fcrgerbus2_16_gross.jpg","datePublished":"2017-01-07T08:14:51+00:00","dateModified":"2017-03-07T08:19:29+00:00","breadcrumb":{"@id":"https:\/\/buergerbus-steinfurt.de\/?p=1286#breadcrumb"},"inLanguage":"de","potentialAction":[{"@type":"ReadAction","target":["https:\/\/buergerbus-steinfurt.de\/?p=1286"]}]},{"@type":"ImageObject","inLanguage":"de","@id":"https:\/\/buergerbus-steinfurt.de\/?p=1286#primaryimage","url":"https:\/\/buergerbus-steinfurt.de\/wp-content\/uploads\/2017\/03\/B\u00fcrgerbus2_16_gross.jpg","contentUrl":"https:\/\/buergerbus-steinfurt.de\/wp-content\/uploads\/2017\/03\/B\u00fcrgerbus2_16_gross.jpg","width":500,"height":375},{"@type":"BreadcrumbList","@id":"https:\/\/buergerbus-steinfurt.de\/?p=1286#breadcrumb","itemListElement":[{"@type":"ListItem","position":1,"name":"Startseite","item":"https:\/\/buergerbus-steinfurt.de\/"},{"@type":"ListItem","position":2,"name":"Weihnachtsfeier als Dank an das Fahrerteam"}]},{"@type":"WebSite","@id":"https:\/\/buergerbus-steinfurt.de\/#website","url":"https:\/\/buergerbus-steinfurt.de\/","name":"B\u00dcRGERBUS STEINFURT","description":"","publisher":{"@id":"https:\/\/buergerbus-steinfurt.de\/#organization"},"potentialAction":[{"@type":"SearchAction","target":{"@type":"EntryPoint","urlTemplate":"https:\/\/buergerbus-steinfurt.de\/?s={search_term_string}"},"query-input":{"@type":"PropertyValueSpecification","valueRequired":true,"valueName":"search_term_string"}}],"inLanguage":"de"},{"@type":"Organization","@id":"https:\/\/buergerbus-steinfurt.de\/#organization","name":"B\u00fcrgerbus Steinfurt e.V.","url":"https:\/\/buergerbus-steinfurt.de\/","logo":{"@type":"ImageObject","inLanguage":"de","@id":"https:\/\/buergerbus-steinfurt.de\/#\/schema\/logo\/image\/","url":"https:\/\/buergerbus-steinfurt.de\/wp-content\/uploads\/2022\/08\/2bb-steinfurt-logo-neu.png","contentUrl":"https:\/\/buergerbus-steinfurt.de\/wp-content\/uploads\/2022\/08\/2bb-steinfurt-logo-neu.png","width":293,"height":75,"caption":"B\u00fcrgerbus Steinfurt e.V."},"image":{"@id":"https:\/\/buergerbus-steinfurt.de\/#\/schema\/logo\/image\/"}},{"@type":"Person","@id":"https:\/\/buergerbus-steinfurt.de\/#\/schema\/person\/7a5e6cefb968ea22c7d0b994b389cdf4","name":"fs-vonrudorff","image":{"@type":"ImageObject","inLanguage":"de","@id":"https:\/\/secure.gravatar.com\/avatar\/fc5f65ec7dee558858b1258d3d162a8b5ed4ac47ebdeb7a0beea2138ece5cc5a?s=96&d=mm&r=g","url":"https:\/\/secure.gravatar.com\/avatar\/fc5f65ec7dee558858b1258d3d162a8b5ed4ac47ebdeb7a0beea2138ece5cc5a?s=96&d=mm&r=g","contentUrl":"https:\/\/secure.gravatar.com\/avatar\/fc5f65ec7dee558858b1258d3d162a8b5ed4ac47ebdeb7a0beea2138ece5cc5a?s=96&d=mm&r=g","caption":"fs-vonrudorff"},"url":"https:\/\/buergerbus-steinfurt.de\/?author=1"}]}},"_links":{"self":[{"href":"https:\/\/buergerbus-steinfurt.de\/index.php?rest_route=\/wp\/v2\/posts\/1286","targetHints":{"allow":["GET"]}}],"collection":[{"href":"https:\/\/buergerbus-steinfurt.de\/index.php?rest_route=\/wp\/v2\/posts"}],"about":[{"href":"https:\/\/buergerbus-steinfurt.de\/index.php?rest_route=\/wp\/v2\/types\/post"}],"author":[{"embeddable":true,"href":"https:\/\/buergerbus-steinfurt.de\/index.php?rest_route=\/wp\/v2\/users\/1"}],"replies":[{"embeddable":true,"href":"https:\/\/buergerbus-steinfurt.de\/index.php?rest_route=%2Fwp%2Fv2%2Fcomments&post=1286"}],"version-history":[{"count":2,"href":"https:\/\/buergerbus-steinfurt.de\/index.php?rest_route=\/wp\/v2\/posts\/1286\/revisions"}],"predecessor-version":[{"id":1295,"href":"https:\/\/buergerbus-steinfurt.de\/index.php?rest_route=\/wp\/v2\/posts\/1286\/revisions\/1295"}],"wp:featuredmedia":[{"embeddable":true,"href":"https:\/\/buergerbus-steinfurt.de\/index.php?rest_route=\/wp\/v2\/media\/1292"}],"wp:attachment":[{"href":"https:\/\/buergerbus-steinfurt.de\/index.php?rest_route=%2Fwp%2Fv2%2Fmedia&parent=1286"}],"wp:term":[{"taxonomy":"category","embeddable":true,"href":"https:\/\/buergerbus-steinfurt.de\/index.php?rest_route=%2Fwp%2Fv2%2Fcategories&post=1286"},{"taxonomy":"post_tag","embeddable":true,"href":"https:\/\/buergerbus-steinfurt.de\/index.php?rest_route=%2Fwp%2Fv2%2Ftags&post=1286"}],"curies":[{"name":"wp","href":"https:\/\/api.w.org\/{rel}","templated":true}]}}